{"id":751,"date":"2014-05-22T16:31:45","date_gmt":"2014-05-22T14:31:45","guid":{"rendered":"http:\/\/bandits-mages.antrepeaux.net\/site2015\/?p=751"},"modified":"2015-01-05T16:38:30","modified_gmt":"2015-01-05T15:38:30","slug":"la-caravane-cinema-independant","status":"publish","type":"post","link":"https:\/\/bandits-mages.antrepeaux.net\/es\/blog\/2014\/05\/22\/la-caravane-cinema-independant\/","title":{"rendered":"La caravane, cin\u00e9ma ind\u00e9pendant"},"content":{"rendered":"<h3>Trois jours de projections en pr\u00e9sence des r\u00e9alisateurs, au cin\u00e9ma de la MCB\u00b0 et \u00e0 la Friche l&#8217;Antre-Peaux.<\/h3>\n<p>Le programme complet :\u00a0<a href=\"http:\/\/bandits-mages.antrepeaux.net\/site2015\/wp-content\/uploads\/2014\/05\/Programme-de-la-Caravane.pdf\">Programme de la Caravane<\/a>.<\/p>\n<p><strong>Une proposition de Caroline Delaporte, cin\u00e9aste et praticienne active au sein de Bandits-Mages. <\/strong><\/p>\n<p><i>A quoi engage le cin\u00e9ma ?\u00a0<\/i><\/p>\n<p><i>Il engage autant celui qui regarde que celui qui fabrique : regarder des films ensemble, c\u2019est comme en faire.<br \/>\nSi l\u2019on demande o\u00f9 r\u00e9side la teneur politique d\u2019un film, nous dirons :<br \/>\nElle r\u00e9side dans la mani\u00e8re d\u2019agencer les images ou les plans, de choisir tel ou tel angle de vue,<br \/>\nde composer des rythmes, de construire des dur\u00e9es.<br \/>\nElle r\u00e9side aussi, dans la fa\u00e7on dont il a \u00e9t\u00e9 rendu possible mat\u00e9riellement.<br \/>\n(o\u00f9 ont \u00e9t\u00e9 pris les moyens de le r\u00e9aliser? Combien de temps on s\u2019est donn\u00e9 pour le faire? )<br \/>\nEnfin, elle r\u00e9side dans la mani\u00e8re dont notre sensibilit\u00e9 est travaill\u00e9e, modifi\u00e9e, reconstruite.<br \/>\nLe caract\u00e8re \u00e9minemment mall\u00e9able, plastique, de la sensibilit\u00e9 constitue en soi un enjeu politique.<\/i><\/p>\n<p>6YEUX2BOUCHES Impro vocale et po\u00e9tique\/Vjing de Caroline Beuret, Annette Zingle, Jean-Marie Nicolas<\/p>\n<div id=\"video\"><iframe src=\"\/\/player.vimeo.com\/video\/94338156\" width=\"640\" height=\"480\"  title=\"*6yeux2bouches\" webkitallowfullscreen mozallowfullscreen allowfullscreen><\/iframe><\/div>\n","protected":false},"excerpt":{"rendered":"<p>Trois jours de projections en pr\u00e9sence des r\u00e9alisateurs, au cin\u00e9ma de la MCB\u00b0 et \u00e0 la Friche l&#8217;Antre-Peaux. Le programme complet :\u00a0Programme de la Caravane. Une proposition de Caroline Delaporte, cin\u00e9aste et praticienne active au sein de Bandits-Mages. A quoi engage le cin\u00e9ma ?\u00a0 Il engage autant celui qui regarde que celui qui fabrique :&hellip;<\/p>\n","protected":false},"author":1,"featured_media":753,"comment_status":"closed","ping_status":"closed","sticky":false,"template":"","format":"standard","meta":[],"categories":[40],"tags":[],"_links":{"self":[{"href":"https:\/\/bandits-mages.antrepeaux.net\/es\/wp-json\/wp\/v2\/posts\/751"}],"collection":[{"href":"https:\/\/bandits-mages.antrepeaux.net\/es\/wp-json\/wp\/v2\/posts"}],"about":[{"href":"https:\/\/bandits-mages.antrepeaux.net\/es\/wp-json\/wp\/v2\/types\/post"}],"author":[{"embeddable":true,"href":"https:\/\/bandits-mages.antrepeaux.net\/es\/wp-json\/wp\/v2\/users\/1"}],"replies":[{"embeddable":true,"href":"https:\/\/bandits-mages.antrepeaux.net\/es\/wp-json\/wp\/v2\/comments?post=751"}],"version-history":[{"count":3,"href":"https:\/\/bandits-mages.antrepeaux.net\/es\/wp-json\/wp\/v2\/posts\/751\/revisions"}],"predecessor-version":[{"id":756,"href":"https:\/\/bandits-mages.antrepeaux.net\/es\/wp-json\/wp\/v2\/posts\/751\/revisions\/756"}],"wp:featuredmedia":[{"embeddable":true,"href":"https:\/\/bandits-mages.antrepeaux.net\/es\/wp-json\/wp\/v2\/media\/753"}],"wp:attachment":[{"href":"https:\/\/bandits-mages.antrepeaux.net\/es\/wp-json\/wp\/v2\/media?parent=751"}],"wp:term":[{"taxonomy":"category","embeddable":true,"href":"https:\/\/bandits-mages.antrepeaux.net\/es\/wp-json\/wp\/v2\/categories?post=751"},{"taxonomy":"post_tag","embeddable":true,"href":"https:\/\/bandits-mages.antrepeaux.net\/es\/wp-json\/wp\/v2\/tags?post=751"}],"curies":[{"name":"wp","href":"https:\/\/api.w.org\/{rel}","templated":true}]}}