{"id":687,"date":"2010-05-26T14:01:54","date_gmt":"2010-05-26T12:01:54","guid":{"rendered":"http:\/\/bandits-mages.antrepeaux.net\/site2015\/?p=687"},"modified":"2015-01-05T14:03:37","modified_gmt":"2015-01-05T13:03:37","slug":"workshop-reseau-de-veille-n2","status":"publish","type":"post","link":"https:\/\/bandits-mages.antrepeaux.net\/es\/blog\/2010\/05\/26\/workshop-reseau-de-veille-n2\/","title":{"rendered":"#Workshop r\u00e9seau de veille n\u00b02"},"content":{"rendered":"<div class=\"AppliStyle4 editoArticle\">\n<h3>Invitation &#8211; Plateforme des Arts M\u00e9diatiques<\/h3>\n<p>Bandits-Mages cr\u00e9e en 2010 une Plateforme des Arts M\u00e9diatiques afin d&#8217;accueillir des projets <i>in progress<\/i>, des rencontres et des ateliers, et donner lieu \u00e0 une continuit\u00e9 des exp\u00e9riences dans leur diversit\u00e9.<\/p>\n<p>La Plateforme des Arts M\u00e9diatiques est un espace de cr\u00e9ation et d&#8217;exp\u00e9rimentation int\u00e9grant des disposiifs de r\u00e9alisation et de diffusion et ayant pour objets l&#8217;exploration des nouveaux m\u00e9dia et leur utilisation comme \u00ablivre ouvert sur la soci\u00e9t\u00e9\u00bb.<\/p>\n<\/div>\n<div class=\"AppliStyle4 editoArticle\"><\/div>\n<div class=\"AppliStyle4 editoArticle\">\n<h3>Workshop R\u00e9seaux de Veille propos\u00e9 par B\u00e9atrice Rettig<\/h3>\n<p>Le workshop R\u00e9seaux de Veille se d\u00e9cline en plusieurs volets : une premi\u00e8re session qui s&#8217;est d\u00e9roul\u00e9 du 3 au 5 mars dernier et la deuxi\u00e8me qui se tiendra du 26 au 28 mai.<br \/>\nLe premier workshop organis\u00e9 \u00e0 l&#8217;ouverture de la Plateforme des Arts M\u00e9diatiques \u00e0 Bandits-Mages proposait une approche des pratiques r\u00e9centes des technologies des r\u00e9seaux et la cr\u00e9ation de groupes de recherche th\u00e9matiques.<br \/>\nLe deuxi\u00e8me workshop donnera lieu \u00e0 la cr\u00e9ation d&#8217;une plateforme de veille et d&#8217;intervention participative autour des implications sociales, politiques et \u00e9conomiques des technologies et dans les domaines des arts et m\u00e9dia, des pratiques culturelles et de l&#8217;innovation technologique, en abordant une diversit\u00e9 de pratiques de r\u00e9alisation du num\u00e9rique.<br \/>\nCes trois journ\u00e9es seront consacr\u00e9es tant \u00e0 l&#8217;\u00e9laboration d&#8217;une d\u00e9marche de r\u00e9alisation participative, qu&#8217;\u00e0 l&#8217;approche des pratiques r\u00e9centes des r\u00e9seaux \u00e9lectroniques et des logiciels en explorant les syst\u00e8mes de publication partag\u00e9s, les outils de veille et de syndication, les r\u00e9seaux sociaux, l&#8217;archive num\u00e9rique et les bases de donn\u00e9es.<\/p>\n<h3>Programme Bandits-Mages associ\u00e9 au workshop R\u00e9seaux de Veille n\u00b02 : R\u00e9seaux ou groupes?<\/h3>\n<p>Programme propos\u00e9 par H\u00e9l\u00e8ne Glodt<br \/>\nLe workshop R\u00e9seaux de Veille offre l&#8217;opportunit\u00e9 de lancer un premier programme de recherche \u00e0 partir de la Plateforme des Arts M\u00e9diatiques. \u00c0 l&#8217;image d&#8217;initiatives men\u00e9es dans d&#8217;autres structures, ce programme m\u00eale recherche artistique (workshop et\/ou performance) et recherche en sciences humaines.<br \/>\nLe sujet portant sur les environnements de travail collectif, virtuels et collaboratifs, dans ce workshop, nous allons nous interroger sur ce qui diff\u00e9rencie un r\u00e9seau d&#8217;un groupe, et appr\u00e9hender certains impacts psychosociaux des usages des nouvelles technologies.<\/p>\n<p><b>Responsables du workshop :<\/b> B\u00e9atrice Rettig<br \/>\n<b>Responsable de la Plateforme des Arts M\u00e9diatiques :<\/b> Isabelle Carlier<\/p>\n<p><b>Dates :<\/b> Du 26 au 28 mai 2010<br \/>\n<b>Lieu :<\/b> Bandits-Mages, Friche culturelle de l&#8217;Antre-peaux, 24 Route de la Chapelle, 18000 Bourges<\/p>\n<p><b>Inscriptions \/ Participation :<\/b><br \/>\nLe workshop est ouvert aux \u00e9tudiants en art en particulier en r\u00e9gion Centre, et aux artistes, chercheurs et praticiens dans les domaines concern\u00e9s ainsi qu&#8217;\u00e0 tout public.<\/p>\n<p><b>Le nombre de place est limit\u00e9 \u00e0 20 personnes.<\/b><\/p>\n<p>Pour plus d&#8217;autonomie durant le workshop, les participants poss\u00e9dant un ordinateur sont invit\u00e9s \u00e0 l&#8217;apporter avec eux.<\/p>\n<p><b>Date limite d&#8217;inscription : 20 mai 2010<\/b><\/p>\n<\/div>\n<p>&nbsp;<\/p>\n","protected":false},"excerpt":{"rendered":"<p>Invitation &#8211; Plateforme des Arts M\u00e9diatiques Bandits-Mages cr\u00e9e en 2010 une Plateforme des Arts M\u00e9diatiques afin d&#8217;accueillir des projets in progress, des rencontres et des ateliers, et donner lieu \u00e0 une continuit\u00e9 des exp\u00e9riences dans leur diversit\u00e9. La Plateforme des Arts M\u00e9diatiques est un espace de cr\u00e9ation et d&#8217;exp\u00e9rimentation int\u00e9grant des disposiifs de r\u00e9alisation et&hellip;<\/p>\n","protected":false},"author":1,"featured_media":689,"comment_status":"closed","ping_status":"closed","sticky":false,"template":"","format":"standard","meta":[],"categories":[40],"tags":[45],"_links":{"self":[{"href":"https:\/\/bandits-mages.antrepeaux.net\/es\/wp-json\/wp\/v2\/posts\/687"}],"collection":[{"href":"https:\/\/bandits-mages.antrepeaux.net\/es\/wp-json\/wp\/v2\/posts"}],"about":[{"href":"https:\/\/bandits-mages.antrepeaux.net\/es\/wp-json\/wp\/v2\/types\/post"}],"author":[{"embeddable":true,"href":"https:\/\/bandits-mages.antrepeaux.net\/es\/wp-json\/wp\/v2\/users\/1"}],"replies":[{"embeddable":true,"href":"https:\/\/bandits-mages.antrepeaux.net\/es\/wp-json\/wp\/v2\/comments?post=687"}],"version-history":[{"count":2,"href":"https:\/\/bandits-mages.antrepeaux.net\/es\/wp-json\/wp\/v2\/posts\/687\/revisions"}],"predecessor-version":[{"id":690,"href":"https:\/\/bandits-mages.antrepeaux.net\/es\/wp-json\/wp\/v2\/posts\/687\/revisions\/690"}],"wp:featuredmedia":[{"embeddable":true,"href":"https:\/\/bandits-mages.antrepeaux.net\/es\/wp-json\/wp\/v2\/media\/689"}],"wp:attachment":[{"href":"https:\/\/bandits-mages.antrepeaux.net\/es\/wp-json\/wp\/v2\/media?parent=687"}],"wp:term":[{"taxonomy":"category","embeddable":true,"href":"https:\/\/bandits-mages.antrepeaux.net\/es\/wp-json\/wp\/v2\/categories?post=687"},{"taxonomy":"post_tag","embeddable":true,"href":"https:\/\/bandits-mages.antrepeaux.net\/es\/wp-json\/wp\/v2\/tags?post=687"}],"curies":[{"name":"wp","href":"https:\/\/api.w.org\/{rel}","templated":true}]}}