{"id":681,"date":"2010-03-05T14:00:39","date_gmt":"2010-03-05T13:00:39","guid":{"rendered":"http:\/\/bandits-mages.antrepeaux.net\/site2015\/?p=681"},"modified":"2015-01-05T14:07:17","modified_gmt":"2015-01-05T13:07:17","slug":"fiona-lindron","status":"publish","type":"post","link":"https:\/\/bandits-mages.antrepeaux.net\/es\/blog\/2010\/03\/05\/fiona-lindron\/","title":{"rendered":"Fiona Lindron"},"content":{"rendered":"<h3>R\u00e9sidence de production<\/h3>\n<hr \/>\n<h3><img loading=\"lazy\" class=\"aligncenter size-full wp-image-683\" src=\"http:\/\/bandits-mages.antrepeaux.net\/site2015\/wp-content\/uploads\/2015\/01\/hibernaweb.jpg\" alt=\"hibernaweb\" width=\"400\" height=\"235\" srcset=\"https:\/\/bandits-mages.antrepeaux.net\/wp-content\/uploads\/2015\/01\/hibernaweb.jpg 400w, https:\/\/bandits-mages.antrepeaux.net\/wp-content\/uploads\/2015\/01\/hibernaweb-300x176.jpg 300w, https:\/\/bandits-mages.antrepeaux.net\/wp-content\/uploads\/2015\/01\/hibernaweb-150x88.jpg 150w\" sizes=\"(max-width: 400px) 100vw, 400px\" \/><\/h3>\n<p><i>Hiberna<\/i>, s\u00e9quence vid\u00e9o venant s\u2019inscrire dans l\u2019installation vid\u00e9o \u00ab avant la catastrophe, apr\u00e8s la catastrophe \u00bb est en cours de tournage en co-production avec Bandits-Mages. L\u2019artiste Fiona Lindron soutenue \u00e0 plusieurs reprises par Bandits-Mages ( <i>Vera<\/i>, r\u00e9sidence 2007, <i>520 days<\/i>, soutien \u00e0 la production) vient de recevoir le <b>prix jeune talent du conseil G\u00e9n\u00e9ral de C\u00f4te d\u2019Or 2010<\/b>.<\/p>\n<p><i>\u00ab Avant la catastrophe apr\u00e8s la catastrophe \u00bb a vu le jour au retour de mon voyage sur un thonier dans l\u2019ocean indien, il est n\u00e9 de cet isolement qui a dur\u00e9 deux mois, entour\u00e9e du cercle bleu et de l\u2019\u00e9quipage.<br \/>\nAvant la catastrophe apres la catastrophe d\u2019une vie (intime, individu) et d\u2019un monde (collectif dystopie\/utopie humaine naturel).<br \/>\nChercher ce qui reste, l\u2019usure du temps. La transformation, la crise. Le rite de passage et le passage a l\u2019acte.<br \/>\nCe projet consiste \u00e0 filmer dans le temps plusieurs s\u00e9quences avec des personnages seuls ou en groupe dans des sites industriels ou militaires abandonn\u00e9s et des grands espaces, for\u00eat champs \u00e0 perte de vue, mais \u00e9galement dans des lieux intimes, une chambre, un salon, un jardin\u2026<br \/>\nLe surnaturel et le fantastique ne sont pas loin.<\/i> F.L.<\/p>\n<p><a href=\"http:\/\/bandits-mages.antrepeaux.net\/site2015\/wp-content\/uploads\/2015\/01\/P1020567web.jpg\"><img loading=\"lazy\" class=\"aligncenter size-full wp-image-685\" src=\"http:\/\/bandits-mages.antrepeaux.net\/site2015\/wp-content\/uploads\/2015\/01\/P1020567web.jpg\" alt=\"P1020567web\" width=\"350\" height=\"262\" srcset=\"https:\/\/bandits-mages.antrepeaux.net\/wp-content\/uploads\/2015\/01\/P1020567web.jpg 350w, https:\/\/bandits-mages.antrepeaux.net\/wp-content\/uploads\/2015\/01\/P1020567web-300x225.jpg 300w, https:\/\/bandits-mages.antrepeaux.net\/wp-content\/uploads\/2015\/01\/P1020567web-150x112.jpg 150w\" sizes=\"(max-width: 350px) 100vw, 350px\" \/><\/a><\/p>\n<hr \/>\n<p>&nbsp;<\/p>\n<p><a href=\"http:\/\/fiona-lindron.blogspot.com\/\" target=\"_blank\">http:\/\/fiona-lindron.blogspot.com<\/a><\/p>\n<p>Fiona Lindron vit et travaille \u00e0 Dijon, elle obtient son DNSEP \u00e0 l\u2019ENSA Dijon en 2006.<\/p>\n<p>Son travail a \u00e9t\u00e9 montr\u00e9 :<br \/>\n&#8211; au <b>Wharf Centre d\u2019art contemporain Basse Normandie<\/b>, 2007 H\u00e9rouville St Clair<br \/>\n&#8211; au <b>Festival Bandits-Mages<\/b> Bourges 2007 et 2009(France)<br \/>\n&#8211; \u00e0 <b>Opticafestival<\/b>, 2007 Gijon Madrid (Espagne)<br \/>\n&#8211; Buenos Aires (Argentine)<br \/>\n&#8211; \u00e0 la <b>Nuit Blanche<\/b> 2007 Paris<br \/>\n&#8211; au <b>One Minute Festival<\/b>, 2007 Araau (Suisse)<br \/>\n&#8211; aux <b>Rencontres Internationales Paris Berlin Madrid<\/b>, 2008\/2009<br \/>\n&#8211; au <b>Festival C\u00f4t\u00e9 Court<\/b> Pantin, 2009<br \/>\n&#8211; au <b>Centre d\u2019art de l\u2019Yonne th\u00eaatre d\u2019Auxerre<\/b>, 2010.<\/p>\n","protected":false},"excerpt":{"rendered":"<p>R\u00e9sidence de production Hiberna, s\u00e9quence vid\u00e9o venant s\u2019inscrire dans l\u2019installation vid\u00e9o \u00ab avant la catastrophe, apr\u00e8s la catastrophe \u00bb est en cours de tournage en co-production avec Bandits-Mages. L\u2019artiste Fiona Lindron soutenue \u00e0 plusieurs reprises par Bandits-Mages ( Vera, r\u00e9sidence 2007, 520 days, soutien \u00e0 la production) vient de recevoir le prix jeune talent du&hellip;<\/p>\n","protected":false},"author":1,"featured_media":682,"comment_status":"closed","ping_status":"closed","sticky":false,"template":"","format":"standard","meta":[],"categories":[40],"tags":[],"_links":{"self":[{"href":"https:\/\/bandits-mages.antrepeaux.net\/es\/wp-json\/wp\/v2\/posts\/681"}],"collection":[{"href":"https:\/\/bandits-mages.antrepeaux.net\/es\/wp-json\/wp\/v2\/posts"}],"about":[{"href":"https:\/\/bandits-mages.antrepeaux.net\/es\/wp-json\/wp\/v2\/types\/post"}],"author":[{"embeddable":true,"href":"https:\/\/bandits-mages.antrepeaux.net\/es\/wp-json\/wp\/v2\/users\/1"}],"replies":[{"embeddable":true,"href":"https:\/\/bandits-mages.antrepeaux.net\/es\/wp-json\/wp\/v2\/comments?post=681"}],"version-history":[{"count":2,"href":"https:\/\/bandits-mages.antrepeaux.net\/es\/wp-json\/wp\/v2\/posts\/681\/revisions"}],"predecessor-version":[{"id":686,"href":"https:\/\/bandits-mages.antrepeaux.net\/es\/wp-json\/wp\/v2\/posts\/681\/revisions\/686"}],"wp:featuredmedia":[{"embeddable":true,"href":"https:\/\/bandits-mages.antrepeaux.net\/es\/wp-json\/wp\/v2\/media\/682"}],"wp:attachment":[{"href":"https:\/\/bandits-mages.antrepeaux.net\/es\/wp-json\/wp\/v2\/media?parent=681"}],"wp:term":[{"taxonomy":"category","embeddable":true,"href":"https:\/\/bandits-mages.antrepeaux.net\/es\/wp-json\/wp\/v2\/categories?post=681"},{"taxonomy":"post_tag","embeddable":true,"href":"https:\/\/bandits-mages.antrepeaux.net\/es\/wp-json\/wp\/v2\/tags?post=681"}],"curies":[{"name":"wp","href":"https:\/\/api.w.org\/{rel}","templated":true}]}}