{"id":576,"date":"2014-11-05T11:12:35","date_gmt":"2014-11-05T10:12:35","guid":{"rendered":"http:\/\/bandits-mages.antrepeaux.net\/site2015\/?p=576"},"modified":"2015-01-26T15:02:16","modified_gmt":"2015-01-26T14:02:16","slug":"dossier-de-presse-des-rencontres-2014","status":"publish","type":"post","link":"https:\/\/bandits-mages.antrepeaux.net\/es\/blog\/2014\/11\/05\/dossier-de-presse-des-rencontres-2014\/","title":{"rendered":"Dossier de Presse des rencontres 2014"},"content":{"rendered":"<p>T\u00e9l\u00e9charger le catalogue des\u00a0<a href=\"http:\/\/bandits-mages.antrepeaux.net\/site2015\/wp-content\/uploads\/2015\/01\/Rencontres2014-DP-v2.pdf\">Rencontres 2014<\/a>.<\/p>\n<blockquote class=\"p2 quote-claire\"><p>La programmation annuelle de Bandits-Mages propose d\u2019aborder des th\u00e9matiques contemporaines et historiques, tout en mettant en place les conditions n\u00e9cessaires aux diff\u00e9rentes fa\u00e7ons de montrer les images (et d\u2019entendre les sons) aujourd\u2019hui : s\u00e9ances de cin\u00e9ma, analyses filmiques, installations multim\u00e9dias, plateaux vid\u00e9os ou encore performances sonores et visuelles. Pendant huit jours, les Rencontres Bandits-Mages sont le point focal de cette programmation venant prolonger et enrichir nos regards.<\/p><\/blockquote>\n<p class=\"p3\">Les Rencontres invitent les artistes, les \u00e9tudiants, les visiteurs venus d\u2019un peu partout, autant que les habitants berruyers \u00e0 entrer dans des mondes qui leurs sont proches et \u00e9trangers.<\/p>\n<blockquote>\n<p class=\"p4\">L\u2019articulation entre des probl\u00e9matiques artistiques et des politiques partag\u00e9es par les artistes et les cin\u00e9astes invit\u00e9s ouvre un espace \u00e0 explorer dans tout ce qu\u2019il offre d\u2019esth\u00e9tiques diff\u00e9rentes mais aussi de sens commun. Elle nourrit une volont\u00e9 de relier tout ce qui compose un univers global et complexe.<\/p>\n<\/blockquote>\n<p>&nbsp;<\/p>\n<p>&nbsp;<\/p>\n<p>&nbsp;<\/p>\n<p>&nbsp;<\/p>\n","protected":false},"excerpt":{"rendered":"<p>T\u00e9l\u00e9charger le catalogue des\u00a0Rencontres 2014. La programmation annuelle de Bandits-Mages propose d\u2019aborder des th\u00e9matiques contemporaines et historiques, tout en mettant en place les conditions n\u00e9cessaires aux diff\u00e9rentes fa\u00e7ons de montrer les images (et d\u2019entendre les sons) aujourd\u2019hui : s\u00e9ances de cin\u00e9ma, analyses filmiques, installations multim\u00e9dias, plateaux vid\u00e9os ou encore performances sonores et visuelles. Pendant huit&hellip;<\/p>\n","protected":false},"author":1,"featured_media":844,"comment_status":"closed","ping_status":"closed","sticky":false,"template":"","format":"standard","meta":[],"categories":[43],"tags":[],"_links":{"self":[{"href":"https:\/\/bandits-mages.antrepeaux.net\/es\/wp-json\/wp\/v2\/posts\/576"}],"collection":[{"href":"https:\/\/bandits-mages.antrepeaux.net\/es\/wp-json\/wp\/v2\/posts"}],"about":[{"href":"https:\/\/bandits-mages.antrepeaux.net\/es\/wp-json\/wp\/v2\/types\/post"}],"author":[{"embeddable":true,"href":"https:\/\/bandits-mages.antrepeaux.net\/es\/wp-json\/wp\/v2\/users\/1"}],"replies":[{"embeddable":true,"href":"https:\/\/bandits-mages.antrepeaux.net\/es\/wp-json\/wp\/v2\/comments?post=576"}],"version-history":[{"count":12,"href":"https:\/\/bandits-mages.antrepeaux.net\/es\/wp-json\/wp\/v2\/posts\/576\/revisions"}],"predecessor-version":[{"id":850,"href":"https:\/\/bandits-mages.antrepeaux.net\/es\/wp-json\/wp\/v2\/posts\/576\/revisions\/850"}],"wp:featuredmedia":[{"embeddable":true,"href":"https:\/\/bandits-mages.antrepeaux.net\/es\/wp-json\/wp\/v2\/media\/844"}],"wp:attachment":[{"href":"https:\/\/bandits-mages.antrepeaux.net\/es\/wp-json\/wp\/v2\/media?parent=576"}],"wp:term":[{"taxonomy":"category","embeddable":true,"href":"https:\/\/bandits-mages.antrepeaux.net\/es\/wp-json\/wp\/v2\/categories?post=576"},{"taxonomy":"post_tag","embeddable":true,"href":"https:\/\/bandits-mages.antrepeaux.net\/es\/wp-json\/wp\/v2\/tags?post=576"}],"curies":[{"name":"wp","href":"https:\/\/api.w.org\/{rel}","templated":true}]}}