{"id":4227,"date":"2018-10-15T15:58:58","date_gmt":"2018-10-15T13:58:58","guid":{"rendered":"http:\/\/bandits-mages.antrepeaux.net\/?p=4227"},"modified":"2018-10-23T19:52:36","modified_gmt":"2018-10-23T17:52:36","slug":"emmetrop-organise-un-cine-concert-zero-cloverfield-en-partenariat-avec-bandits-mages-le-vendredi-30-novembre-2018","status":"publish","type":"post","link":"https:\/\/bandits-mages.antrepeaux.net\/es\/blog\/2018\/10\/15\/emmetrop-organise-un-cine-concert-zero-cloverfield-en-partenariat-avec-bandits-mages-le-vendredi-30-novembre-2018\/","title":{"rendered":"Ondas Salvajes, Futurotop\u00edas Feministas: \/\/ r\u2206\u2206dio c\u2206\u2206rgo \/ Bandits-Mages 12 &#8211; 16 Noviembre 2018 BOURGES"},"content":{"rendered":"[vc_row][vc_column][vc_column_text]\n<p><span style=\"font-size: 12pt;\">En el contexto de <strong>Rencontres BANDITS-MAGES<\/strong> te invita a participar en un Taller sobre escritura especulativa de tecnolog\u00edas feministas y narrativa sonora colectiva propuesto por r<strong>\u2206\u2206dio c\u2206\u2206rgo<\/strong> y <strong>Spideralex<\/strong> del <strong>12 al 16 de noviembre de 2018 en Bourges.\u00a0<\/strong><\/span><\/p>\n<p style=\"text-align: justify;\">Taller de escritura especulativa de tecnolog\u00edas feministas y narrativas sonoras colectivas propuesto por r\u2206\u2206dio c\u2206\u2206rgo y Spideralex<\/p>\n<p style=\"text-align: justify;\">Un taller para repensar y subvertir nuestras relaciones con las t\u00e9cnicas y las tecnolog\u00edas , para desdibujar los g\u00e9neros, dinamitar los c\u00f3digos y ensamblar nuevos mundos y futuros deseables.<\/p>\n<p style=\"text-align: justify;\">\u00bfCu\u00e1les son nuestras imaginaciones acerca de las t\u00e9cnicas y tecnolog\u00edas feministas, apropiadas, ancestrales, soberanas, aut\u00f3nomas, liberadoras, anticapitalistas?<\/p>\n<p style=\"text-align: justify;\">\u00bfC\u00f3moser\u00edan?\u00bfDequ\u00e9estar\u00edanhechas?\u00bfCu\u00e1lesser\u00edansusfunciones?<\/p>\n<p style=\"text-align: justify;\">\u00bfQui\u00e9n las construir\u00eda, las mantendr\u00eda, las reciclar\u00eda? \u00bfEn qu\u00e9 ecosistemas tendr\u00edansentido?<\/p>\n<p style=\"text-align: justify;\">A lo largo de 4 d\u00edas, nuestro lugar de encuentro se transformar\u00e1 en un transbordador donde no estaremos sujetas ni a las leyes de la f\u00edsica, ni del tiempo y espacio. Juntas inventaremos f\u00e1bulas y narraciones especulativas que se dedicaran tan pronto las hayamos formulado en cambien el mundo. En la encrucijada de la ciencia ficci\u00f3n feminista, el ciberfeminismo y el ecofeminismo, experimentaremos con metodolog\u00edas y formatos diversos para crear historias que nos permitan recuperar el control de las t\u00e9cnicas y tecnolog\u00edas que queremos difundir y ver florecer.<\/p>\n<p style=\"text-align: justify;\">Paralelamente al desarrollo de estas narrativas, trataremos de inventar formas de contarlas a trav\u00e9s de materiales sonoros, verbales y no verbales, que desarrollaremos durante la semana. Nos basaremos en ejercicios diarios para \u201csintonizarnos\u201d en grupo (relajaci\u00f3n, calentamiento del sistema respiratorio y vocal, juegos de escucha en grupo&#8230;) y poder alimentar imaginaciones en com\u00fan. Este taller es una experiencia colectiva para invocar la magia de las palabras y los sonidos para que los imaginarios que dibujemos puedan cambiar nuestra memoria colectiva, presente yfutura.<\/p>\n<p style=\"text-align: justify;\">La restituci\u00f3n del taller consistir\u00e1 en una invocaci\u00f3n de las tecnolog\u00edas inventadas, un ensue\u00f1o de radio ciborg. Una radio dise\u00f1ada como tecnolog\u00eda feminista que transmite hacia el mundo para producir un ensue\u00f1o cibern\u00e9tico a trav\u00e9s del streaming. Compuesto por narraciones creadas durante la semana, retransmitidas o interpretadas en directo, este programa de radio funcionar\u00e1 como una colecci\u00f3n de cuentos y poemas, un grimorio con invocaciones liberadoras, un manual para un uso \u00ablibidinoso\u00bb de lastecnolog\u00edas.<\/p>\n[\/vc_column_text][\/vc_column][\/vc_row][vc_row][vc_column][vc_tta_accordion][vc_tta_section title=\u00bb\u00bfPara qui\u00e9n?\u00bb tab_id=\u00bb1528355137025-15a9cb76-4e48&#8243;][vc_row_inner][vc_column_inner][vc_column_text]\n<ul>\n<li>Para todas aquellas que practican el feminismo y quieren repensar las tecnolog\u00edas y nuestra relaci\u00f3n con elmundo.<\/li>\n<li>Taller participativo, divertido y experimental. Es muy recomendable que vengas con ganas de compartir, propagar tus sue\u00f1os, experimentar en colaboraci\u00f3n&#8230;<\/li>\n<li><strong>Ingredientes necesarios<\/strong>: imaginaci\u00f3n, ensue\u00f1o, sorpresa, cuestionamiento, radicalidad, humor, anticapitalismo + antipatriarcalismo, enfoque hol\u00edstico.<\/li>\n<li><strong>Materiales:<\/strong> Si tienes libros, im\u00e1genes, discos, audio, instrumentos musicales, sintetizadores u objetos que inspiren tus sue\u00f1os y fabulaciones ut\u00f3picas, por favor tr\u00e1elos contigo.<\/li>\n<\/ul>\n[\/vc_column_text][\/vc_column_inner][\/vc_row_inner][\/vc_tta_section][vc_tta_section title=\u00bb\u00bfC\u00f3mo? \u00bfC\u00f3mo?\u00bb tab_id=\u00bb1528355137063-10dce8f5-a235&#8243;][vc_column_text]\n<ul>\n<li>Durante el taller intentaremos utilizar \u00fanicamente herramientas libres y\/o feministas para la comunicaci\u00f3n\/colaboraci\u00f3n entre nosotras, as\u00ed como para la difusi\u00f3n de las producciones desarrolladas (audios, im\u00e1genes, escritos,etc.).Todas las producciones se lanzar\u00e1n bajo una licencia Creative Commons que reconocer\u00e1 todas las autoras y contribuciones, solicitar\u00e1 compartir bajo la misma licencia, excluir\u00e1 usos comerciales y permitir\u00e1 trabajos derivados.<\/li>\n<\/ul>\n<p>La \u00a0licencia sugerida :<a href=\"https:\/\/creativecommons.org\/licenses\/by-nc-sa\/4.0\/deed.fr\">https:\/\/creativecommons.org\/licenses\/by-nc-sa\/4.0\/deed.fr<\/a><\/p>\n[\/vc_column_text][\/vc_tta_section][\/vc_tta_accordion][\/vc_column][\/vc_row][vc_row][vc_column][vc_column_text]\n<p><strong>\u00bfPrecio?\u00a0<\/strong> <strong>25 \u20ac<\/strong><\/p>\n<p><strong>M\u00e1s informaci\u00f3n:<\/strong> Contacto:\u00a0 <strong>Olivia Earle<\/strong> : production@bandits-mages.com \/\/ L\u00ednea directa <span style=\"font-size: 10pt;\">: +<strong>33 9 81 85 74 49<\/strong><\/span><\/p>\n[\/vc_column_text][\/vc_column][\/vc_row][vc_row][vc_column][vc_single_image image=\u00bb4166&#8243; img_size=\u00bbmedium\u00ab\u00bb][\/vc_column][\/vc_row]","protected":false},"excerpt":{"rendered":"<p>En el contexto de Rencontres BANDITS-MAGES te invita a participar en un Taller sobre escritura especulativa de tecnolog\u00edas feministas y narrativa sonora colectiva propuesto por r\u2206\u2206dio c\u2206\u2206rgo y Spideralex del 12 al 16 de noviembre de 2018 en Bourges.\u00a0<\/p>\n","protected":false},"author":1,"featured_media":4229,"comment_status":"closed","ping_status":"closed","sticky":false,"template":"","format":"video","meta":[],"categories":[43],"tags":[],"_links":{"self":[{"href":"https:\/\/bandits-mages.antrepeaux.net\/es\/wp-json\/wp\/v2\/posts\/4227"}],"collection":[{"href":"https:\/\/bandits-mages.antrepeaux.net\/es\/wp-json\/wp\/v2\/posts"}],"about":[{"href":"https:\/\/bandits-mages.antrepeaux.net\/es\/wp-json\/wp\/v2\/types\/post"}],"author":[{"embeddable":true,"href":"https:\/\/bandits-mages.antrepeaux.net\/es\/wp-json\/wp\/v2\/users\/1"}],"replies":[{"embeddable":true,"href":"https:\/\/bandits-mages.antrepeaux.net\/es\/wp-json\/wp\/v2\/comments?post=4227"}],"version-history":[{"count":7,"href":"https:\/\/bandits-mages.antrepeaux.net\/es\/wp-json\/wp\/v2\/posts\/4227\/revisions"}],"predecessor-version":[{"id":4234,"href":"https:\/\/bandits-mages.antrepeaux.net\/es\/wp-json\/wp\/v2\/posts\/4227\/revisions\/4234"}],"wp:featuredmedia":[{"embeddable":true,"href":"https:\/\/bandits-mages.antrepeaux.net\/es\/wp-json\/wp\/v2\/media\/4229"}],"wp:attachment":[{"href":"https:\/\/bandits-mages.antrepeaux.net\/es\/wp-json\/wp\/v2\/media?parent=4227"}],"wp:term":[{"taxonomy":"category","embeddable":true,"href":"https:\/\/bandits-mages.antrepeaux.net\/es\/wp-json\/wp\/v2\/categories?post=4227"},{"taxonomy":"post_tag","embeddable":true,"href":"https:\/\/bandits-mages.antrepeaux.net\/es\/wp-json\/wp\/v2\/tags?post=4227"}],"curies":[{"name":"wp","href":"https:\/\/api.w.org\/{rel}","templated":true}]}}