{"id":4111,"date":"2018-09-18T16:07:50","date_gmt":"2018-09-18T14:07:50","guid":{"rendered":"http:\/\/bandits-mages.antrepeaux.net\/?p=4111"},"modified":"2018-10-02T15:59:56","modified_gmt":"2018-10-02T13:59:56","slug":"casting-pour-le-film-the-sirens-dream-dalekansdra-niemzyck","status":"publish","type":"post","link":"https:\/\/bandits-mages.antrepeaux.net\/es\/blog\/2018\/09\/18\/casting-pour-le-film-the-sirens-dream-dalekansdra-niemzyck\/","title":{"rendered":"CASTING POUR LE FILM THE SIREN\u2019S DREAM d\u2019Aleksandra Niemczyk"},"content":{"rendered":"<p class=\"qtranxs-available-languages-message qtranxs-available-languages-message-es\">Disculpa, pero esta entrada est\u00e1 disponible s\u00f3lo en <a href=\"https:\/\/bandits-mages.antrepeaux.net\/fr\/wp-json\/wp\/v2\/posts\/4111\" class=\"qtranxs-available-language-link qtranxs-available-language-link-fr\" title=\"FR\">Franc\u00e9s<\/a>. For the sake of viewer convenience, the content is shown below in the alternative language. You may click the link to switch the active language.<\/p><p><strong><span style=\"font-size: 12pt;\">Acteurs\/actrices, non-acteur\/non-actrices, performeurs\/performeuses, danseurs\/danseuses, etc., vous \u00eates tous les bienvenus !<\/span><\/strong><\/p>\n<p><span style=\"font-size: 12pt;\">Dans le cadre du prochain film d\u2019<strong>Aleksandra Niemczyk<\/strong>, <strong>The Siren\u2019s Dream<\/strong>, BANDITS-MAGES vous propose de participer au Casting qui se d\u00e9roulera le <strong>6 Octobre de 9h30 \u00e0 17h30.<\/strong><\/span><\/p>\n<p><span style=\"font-size: 12pt;\">Nous sommes \u00e0 la recherche de plusieurs personnes pour incarner les r\u00f4les principaux et de figuration suivants :<\/span><\/p>\n<p><strong>R\u00f4les \u201cf\u00e9minins\u201d<\/strong><br \/>\n2 danseuses (jeune adulte)<br \/>\n1 danseuse (figure maternelle)<\/p>\n<p><strong>R\u00f4les \u201cmasculin\u201d <\/strong><br \/>\n1 docteur (figure paternelle)<\/p>\n<p><strong>Figurant.e.s <\/strong><br \/>\n3 ou 4 gardes<br \/>\n5 ou 6 monstres<br \/>\nun enfant entre 1 et 2 ans<\/p>\n<p>Pas d\u2019exp\u00e9rience n\u00e9cessaire mais des vid\u00e9os, d\u00e9mos, cv ou autres \u00e9l\u00e9ments seraient un plus !<\/p>\n<p>Date du casting : samedi 6 octobre (9h30 &#8211; 17h30)<br \/>\nDates du tournage : 22 octobre &#8211; 1 novembre<br \/>\nAdresse : 24, route de la chapelle, 18000 Bourges<\/p>\n<p>Pour plus d\u2019informations contactez Olivia et Delphine : <a href=\"mailto:the.sirens.dream17@gmail.com\">the.sirens.dream17@gmail.com <\/a><\/p>\n<p>Plus de d\u00e9tails sur le film <a href=\"http:\/\/bandits-mages.antrepeaux.net\/blog\/2018\/06\/25\/emapemare-the-sirens-dream-par-aleksandra-niemczyk-en-residence-a-bandits-mages\/\" target=\"_blank\" rel=\"noopener\">ici<\/a><\/p>","protected":false},"excerpt":{"rendered":"<p class=\"qtranxs-available-languages-message qtranxs-available-languages-message-es\">Disculpa, pero esta entrada est\u00e1 disponible s\u00f3lo en <a href=\"https:\/\/bandits-mages.antrepeaux.net\/fr\/wp-json\/wp\/v2\/posts\/4111\" class=\"qtranxs-available-language-link qtranxs-available-language-link-fr\" title=\"FR\">Franc\u00e9s<\/a>. For the sake of viewer convenience, the content is shown below in the alternative language. You may click the link to switch the active language.<\/p>\n<p>Acteurs\/actrices, non-acteur\/non-actrices, performeurs\/performeuses, danseurs\/danseuses, etc., vous \u00eates tous les bienvenus !<br \/>\nDans le cadre du prochain film d\u2019Alekansdra Niemzyck, The Siren\u2019s Dream, BANDITS-MAGES vous propose de participer au Casting qui se d\u00e9roulera le 6 Octobre de 9h30 \u00e0 17h30.<\/p>\n","protected":false},"author":1,"featured_media":4112,"comment_status":"closed","ping_status":"closed","sticky":false,"template":"","format":"standard","meta":[],"categories":[47],"tags":[],"_links":{"self":[{"href":"https:\/\/bandits-mages.antrepeaux.net\/es\/wp-json\/wp\/v2\/posts\/4111"}],"collection":[{"href":"https:\/\/bandits-mages.antrepeaux.net\/es\/wp-json\/wp\/v2\/posts"}],"about":[{"href":"https:\/\/bandits-mages.antrepeaux.net\/es\/wp-json\/wp\/v2\/types\/post"}],"author":[{"embeddable":true,"href":"https:\/\/bandits-mages.antrepeaux.net\/es\/wp-json\/wp\/v2\/users\/1"}],"replies":[{"embeddable":true,"href":"https:\/\/bandits-mages.antrepeaux.net\/es\/wp-json\/wp\/v2\/comments?post=4111"}],"version-history":[{"count":4,"href":"https:\/\/bandits-mages.antrepeaux.net\/es\/wp-json\/wp\/v2\/posts\/4111\/revisions"}],"predecessor-version":[{"id":4190,"href":"https:\/\/bandits-mages.antrepeaux.net\/es\/wp-json\/wp\/v2\/posts\/4111\/revisions\/4190"}],"wp:featuredmedia":[{"embeddable":true,"href":"https:\/\/bandits-mages.antrepeaux.net\/es\/wp-json\/wp\/v2\/media\/4112"}],"wp:attachment":[{"href":"https:\/\/bandits-mages.antrepeaux.net\/es\/wp-json\/wp\/v2\/media?parent=4111"}],"wp:term":[{"taxonomy":"category","embeddable":true,"href":"https:\/\/bandits-mages.antrepeaux.net\/es\/wp-json\/wp\/v2\/categories?post=4111"},{"taxonomy":"post_tag","embeddable":true,"href":"https:\/\/bandits-mages.antrepeaux.net\/es\/wp-json\/wp\/v2\/tags?post=4111"}],"curies":[{"name":"wp","href":"https:\/\/api.w.org\/{rel}","templated":true}]}}