{"id":4052,"date":"2018-08-02T16:00:53","date_gmt":"2018-08-02T14:00:53","guid":{"rendered":"http:\/\/bandits-mages.antrepeaux.net\/?p=4052"},"modified":"2018-09-14T14:54:15","modified_gmt":"2018-09-14T12:54:15","slug":"organiser-le-chaos-bandits-mages-veronique-hubert-en-residence-a-bourges","status":"publish","type":"post","link":"https:\/\/bandits-mages.antrepeaux.net\/es\/blog\/2018\/08\/02\/organiser-le-chaos-bandits-mages-veronique-hubert-en-residence-a-bourges\/","title":{"rendered":"\u00ab ORGANISER LE CHAOS #&#8230;: BANDITS-MAGES \u00bb \u2026  \/\/ V\u00e9ronique HUBERT en R\u00e9sidence \u00e0 Bourges"},"content":{"rendered":"<p class=\"qtranxs-available-languages-message qtranxs-available-languages-message-es\">Disculpa, pero esta entrada est\u00e1 disponible s\u00f3lo en <a href=\"https:\/\/bandits-mages.antrepeaux.net\/fr\/wp-json\/wp\/v2\/posts\/4052\" class=\"qtranxs-available-language-link qtranxs-available-language-link-fr\" title=\"FR\">Franc\u00e9s<\/a>. For the sake of viewer convenience, the content is shown below in the alternative language. You may click the link to switch the active language.<\/p>[vc_row][vc_column][vc_column_text]\n<p><span style=\"font-size: 12pt;\"><span style=\"font-weight: 400;\"><strong>BANDITS-MAGES<\/strong> re\u00e7oit en r\u00e9sidence, du <strong>2 au 13 juillet<\/strong>, <strong>V\u00e9ronique HUBERT<\/strong>, artiste qui manipule les sources sonores et visuelles comme des objets plastiques, mati\u00e8res \u00e0 des r\u00e9cits engag\u00e9s dans des installations, des performances, <\/span><span style=\"font-weight: 400;\">ou des soir\u00e9es v-jing.<\/span><span style=\"font-weight: 400;\">\u00a0<\/span><\/span><span style=\"font-weight: 400;\"><br \/>\n<\/span><span style=\"font-weight: 400;\"><br \/>\n<\/span><span style=\"font-weight: 400;\">La r\u00e9sidence de <strong>V\u00e9ronique Hubert<\/strong> porte sur la poursuite d\u2019un montage d&#8217;archives de Bandits-Mages commenc\u00e9 depuis l&#8217;\u00e9t\u00e9 dernier. D\u00e9couvrir de nouvelles archives afin de cr\u00e9er des modules d\u00e9clin\u00e9s en \u00ab <strong>ORGANISER LE CHAOS #&#8230;: BANDITS-MAGES<\/strong> \u00bb et articul\u00e9s, gr\u00e2ce aux archives d&#8217;EMMETROP, autour de l&#8217;essence de la Friche l&#8217;Antre-Peaux, de ses deux associations g\u00e9n\u00e9reuses et incontournables : le sens des images, le corps, l&#8217;engagement, \u00eatre passeur(e), les techniques, l&#8217;histoire, le partage, la production\u2026 Il s&#8217;agit plus d&#8217;un essai-portrait sous forme de multiples constructions vid\u00e9os que d&#8217;un catalogue d&#8217;\u00e9pisodes courts. Cela demande du temps de consultation, d&#8217;\u00e9coute, de digestion et de re-construction pour lier les extraits d&#8217;archives entre eux, tout en y int\u00e9grant des mati\u00e8res import\u00e9es.\u00a0<\/span><span style=\"font-weight: 400;\"><br \/>\n<\/span><span style=\"font-weight: 400;\"><br \/>\n<\/span><span style=\"font-weight: 400;\">Un r\u00e9cit en train de se faire, un passage entre deux temps, un pass\u00e9 et un futur.\u00a0<\/span><\/p>\n<p>&nbsp;<\/p>\n[\/vc_column_text][\/vc_column][\/vc_row][vc_row][vc_column][vc_column_text]\n<p>Pour plus d&#8217;infos contactez <strong>Olivia EARLE<\/strong> au <strong>+33 (0)2 48 50 42 47<\/strong><\/p>\n[\/vc_column_text][\/vc_column][\/vc_row]","protected":false},"excerpt":{"rendered":"<p class=\"qtranxs-available-languages-message qtranxs-available-languages-message-es\">Disculpa, pero esta entrada est\u00e1 disponible s\u00f3lo en <a href=\"https:\/\/bandits-mages.antrepeaux.net\/fr\/wp-json\/wp\/v2\/posts\/4052\" class=\"qtranxs-available-language-link qtranxs-available-language-link-fr\" title=\"FR\">Franc\u00e9s<\/a>. For the sake of viewer convenience, the content is shown below in the alternative language. You may click the link to switch the active language.<\/p>\n<p>BANDITS-MAGES re\u00e7oit en r\u00e9sidence, du 2 au 13 juillet, V\u00e9ronique HUBERT, artiste qui manipule les sources sonores et visuelles comme des objets plastiques, mati\u00e8res \u00e0 des r\u00e9cits engag\u00e9s dans des installations, des performances, ou des soir\u00e9es v-jing.\u00a0<\/p>\n","protected":false},"author":1,"featured_media":4049,"comment_status":"closed","ping_status":"closed","sticky":false,"template":"","format":"standard","meta":[],"categories":[206],"tags":[],"_links":{"self":[{"href":"https:\/\/bandits-mages.antrepeaux.net\/es\/wp-json\/wp\/v2\/posts\/4052"}],"collection":[{"href":"https:\/\/bandits-mages.antrepeaux.net\/es\/wp-json\/wp\/v2\/posts"}],"about":[{"href":"https:\/\/bandits-mages.antrepeaux.net\/es\/wp-json\/wp\/v2\/types\/post"}],"author":[{"embeddable":true,"href":"https:\/\/bandits-mages.antrepeaux.net\/es\/wp-json\/wp\/v2\/users\/1"}],"replies":[{"embeddable":true,"href":"https:\/\/bandits-mages.antrepeaux.net\/es\/wp-json\/wp\/v2\/comments?post=4052"}],"version-history":[{"count":3,"href":"https:\/\/bandits-mages.antrepeaux.net\/es\/wp-json\/wp\/v2\/posts\/4052\/revisions"}],"predecessor-version":[{"id":4065,"href":"https:\/\/bandits-mages.antrepeaux.net\/es\/wp-json\/wp\/v2\/posts\/4052\/revisions\/4065"}],"wp:featuredmedia":[{"embeddable":true,"href":"https:\/\/bandits-mages.antrepeaux.net\/es\/wp-json\/wp\/v2\/media\/4049"}],"wp:attachment":[{"href":"https:\/\/bandits-mages.antrepeaux.net\/es\/wp-json\/wp\/v2\/media?parent=4052"}],"wp:term":[{"taxonomy":"category","embeddable":true,"href":"https:\/\/bandits-mages.antrepeaux.net\/es\/wp-json\/wp\/v2\/categories?post=4052"},{"taxonomy":"post_tag","embeddable":true,"href":"https:\/\/bandits-mages.antrepeaux.net\/es\/wp-json\/wp\/v2\/tags?post=4052"}],"curies":[{"name":"wp","href":"https:\/\/api.w.org\/{rel}","templated":true}]}}