{"id":3941,"date":"2018-06-20T13:41:41","date_gmt":"2018-06-20T11:41:41","guid":{"rendered":"http:\/\/bandits-mages.antrepeaux.net\/?p=3941"},"modified":"2018-07-03T19:20:54","modified_gmt":"2018-07-03T17:20:54","slug":"exposition-de-loeuvre-de-pierre-coulibeuf-du-6-juillet-au-7-octobre-au-palais-jacques-coeur-a-bourges","status":"publish","type":"post","link":"https:\/\/bandits-mages.antrepeaux.net\/es\/blog\/2018\/06\/20\/exposition-de-loeuvre-de-pierre-coulibeuf-du-6-juillet-au-7-octobre-au-palais-jacques-coeur-a-bourges\/","title":{"rendered":"Exposition de l\u2019\u0153uvre de Pierre Coulibeuf du 6 juillet au 7 octobre au palais jacques C\u0153ur \u00e0 Bourges"},"content":{"rendered":"<p class=\"qtranxs-available-languages-message qtranxs-available-languages-message-es\">Disculpa, pero esta entrada est\u00e1 disponible s\u00f3lo en <a href=\"https:\/\/bandits-mages.antrepeaux.net\/fr\/wp-json\/wp\/v2\/posts\/3941\" class=\"qtranxs-available-language-link qtranxs-available-language-link-fr\" title=\"FR\">Franc\u00e9s<\/a>. For the sake of viewer convenience, the content is shown below in the alternative language. You may click the link to switch the active language.<\/p>[vc_row][vc_column width=\u00bb1\/2&#8243;][vc_column_text]\n<p style=\"text-align: justify;\"><span style=\"font-size: 12pt;\"><strong>Bandits-Mages<\/strong> est partenaire de l\u2019exposition de l\u2019\u0153uvre de <strong>Pierre Coulibeuf<\/strong> qui se d\u00e9roule du <strong>6 juillet au 7 octobre au palais jacques C\u0153ur \u00e0 Bourges<\/strong><\/span><\/p>\n<p style=\"text-align: justify;\">L\u2019\u0153uvre de Pierre Coulibeuf est caract\u00e9ris\u00e9e par un int\u00e9r\u00eat particulier pour le lieu \u2014 lieu de tournage pour ses films, lieu d\u2019exposition pour ses installations.<\/p>\n<p style=\"text-align: justify;\">Dans le processus de cr\u00e9ation de Pierre Coulibeuf, le film a toujours pour origine un lieu r\u00e9el, une architecture. Dans la conception de ses installations, le lieu d\u2019exposition est pris en compte, au point de faire partie int\u00e9grante de l\u2019\u0153uvre, \u00e0 l\u2019instar d\u2019une \u0153uvre d\u2019art public. De ce fait, l\u2019\u0153uvre \u00abinstallation \u00bb est toujours en devenir, le contexte d\u2019exposition modifiant \u00e0 chaque fois le dispositif \u2014 et donc la perception de l\u2019\u0153uvre par le regardeur.<\/p>\n[\/vc_column_text][\/vc_column][vc_column width=\u00bb1\/2&#8243;][vc_single_image image=\u00bb3944&#8243; img_size=\u00bbfull\u00bb][\/vc_column][\/vc_row][vc_row][vc_column][vc_column_text]\n<p><span style=\"font-size: 12pt;\"><strong>L\u2019exposition FICTION est \u00e0 ce titre une v\u00e9ritable cr\u00e9ation qui vient troubler les certitudes, introduire du doute entre r\u00e9alit\u00e9 historique et fiction.<\/strong><\/span><\/p>\n[\/vc_column_text][\/vc_column][\/vc_row][vc_row][vc_column][vc_column_text]\n<p><span style=\"font-size: 12pt;\"><strong>Plusieurs \u00e9v\u00e9nements viennent prolonger l\u2019exposition :<\/strong><\/span><\/p>\n[\/vc_column_text][vc_column_text]\n<p style=\"text-align: justify;\">&#8211; une table ronde sur le rapport de l\u2019\u0153uvre au monument historique, organis\u00e9e par l\u2019association Bandits-Mages et \u00c9cole nationale sup\u00e9rieure d\u2019art de Bourges, au palais Jacques C\u0153ur,<span class=\"apple-converted-space\">\u00a0<\/span><strong>le 3 octobre 2018 (17h) ;<\/strong><\/p>\n<p style=\"text-align: justify;\">&#8211;\u00a0la projection en 35mm du court m\u00e9trage<span class=\"apple-converted-space\">\u00a0<\/span><em>Pavillon noir<\/em>, suivie du long m\u00e9trage<span class=\"apple-converted-space\">\u00a0<\/span><em>L\u2019Homme noir<\/em>, au Cin\u00e9ma de la MCB\u00b0\u00a0 &#8211; Maison de la Culture de Bourges (restaur\u00e9 et num\u00e9ris\u00e9 avec le concours du CNC),<span class=\"apple-converted-space\">\u00a0<\/span><strong>le 3 octobre 2018 (21h).<\/strong><\/p>\n<p style=\"text-align: justify;\">Toujours en r\u00e9gion Centre-Val de Loire, l&#8217;exposition FICTION aura une r\u00e9sonance au<span class=\"apple-converted-space\">\u00a0<\/span><strong>Centre d&#8217;art contemporain Les Tanneries, \u00e0 Amilly<\/strong>, sous la forme de projections-installations d&#8217;\u0153uvres de l\u2019artiste dans le parc de sculptures, lors de quatre soir\u00e9es :<span class=\"apple-converted-space\">\u00a0<\/span><strong>7 et 21 juillet, 11 et 25 ao\u00fbt 2018 (\u00e0 la tomb\u00e9e de la nuit)<\/strong>.<\/p>\n<p style=\"text-align: justify;\"><em>Ce projet produit par le Centre des monuments nationaux et L\u2019Ecole nationale sup\u00e9rieure d\u2019art de Bourges, en association avec Regards Productions, a re\u00e7u le soutien de la R\u00e9gion Centre-Val de Loire, du Conseil D\u00e9partemental du Cher et de la Ville de Bourges, et des acteurs culturels suivants : association Bandits-Mages, MCB &#8211; Maison de la culture de Bourges,\u00a0 le Centre d\u2019art contemporain les Tanneries \u00e0 Amilly, l\u2019abbaye de Noirlac, le Centre national du cin\u00e9ma.<\/em><\/p>\n[\/vc_column_text][vc_row_inner][vc_column_inner][\/vc_column_inner][\/vc_row_inner][\/vc_column][\/vc_row][vc_row][vc_column][vc_btn title=\u00bbPlus d&#8217;info sur le site Palais Jacques Coeur\u00bb style=\u00bbflat\u00bb color=\u00bbblack\u00bb size=\u00bbsm\u00bb i_icon_fontawesome=\u00bbfa fa-file-pdf-o\u00bb add_icon=\u00bbtrue\u00bb link=\u00bburl:http%3A%2F%2Fwww.palais-jacques-coeur.fr%2FActualites%2FPierre-Coulibeuf-FICTION||target:%20_blank|\u00bb][\/vc_column][\/vc_row]","protected":false},"excerpt":{"rendered":"<p class=\"qtranxs-available-languages-message qtranxs-available-languages-message-es\">Disculpa, pero esta entrada est\u00e1 disponible s\u00f3lo en <a href=\"https:\/\/bandits-mages.antrepeaux.net\/fr\/wp-json\/wp\/v2\/posts\/3941\" class=\"qtranxs-available-language-link qtranxs-available-language-link-fr\" title=\"FR\">Franc\u00e9s<\/a> y <a href=\"https:\/\/bandits-mages.antrepeaux.net\/en\/wp-json\/wp\/v2\/posts\/3941\" class=\"qtranxs-available-language-link qtranxs-available-language-link-en\" title=\"EN\">Ingl\u00e9s Estadounidense<\/a>. For the sake of viewer convenience, the content is shown below in this site default language. You may click one of the links to switch the site language to another available language.<\/p>\n<p>Bandits-Mages est partenaire de l\u2019exposition de l\u2019\u0153uvre de Pierre Coulibeuf qui se d\u00e9roule du 6 juillet au 7 octobre au palais jacques C\u0153ur \u00e0 Bourges<\/p>\n<p>L\u2019\u0153uvre de Pierre Coulibeuf est caract\u00e9ris\u00e9e par un int\u00e9r\u00eat particulier pour le lieu \u2014 lieu de tournage pour ses films, lieu d\u2019exposition pour ses installations.<\/p>\n<p>Dans le processus de cr\u00e9ation de Pierre Coulibeuf, le film a toujours pour origine un lieu r\u00e9el, une architecture. Dans la conception de ses installations, le lieu d\u2019exposition est pris en compte, au point de faire partie int\u00e9grante de l\u2019\u0153uvre, \u00e0 l\u2019instar d\u2019une \u0153uvre d\u2019art public. De ce fait, l\u2019\u0153uvre \u00abinstallation \u00bb est toujours en devenir, le contexte d\u2019exposition modifiant \u00e0 chaque fois le dispositif \u2014 et donc la perception de l\u2019\u0153uvre par le regardeur.<\/p>\n","protected":false},"author":1,"featured_media":0,"comment_status":"closed","ping_status":"closed","sticky":false,"template":"","format":"standard","meta":[],"categories":[47,38],"tags":[],"_links":{"self":[{"href":"https:\/\/bandits-mages.antrepeaux.net\/es\/wp-json\/wp\/v2\/posts\/3941"}],"collection":[{"href":"https:\/\/bandits-mages.antrepeaux.net\/es\/wp-json\/wp\/v2\/posts"}],"about":[{"href":"https:\/\/bandits-mages.antrepeaux.net\/es\/wp-json\/wp\/v2\/types\/post"}],"author":[{"embeddable":true,"href":"https:\/\/bandits-mages.antrepeaux.net\/es\/wp-json\/wp\/v2\/users\/1"}],"replies":[{"embeddable":true,"href":"https:\/\/bandits-mages.antrepeaux.net\/es\/wp-json\/wp\/v2\/comments?post=3941"}],"version-history":[{"count":6,"href":"https:\/\/bandits-mages.antrepeaux.net\/es\/wp-json\/wp\/v2\/posts\/3941\/revisions"}],"predecessor-version":[{"id":3949,"href":"https:\/\/bandits-mages.antrepeaux.net\/es\/wp-json\/wp\/v2\/posts\/3941\/revisions\/3949"}],"wp:attachment":[{"href":"https:\/\/bandits-mages.antrepeaux.net\/es\/wp-json\/wp\/v2\/media?parent=3941"}],"wp:term":[{"taxonomy":"category","embeddable":true,"href":"https:\/\/bandits-mages.antrepeaux.net\/es\/wp-json\/wp\/v2\/categories?post=3941"},{"taxonomy":"post_tag","embeddable":true,"href":"https:\/\/bandits-mages.antrepeaux.net\/es\/wp-json\/wp\/v2\/tags?post=3941"}],"curies":[{"name":"wp","href":"https:\/\/api.w.org\/{rel}","templated":true}]}}