{"id":3761,"date":"2018-05-24T08:52:42","date_gmt":"2018-05-24T06:52:42","guid":{"rendered":"http:\/\/bandits-mages.antrepeaux.net\/?p=3761"},"modified":"2018-07-03T09:45:01","modified_gmt":"2018-07-03T07:45:01","slug":"transplant-ma-maladie-est-une-creation-artistique-2","status":"publish","type":"post","link":"https:\/\/bandits-mages.antrepeaux.net\/es\/blog\/2018\/05\/24\/transplant-ma-maladie-est-une-creation-artistique-2\/","title":{"rendered":"Trans*Plant : Ma maladie est une cr\u00e9ation artistique"},"content":{"rendered":"<p class=\"qtranxs-available-languages-message qtranxs-available-languages-message-es\">Disculpa, pero esta entrada est\u00e1 disponible s\u00f3lo en <a href=\"https:\/\/bandits-mages.antrepeaux.net\/fr\/wp-json\/wp\/v2\/posts\/3761\" class=\"qtranxs-available-language-link qtranxs-available-language-link-fr\" title=\"FR\">Franc\u00e9s<\/a>. For the sake of viewer convenience, the content is shown below in the alternative language. You may click the link to switch the active language.<\/p>[vc_row][vc_column width=\u00bb2\/3&#8243;][vc_column_text]\n<p style=\"text-align: justify;\"><strong><span style=\"font-size: medium;\">Bandits-Mages <\/span><\/strong><span style=\"font-size: medium;\">en coproduction avec <em><strong>Emmetrop<\/strong><\/em><\/span><strong><span style=\"font-size: medium;\">\u00a0<\/span><\/strong><span style=\"font-size: medium;\">vous propose de participer du <\/span><strong style=\"font-size: 12pt;\">22 au 30 juin 2018<\/strong><span style=\"font-size: medium;\"> \u00e0 <\/span><strong style=\"font-size: 12pt;\"><em>Trans*Plant : Ma maladie est une cr\u00e9ation artistique<\/em><\/strong><span style=\"font-size: medium;\">, un atelier en trois parties qui combine des aspects pratiques sur les techniques de WetLab*, une approche du cadre bio-m\u00e9dical \u00e0 travers l\u2019\u00e9tude d\u2019un cas concret, ainsi qu\u2019une r\u00e9flexion sur la mani\u00e8re dont la mise en contact entre art et science g\u00e9n\u00e8re de nouvelles perspectives de travail sur les th\u00e8mes bio-m\u00e9dicaux.<\/span><\/p>\n<p style=\"text-align: justify;\"><span style=\"font-size: 12pt;\">Cet atelier est bas\u00e9 sur le travail d\u00e9velopp\u00e9 tout au long de l\u2019ann\u00e9e 2017 \u00e0 Barcelone par le groupe <strong>Quimera Rosa\u00a0<\/strong>dans le cadre du laboratoire Prototyp_ome form\u00e9 par le centre de production et recherche artistique Hangar, le Parc de Recherche Biom\u00e9dicale de Barcelone, DIYBio BCN et le collectif transhackf\u00e9ministe Pechblenda.<\/span><\/p>\n[\/vc_column_text][\/vc_column][vc_column width=\u00bb1\/3&#8243;][vc_single_image image=\u00bb3766&#8243; img_size=\u00bbfull\u00bb onclick=\u00bbzoom\u00bb]<a href=\"http:\/\/bandits-mages.antrepeaux.net\/wp-content\/uploads\/2018\/06\/trans_plant_OKcorr_web-22.pdf\" class=\"symple-button normal red   \" target=\"_blank\" title=\"T\u00e9l\u00e9charger le Flyer\"  rel=\"nofollow\"><span class=\"symple-button-inner\" ><span class=\"symple-button-icon-left fa fa-file-pdf-o\"><\/span>T\u00e9l\u00e9charger le Flyer<\/span><\/a>[\/vc_column][\/vc_row][vc_row][vc_column][vc_column_text]\n<p><span style=\"font-size: 12pt;\">Dates du \u00a0: \u00a0<strong>25 au 28 juin 2018<\/strong> de<strong> 18h30 \u00e0 22h30<\/strong> \/\/\u00a0le samedi <strong>30 juin<\/strong> de <strong>14h00 \u00e0 18h00<\/strong><\/span><\/p>\n<p><span style=\"font-size: 12pt;\">Aucune connaissance pr\u00e9alable n&#8217;est n\u00e9cessaire.<\/span><\/p>\n<p><span style=\"font-size: 12pt;\">L&#8217;atelier est limit\u00e9 \u00e0 <strong>12 places.<\/strong><\/span><\/p>\n<p><span style=\"font-size: 12pt;\">La participation \u00e0 l&#8217;atelier mat\u00e9riel inclus s&#8217;\u00e9l\u00e8ve \u00e0<strong> 75\u20ac (tarif normal)<\/strong> et <strong>50\u20ac pour les \u00e9tudiants, demandeurs d&#8217;emplois, adh\u00e9rents.<\/strong><\/span><\/p>\n[\/vc_column_text][\/vc_column][\/vc_row][vc_row][vc_column][vc_btn title=\u00bbInscription\u00bb style=\u00bbflat\u00bb color=\u00bbblack\u00bb link=\u00bburl:http%3A%2F%2Fbandits-mages.antrepeaux.net%2Ftransplant||target:%20_blank|\u00bb][\/vc_column][\/vc_row][vc_row][vc_column][vc_column_text]\n<p><span style=\"font-size: 12pt;\">L&#8217;atelier se structure autour de <strong>trois axes<\/strong> interconnect\u00e9s :<\/span><\/p>\n<p><strong><span style=\"font-size: 12pt;\">1 &#8211; Pratiques DIY\/DIWO BioLab :<\/span><\/strong><\/p>\n[\/vc_column_text][vc_column_text]\n<ul>\n<li class=\"Textbody\">Pr\u00e9sentation du lab et de ses outils<\/li>\n<li class=\"Textbody\">Adaptation des conditions d\u2019un laboratoire biom\u00e9dical \u00e0 celles d\u2019un biohacklab<\/li>\n<li class=\"Textbody\">Normes de s\u00e9curit\u00e9 et l\u00e9gales<\/li>\n<li class=\"Textbody\">Conditions de st\u00e9rilisation et de conservation des outils et produits utilis\u00e9s<\/li>\n<li class=\"Textbody\">Utilisation du microscope<\/li>\n<li class=\"Textbody\">Culture de cellules et organismes vivants (champignons \/ bact\u00e9ries)<\/li>\n<li class=\"Textbody\">Extraction de chlorophylle et possibles usages<\/li>\n<\/ul>\n[\/vc_column_text][vc_column_text]\n<p><strong><span style=\"font-size: 12pt;\">2 &#8211; \u00c9tude d\u2019un cas concret : HPV (Virus du Papillome Humain) \/ PDT (Th\u00e9rapie Photo Dynamique)<\/span><\/strong><\/p>\n[\/vc_column_text][vc_column_text]\n<ul style=\"list-style-type: circle;\">\n<li>Pr\u00e9sentation de la PDT et du HPV<\/li>\n<li>Recherche et obtention de <i>papers<\/i>(articles acad\u00e9miques)<\/li>\n<li>Choix d\u2019un protocole d\u2019exp\u00e9rimentation<\/li>\n<li>Connexion avec d\u2019autres disciplines scientifiques comme la physique\u00a0: notions pour travailler avec la lumi\u00e8re (spectre \u00e9lectro-magn\u00e9tique, longueur d\u2019onde, fr\u00e9quence, intensit\u00e9\u2026)<\/li>\n<li>Voyage \u00e0 travers le miroir bio-m\u00e9dical\u00a0: devenir Oncomouse\u00ae.<\/li>\n<\/ul>\n[\/vc_column_text][vc_column_text]\n<p><span style=\"font-size: 12pt;\"><strong>3 &#8211; Auto-exp\u00e9rimentation et performativit\u00e9 comme m\u00e9thodes de recherche<\/strong><\/span><\/p>\n[\/vc_column_text][vc_column_text]\n<ul>\n<li class=\"Textbody\">R\u00e9flexion collective sur les mani\u00e8res d\u2019\u00e9tablir une recherche transdisciplinaire art et science<\/li>\n<li class=\"Textbody\">Bref rappel historique g\u00e9olocalis\u00e9 sur la s\u00e9paration entre ces deux disciplines<\/li>\n<li class=\"Textbody\">Performativit\u00e9 de laboratoire (objectivit\u00e9, v\u00e9rit\u00e9\u2026)<\/li>\n<li class=\"Textbody\">Interd\u00e9pendance entre la biologie et les syst\u00e8mes (artistiques) de repr\u00e9sentation visuelles (dessin, photo, vid\u00e9o, 3D, mod\u00e9lisation\u2026) comme <i>syst\u00e8mes de v\u00e9rification\u00a0<\/i>(Foucault).<\/li>\n<li class=\"Textbody\">Outils de traduction (translation) \u00e0 mettre en place face \u00e0 des notions comme\u00a0: corps, vie, v\u00e9rit\u00e9, repr\u00e9sentation, maladie, sexualit\u00e9, individu, expert&#8230;<\/li>\n<\/ul>\n[\/vc_column_text][\/vc_column][\/vc_row][vc_row][vc_column][vc_column_text]\n<p><span style=\"font-size: 10pt;\"><strong>Vendredi 22 juin \u00e0 20h30 *<br \/>\n<\/strong><\/span><span style=\"font-size: 10pt;\">Pr\u00e9sentation publique de l\u2018atelier<br \/>\n<\/span><\/p>\n<div id=\"attachment_3812\" style=\"width: 343px\" class=\"wp-caption alignright\"><img aria-describedby=\"caption-attachment-3812\" loading=\"lazy\" class=\" wp-image-3812\" src=\"http:\/\/bandits-mages.antrepeaux.net\/wp-content\/uploads\/2018\/05\/BMleonardoremor_2-252x300.jpg\" alt=\"Leonardo Remor\" width=\"333\" height=\"396\" srcset=\"https:\/\/bandits-mages.antrepeaux.net\/wp-content\/uploads\/2018\/05\/BMleonardoremor_2-252x300.jpg 252w, https:\/\/bandits-mages.antrepeaux.net\/wp-content\/uploads\/2018\/05\/BMleonardoremor_2-768x915.jpg 768w, https:\/\/bandits-mages.antrepeaux.net\/wp-content\/uploads\/2018\/05\/BMleonardoremor_2-859x1024.jpg 859w, https:\/\/bandits-mages.antrepeaux.net\/wp-content\/uploads\/2018\/05\/BMleonardoremor_2-126x150.jpg 126w, https:\/\/bandits-mages.antrepeaux.net\/wp-content\/uploads\/2018\/05\/BMleonardoremor_2.jpg 950w\" sizes=\"(max-width: 333px) 100vw, 333px\" \/><p id=\"caption-attachment-3812\" class=\"wp-caption-text\"><span style=\"font-size: 8pt;\">Cr\u00e9dit photo : Leonardo Remor<\/span><\/p><\/div>\n<p style=\"text-align: justify;\">Nous inaugurerons la premi\u00e8re partie de la programmation audio-visuelle <i><strong>Ma maladie est une cr\u00e9ation artistique<\/strong>\u00a0<\/i>par une rencontre \u00e0 distance avec <strong>Dani d\u2019Emilia<\/strong> autour de sa performance <strong>U TE(A)R US<\/strong>.<\/p>\n<p class=\"Standard\">U TE(A)R US <strong>(1)<\/strong> \u2013 <em>Aujourd\u2019hui je suis libre<\/em> (Performance durationnelle, Br\u00e9sil)<\/p>\n<p class=\"Standard\" style=\"text-align: justify;\"><span class=\"StrongEmphasis\">Le 19 janvier 2017, je suis devenu un corps sans ut\u00e9rus. J&#8217;ai accouch\u00e9 de mon ut\u00e9rus en une action art-vie, rendant visible cette complexe sculpture socio-corporelle nourrie depuis 34 ans par des syst\u00e8mes biologiques et id\u00e9ologiques qui agissaient en moi.\u00a0Les 18 et 19 mars, deux mois apr\u00e8s la chirurgie, mon ut\u00e9rus et moi avons interagi de fa\u00e7on extra-corporelle au cours d\u2019une action durationnelle de 34 heures (une heure pour chaque ann\u00e9e pass\u00e9e ensemble). J\u2019ai pendant ce temps senti son poids, compos\u00e9 non seulement par sa mat\u00e9rialit\u00e9, mais aussi par les significations personnelles, les pressions sociales et les pouvoirs institutionnels qui op\u00e8rent sur cet organe.<\/span><\/p>\n<p class=\"Textbody\"><strong>(1)<\/strong> Le titre <strong>U TE(A)R US<\/strong> est un jeu de mots o\u00f9 le mot <em>ut\u00e9rus\u00a0<\/em>se confond avec l\u2019expression <em>vous nous d\u00e9chirez.<\/em><\/p>\n<p class=\"Textbody\" style=\"text-align: justify;\">Mes profonds remerciements \u00e0 tout.e.s les (trans)f\u00e9ministes dont les productions m&#8217;ont aid\u00e9 \u00e0 donner un sens \u00e0 ce processus, et \u00e0 mes ami.e.s et \u00e0 la famille \u00e9largie qui m&#8217;ont soutenu dans ce parcours. Ce travail n&#8217;aurait pas \u00e9t\u00e9 possible sans le soutien physique et \u00e9motionnel de ma m\u00e8re Meris Maria Slomp et le talent et la g\u00e9n\u00e9rosit\u00e9 de l&#8217;\u00e9quipe de la Dre Heleusa M\u00f4nego (Chirurgienne), Dre Razyane Aubert (Auxiliaire), Dr F\u00e1bio Petry ( Anesth\u00e9siste) et tout.e.s les fonctionnaires de l&#8217;H\u00f4pital des Cliniques de Porto Alegre qui m&#8217;ont aid\u00e9e dans l&#8217;extraction et la r\u00e9appropriation de mon ut\u00e9rus.<\/p>\n<p><a href=\"https:\/\/danidemilia.com\">Voir le site de Dani d&#8217; Emilia<\/a><\/p>\n<p><span style=\"font-size: 10pt;\"><strong>Vendredi 29 juin \u00a0&#8211; 14h00 20h30 *<br \/>\n<\/strong><\/span><span style=\"font-size: 10pt;\">Open Lab Trans*Plant<\/span><\/p>\n<p style=\"text-align: justify;\"><span style=\"font-size: 10pt;\"><strong>Samedi 30 Juin \u00a0&#8211; 18h30 *<\/strong><br \/>\n<\/span><span style=\"font-size: 10pt;\">Restitution publique de l\u2018atelier<br \/>\n<\/span><span style=\"font-size: 10pt;\">Nous terminons la programmation audiovisuelle <strong>Ma maladie\u00a0est une cr\u00e9ation artistique <\/strong>par la\u00a0<\/span>projections de vid\u00e9os du <strong>collectif Oncogrrrls<\/strong> et conversation \u00e0 distance avec <strong>Caro Novella<\/strong>.<\/p>\n<p style=\"text-align: justify;\">\u00ab Eve Kosofsky Sedgwick, po\u00e8te et auteure de \u00ab l\u2019\u00e9pist\u00e9mologie du placard \u00bb, l&#8217;un des textes de d\u00e9part de la th\u00e9orie queer dans les ann\u00e9es 90, a d\u00e9clar\u00e9 que son cancer \u00e9tait une exp\u00e9rience de d\u00e9construction incarn\u00e9e. L\u2019exp\u00e9rience personnelle de la maladie nous place sur le terrain o\u00f9, \u00e0 partir du biom\u00e9dical, les normes sociales et culturelles qui traversent nos corps sont configur\u00e9es. Les fronti\u00e8res des bin\u00f4mes sant\u00e9 \/ maladie, m\u00e9decin \/ patient, sujet \/ objet d&#8217;\u00e9tude (parmi tant d&#8217;autres !) deviennent visibles. Futur et pass\u00e9 se rencontrent dans un espace o\u00f9 le pr\u00e9sent devient plus dense. Alors que les dispositifs de contr\u00f4le sont activ\u00e9s pour maintenir fixes les structures normatives, la maladie nous offre l&#8217;opportunit\u00e9 de transitionner, physiologiquement, par de multiples r\u00e9alit\u00e9s spatio-temporelles.<\/p>\n<p style=\"text-align: justify;\">L&#8217;art, en particulier les processus d&#8217;essai et de cr\u00e9ation, dans sa qualit\u00e9 d&#8217;exploration de l&#8217;inconnu, nous offre un autre espace o\u00f9 rendre pr\u00e9sentes les forces qui nous ligotent et, en m\u00eame temps, d\u2019assister \u00e0 de multiples possibilit\u00e9s d&#8217;existence : le pr\u00e9sent devient plus dense. C\u2019est peut-\u00eatre pour cette raison que l\u2019on nomme \u00ab pr\u00e9sence \u00bb cette force g\u00e9latineuse qui nous absorbe en tant que public, et \u00e0 participer, avec tous les pores de notre peau, \u00e0 ce qui se passe. Les cicatrices, dans l&#8217;art, deviennent des mille-pattes, des trous spatio-temporels qui \u00ab hackent \u00bb les r\u00e9cits uniques sur la vie.<\/p>\n<p style=\"text-align: justify;\">Les f\u00e9minismes &#8211; depuis la science, l&#8217;art et la maladie &#8211; ont une longue histoire d&#8217;articulation de vies hors normes : des mod\u00e8les pour g\u00e9n\u00e9rer des connaissances situ\u00e9es et des connexions partielles, des pratiques pour tisser des densit\u00e9s affectives vers des plans multiples d&#8217;existence et des processus collectifs cr\u00e9ant de nouveaux mondes, de nouvelles histoires, de nouveaux r\u00e9cits, de nous\/autres, de possibles. \u00bb<\/p>\n<p style=\"text-align: justify;\"><a href=\"https:\/\/oncogrrrls.wordpress.com\/\">Plus d&#8217;infos sur Oncogrrrls<\/a><\/p>\n<p>Suivie de la pr\u00e9sentation de deux projets de l\u2019artiste <strong>Lechedevirgen Trimegisto<\/strong> : \u00ab <strong>L\u2019arbre de sang<\/strong> \u00bb et \u00ab <strong>Esp\u00e9rance de vie<\/strong> \u00bb.<\/p>\n<p style=\"text-align: justify;\"><img loading=\"lazy\" class=\"alignright size-medium wp-image-3961\" src=\"http:\/\/bandits-mages.antrepeaux.net\/wp-content\/uploads\/2018\/06\/oncogrrrls-300x110.jpg\" alt=\"\" width=\"300\" height=\"110\" srcset=\"https:\/\/bandits-mages.antrepeaux.net\/wp-content\/uploads\/2018\/06\/oncogrrrls-300x110.jpg 300w, https:\/\/bandits-mages.antrepeaux.net\/wp-content\/uploads\/2018\/06\/oncogrrrls-768x281.jpg 768w, https:\/\/bandits-mages.antrepeaux.net\/wp-content\/uploads\/2018\/06\/oncogrrrls.jpg 1024w, https:\/\/bandits-mages.antrepeaux.net\/wp-content\/uploads\/2018\/06\/oncogrrrls-150x55.jpg 150w, https:\/\/bandits-mages.antrepeaux.net\/wp-content\/uploads\/2018\/06\/oncogrrrls-600x220.jpg 600w\" sizes=\"(max-width: 300px) 100vw, 300px\" \/>\u00ab \u00ab <strong>L\u2019arbre de sang<\/strong> \u00bb est un projet interdisciplinaire qui combine performance art, vid\u00e9o et h\u00e9modialyse. Ce projet dissout et coagule l&#8217;exp\u00e9rience de l&#8217;artiste face \u00e0 des s\u00e9ances cons\u00e9cutives d&#8217;h\u00e9modialyse, une th\u00e9rapie de remplacement pour les personnes atteintes d&#8217;insuffisance r\u00e9nale en phase terminale, dans laquelle tout le sang de l&#8217;artiste a \u00e9t\u00e9 drain\u00e9 en le reliant \u00e0 une machine pour le purifier des toxines, \u00e0 travers un cath\u00e9ter ins\u00e9r\u00e9 dans son cou et plac\u00e9 par la veine jugulaire \u00e0 quelques centim\u00e8tres de son c\u0153ur. \u00bb Mexique, 2017.<\/p>\n<p><a href=\"http:\/\/www.lechedevirgen.com\/obra\/el-arbol-de-sangre-3\/\">En savoir plus sur : L\u2019arbre de sang <\/a><\/p>\n<p>\u00ab <strong>Esp\u00e9rance de vie<\/strong> \u00bb<\/p>\n<div id=\"attachment_3962\" style=\"width: 310px\" class=\"wp-caption alignright\"><img aria-describedby=\"caption-attachment-3962\" loading=\"lazy\" class=\"size-medium wp-image-3962\" src=\"http:\/\/bandits-mages.antrepeaux.net\/wp-content\/uploads\/2018\/06\/performance-Esperanza-de-Vida-Leche-de-Virgen-trimegisto-foto-Herani-Enr\u00edquez-Hache-Jonathan-Escamilla-300x200.jpg\" alt=\"\" width=\"300\" height=\"200\" srcset=\"https:\/\/bandits-mages.antrepeaux.net\/wp-content\/uploads\/2018\/06\/performance-Esperanza-de-Vida-Leche-de-Virgen-trimegisto-foto-Herani-Enr\u00edquez-Hache-Jonathan-Escamilla-300x200.jpg 300w, https:\/\/bandits-mages.antrepeaux.net\/wp-content\/uploads\/2018\/06\/performance-Esperanza-de-Vida-Leche-de-Virgen-trimegisto-foto-Herani-Enr\u00edquez-Hache-Jonathan-Escamilla-768x512.jpg 768w, https:\/\/bandits-mages.antrepeaux.net\/wp-content\/uploads\/2018\/06\/performance-Esperanza-de-Vida-Leche-de-Virgen-trimegisto-foto-Herani-Enr\u00edquez-Hache-Jonathan-Escamilla-1024x682.jpg 1024w, https:\/\/bandits-mages.antrepeaux.net\/wp-content\/uploads\/2018\/06\/performance-Esperanza-de-Vida-Leche-de-Virgen-trimegisto-foto-Herani-Enr\u00edquez-Hache-Jonathan-Escamilla-150x100.jpg 150w, https:\/\/bandits-mages.antrepeaux.net\/wp-content\/uploads\/2018\/06\/performance-Esperanza-de-Vida-Leche-de-Virgen-trimegisto-foto-Herani-Enr\u00edquez-Hache-Jonathan-Escamilla.jpg 1280w\" sizes=\"(max-width: 300px) 100vw, 300px\" \/><p id=\"caption-attachment-3962\" class=\"wp-caption-text\">Herani-Enr\u00edquez et Hache-Jonathan-Escamilla<\/p><\/div>\n<p style=\"text-align: justify;\">\u00ab Juste \u00e0 l&#8217;occasion du premier anniversaire de l\u2019op\u00e9ration, ma m\u00e8re (donneuse) et moi (r\u00e9cepteur) avons parl\u00e9 du processus de transplantation r\u00e9nale. Je mange mon propre cordon ombilical, fragment que ma m\u00e8re a gard\u00e9 pendant 27 ans, pour le r\u00e9int\u00e9grer dans mon corps. J&#8217;ai donn\u00e9 \u00e0 ma m\u00e8re une copie en or du cordon, sous la forme d&#8217;une m\u00e9daille. Nous partageons un g\u00e2teau avec le public en guise de c\u00e9l\u00e9bration. \u00bb<\/p>\n<p><a href=\"http:\/\/www.lechedevirgen.com\/obra\/esperanza-de-vida-performance\/\">En savoir plus sur : Esp\u00e9rance de vie <\/a><\/p>\n<h2><span style=\"font-family: arial, helvetica, sans-serif; font-size: 10pt;\">* Entr\u00e9e : participation libre (hors atelier)<\/span><\/h2>\n[\/vc_column_text][\/vc_column][\/vc_row][vc_row][vc_column][vc_column_text]\n<p style=\"text-align: justify;\"><strong>Trans*Plant: Ma maladie est une cr\u00e9ation artistique<\/strong> est\u00a0\u00a0bas\u00e9 sur un projet d\u2019auto-exp\u00e9rimentation m\u00e9dicale sur condylomata acuminata, une MTS (Maladie de Transmission Sexuelle) produite par une souche du HPV (Virus du Papillome Humain) avec laquelle coexiste une composante de Quimera Rosa. Il est bas\u00e9 sur l\u2019\u00e9laboration des protocoles et outils n\u00e9cessaires pour traiter cette MST avec une technique m\u00e9dicale appel\u00e9e Th\u00e9rapie PhotoDynamique (PDT). La PDT est une technique tr\u00e8s peu invasive, de bas co\u00fbt et ayant de tr\u00e8s bons r\u00e9sultats th\u00e9rapeutiques sur cancers localis\u00e9s et virus comme l\u2019herp\u00e8s. Elle utilise la combinaison d\u2019une substance photosensible et son activation par une source de lumi\u00e8re qui provoque un m\u00e9canisme de mort cellulaire. Si cette technique compte avec les r\u00e9sultats de nombreuses recherches scientifiques, elle n\u2019est pour l\u2019instant que tr\u00e8s peu accessible (essentiellement des cliniques priv\u00e9es et certains centres publics de pointe).<\/p>\n<p style=\"text-align: justify;\">L\u2019objectif principal est, comme disent les hackers, d\u2019ouvrir la bo\u00eete noire, ou, comme disaient les activistes affect\u00e9s par le SIDA, d\u2019ouvrir la pilule.Il s\u2019agit de r\u00e9pliquer et lib\u00e9rer afin de rendre accessible les outils et protocoles de cette technique bio-m\u00e9dicale.<\/p>\n<p style=\"text-align: justify;\">Il s\u2019agit \u00e9galement, depuis la pratique artistique et \u00e0 travers la dimension performative de l\u2019auto-exp\u00e9rimentation, participer \u00e0 la cr\u00e9ation d\u2019une masse critique d\u2019usagerEs expertEs afin de pouvoir \u00e9tablir un dialogue critique avec la (les) institution(s) sanitaire(s). Et pour cela de rompre avec les tabous associ\u00e9s avec le corps malade. Un corps est toujours un corps malade et, en consid\u00e9rant la maladie comme faisant partie de la vie-m\u00eame, celle-ci peut devenir un outil cr\u00e9atif pour d\u00e9construire les processus de normalisation produits par la notion de corps sain.<\/p>\n<p><a href=\"https:\/\/www.gridspinoza.net\/en\/projects\/transplant-my-disease-artistic-creation\" target=\"_blank\" rel=\"noopener\"><span lang=\"ES\">Transplant-my-disease-artistic-creation<\/span><\/a><\/p>\n<p style=\"text-align: justify;\"><strong>Cette recherche est destin\u00e9e \u00e0 se poursuivre au cours des prochaines ann\u00e9es dans le cadre de collaborations transdisciplinaires internationales.<\/strong><\/p>\n[\/vc_column_text][\/vc_column][\/vc_row][vc_row][vc_column width=\u00bb2\/3&#8243;][vc_column_text]\n<p style=\"text-align: justify;\">Culture de cellules humaines en milieu v\u00e9g\u00e9tal, r\u00e9sultats de biopsies, images de microscope jouant une proximit\u00e9 \u00e9trange avec la pellicule argentique, pratique de laboratoire, son esth\u00e9tique-fiction, <strong>\u00abTRANS*PLANT, MA MALADIE EST UNE CR\u00c9ATION ARTISTIQUE\u00bb<\/strong>, ou comment celle-ci n&#8217;est plus un arr\u00eat dans une vie et un pr\u00e9texte \u00e0 la nostalgie, mais un passage vers autre chose de fondamentalement vivant et porteur de r\u00e9cits.<br \/>\n<strong>Ici un film g\u00e9n\u00e9r\u00e9 depuis la pratique d&#8217;un groupe d&#8217;artistes-laborentins.<\/strong><\/p>\n<div id=\"video\"><iframe src=\"https:\/\/player.vimeo.com\/video\/278042537?app_id=122963\" width=\"650\" height=\"366\"  title=\"Workshop Trans*Plant, Ma maladie est une cr&eacute;ation artistique\" webkitallowfullscreen mozallowfullscreen allowfullscreen><\/iframe><\/div>\n[\/vc_column_text][\/vc_column][vc_column width=\u00bb1\/3&#8243;][\/vc_column][\/vc_row][vc_row][vc_column][vc_column_text]\n<p>Pour plus d&#8217;infos contactez <strong>Olivia EARLE<\/strong> au <strong>+33 (0)2 48 50 42 47<\/strong><\/p>\n[\/vc_column_text][\/vc_column][\/vc_row][vc_row][vc_column width=\u00bb1\/6&#8243;][vc_single_image image=\u00bb3781&#8243;][\/vc_column][vc_column width=\u00bb1\/6&#8243;][vc_single_image image=\u00bb3782&#8243;][\/vc_column][vc_column width=\u00bb1\/6&#8243;][vc_single_image image=\u00bb3780&#8243;][\/vc_column][vc_column width=\u00bb1\/6&#8243;][vc_single_image image=\u00bb3779&#8243;][\/vc_column][vc_column width=\u00bb1\/6&#8243;][vc_single_image image=\u00bb3783&#8243;][\/vc_column][vc_column width=\u00bb1\/6&#8243;][\/vc_column][\/vc_row]","protected":false},"excerpt":{"rendered":"<p class=\"qtranxs-available-languages-message qtranxs-available-languages-message-es\">Disculpa, pero esta entrada est\u00e1 disponible s\u00f3lo en <a href=\"https:\/\/bandits-mages.antrepeaux.net\/fr\/wp-json\/wp\/v2\/posts\/3761\" class=\"qtranxs-available-language-link qtranxs-available-language-link-fr\" title=\"FR\">Franc\u00e9s<\/a>. For the sake of viewer convenience, the content is shown below in the alternative language. You may click the link to switch the active language.<\/p>\n<p>Bandits-Mages en coproduction avec Emmetrop, vous propose de participer du 22 au 30 juin 2018 \u00e0 Trans*Plant: Ma maladie est une cr\u00e9ation artistique, un atelier en trois parties qui combine des aspects pratiques sur les techniques de WetLab*&#8230;<\/p>\n","protected":false},"author":1,"featured_media":3762,"comment_status":"closed","ping_status":"closed","sticky":false,"template":"","format":"standard","meta":[],"categories":[37,40,206],"tags":[208,182],"_links":{"self":[{"href":"https:\/\/bandits-mages.antrepeaux.net\/es\/wp-json\/wp\/v2\/posts\/3761"}],"collection":[{"href":"https:\/\/bandits-mages.antrepeaux.net\/es\/wp-json\/wp\/v2\/posts"}],"about":[{"href":"https:\/\/bandits-mages.antrepeaux.net\/es\/wp-json\/wp\/v2\/types\/post"}],"author":[{"embeddable":true,"href":"https:\/\/bandits-mages.antrepeaux.net\/es\/wp-json\/wp\/v2\/users\/1"}],"replies":[{"embeddable":true,"href":"https:\/\/bandits-mages.antrepeaux.net\/es\/wp-json\/wp\/v2\/comments?post=3761"}],"version-history":[{"count":37,"href":"https:\/\/bandits-mages.antrepeaux.net\/es\/wp-json\/wp\/v2\/posts\/3761\/revisions"}],"predecessor-version":[{"id":3993,"href":"https:\/\/bandits-mages.antrepeaux.net\/es\/wp-json\/wp\/v2\/posts\/3761\/revisions\/3993"}],"wp:featuredmedia":[{"embeddable":true,"href":"https:\/\/bandits-mages.antrepeaux.net\/es\/wp-json\/wp\/v2\/media\/3762"}],"wp:attachment":[{"href":"https:\/\/bandits-mages.antrepeaux.net\/es\/wp-json\/wp\/v2\/media?parent=3761"}],"wp:term":[{"taxonomy":"category","embeddable":true,"href":"https:\/\/bandits-mages.antrepeaux.net\/es\/wp-json\/wp\/v2\/categories?post=3761"},{"taxonomy":"post_tag","embeddable":true,"href":"https:\/\/bandits-mages.antrepeaux.net\/es\/wp-json\/wp\/v2\/tags?post=3761"}],"curies":[{"name":"wp","href":"https:\/\/api.w.org\/{rel}","templated":true}]}}