{"id":3471,"date":"2018-02-27T16:32:30","date_gmt":"2018-02-27T15:32:30","guid":{"rendered":"http:\/\/bandits-mages.antrepeaux.net\/?p=3471"},"modified":"2018-03-19T11:30:38","modified_gmt":"2018-03-19T10:30:38","slug":"trans-border-les-enseignements-de-nathalie-magnan-au-mucem-du-12-au-18-mars","status":"publish","type":"post","link":"https:\/\/bandits-mages.antrepeaux.net\/es\/blog\/2018\/02\/27\/trans-border-les-enseignements-de-nathalie-magnan-au-mucem-du-12-au-18-mars\/","title":{"rendered":"TRANS\/\/BORDER Les enseignements de Nathalie Magnan au MuCEM du 12 au 18 mars"},"content":{"rendered":"<p class=\"qtranxs-available-languages-message qtranxs-available-languages-message-es\">Disculpa, pero esta entrada est\u00e1 disponible s\u00f3lo en <a href=\"https:\/\/bandits-mages.antrepeaux.net\/fr\/wp-json\/wp\/v2\/posts\/3471\" class=\"qtranxs-available-language-link qtranxs-available-language-link-fr\" title=\"FR\">Franc\u00e9s<\/a> y <a href=\"https:\/\/bandits-mages.antrepeaux.net\/en\/wp-json\/wp\/v2\/posts\/3471\" class=\"qtranxs-available-language-link qtranxs-available-language-link-en\" title=\"EN\">Ingl\u00e9s Estadounidense<\/a>. For the sake of viewer convenience, the content is shown below in this site default language. You may click one of the links to switch the site language to another available language.<\/p>[vc_row][vc_column][vc_column_text]\n<div style=\"text-align: justify;\" align=\"left\"><span style=\"font-size: 12pt;\">Le travail de\u00a0<strong>Nathalie Magnan<\/strong>\u00a0a rencontr\u00e9 et travers\u00e9 \u00e0 de nombreuses reprises les actions de\u00a0<strong>Bandits-Mages<\/strong>, donnant place \u00e0 des collaborations r\u00e9guli\u00e8res. La pens\u00e9e de l&#8217;artiste et th\u00e9oricienne des m\u00e9dias a d\u00e8s lors influenc\u00e9 une partie des activit\u00e9s et des engagements de l&#8217;association.\u00a0<strong>Bandits-Mages<\/strong>\u00a0e<wbr \/>st tout naturellement partenaire de\u00a0<strong>Trans\/\/Border, les enseignements de Nathalie Magnan\u00a0<\/strong>qui se d\u00e9roule\u00a0<strong>du\u00a016 au 18 mars 2018 au Mucem \u00e0 Marseille.<\/strong><\/span><\/div>\n<p style=\"text-align: justify;\"><!--more--><\/p>\n<div style=\"text-align: justify;\" align=\"left\">\n<p>Th\u00e9oricienne des m\u00e9dias, pionni\u00e8re du cyberf\u00e9minisme, r\u00e9alisatrice et navigatrice, Nathalie Magnan (1956-2016) \u00e9tait aussi une enseignante g\u00e9n\u00e9reuse, \u00e0 l\u2019esprit indisciplin\u00e9\u00a0: elle transmettait aux jeunes artistes que l\u2019art peut \u00eatre une pratique de la libert\u00e9.\u00a0Marseillaise et M\u00e9diterran\u00e9enne, de naissance et de c\u0153ur, elle tissait constamment des liens entre les \u00c9tats-Unis, la France et l\u2019Europe.\u00a0Au-del\u00e0 de l\u2019hommage, TRANS\/\/BORDER interroge l\u2019actualit\u00e9 de son \u0153uvre \u00e0 travers les travaux et recherches de nombreux artistes, chercheur.e.s, (h)acktivistes et \u00e9tudiant.e.s qui continuent \u00e0 labourer les territoires qu\u2019elle explorait.<\/p>\n<\/div>\n<p style=\"text-align: justify;\">Du 12 au 18 mars, ils se retrouvent au Mucem. \u00c0 travers tables rondes, projections, performances, installation et ateliers, TRANS\/\/BORDER questionne les limites, d\u00e9place les fronti\u00e8res\u00a0: entre arts, sciences, technologies et \u00e9cologie, mais aussi en mer M\u00e9diterran\u00e9e, dans l\u2019espace cybern\u00e9tique, entre les sexes, entre les esp\u00e8ces, entre les vivants et les morts\u2026 Autant de domaines de recherche mal connus du grand public, et pourtant essentiels \u00e0 la compr\u00e9hension du monde qui vient.\u00a0Le dernier \u00ab\u00a0acte\u00a0\u00bb de Nathalie Magnan a \u00e9t\u00e9 d\u2019appeler l\u2019attention sur celles et ceux qui, chaque jour, tentent de traverser la M\u00e9diterran\u00e9e au p\u00e9ril de leur vie. Pour r\u00e9pondre \u00e0 ce v\u0153u, nous vous proposons de soutenir l\u2019association civile de sauvetage en mer SOS MEDITERRANEE :\u00a0 <a href=\"http:\/\/bit.ly\/2hpvb9Z\" target=\"_blank\" rel=\"noopener\">http:\/\/bit.ly\/2hpvb9Z<\/a><\/p>\n[\/vc_column_text][\/vc_column][\/vc_row][vc_row][vc_column][vc_tta_tabs style=\u00bbflat\u00bb shape=\u00bbsquare\u00bb spacing=\u00bb3&#8243; active_section=\u00bb1&#8243; no_fill_content_area=\u00bbtrue\u00bb][vc_tta_section title=\u00bbATELIERS\u00bb tab_id=\u00bb1519726184189-7fdf6778-cb12&#8243; el_class=\u00bbh2&#8243;][vc_column_text]\n<h4>INTRODUCTION \u00c0 LA PENS\u00c9E DE DONNA HARAWAY<\/h4>\n<p class=\"p8\"><span class=\"s4\"><strong>Les 12, 13, 14 et 15 mars, de 18h \u00e0 21h \u2013 i2mp \u2013<\/strong><b><br \/>\n <\/b><strong>Entr\u00e9e gratuite <\/strong><\/span><span class=\"s1\">dans la mesure des places disponibles sur inscription (deux s\u00e9ances minimum) \u00e0 <a href=\"mailto:i2mp@mucem.org\" target=\"_blank\" rel=\"noopener\">i2mp@mucem.org<\/a><\/span><\/p>\n<p><a href=\"http:\/\/www.kareron.com\/wp-content\/uploads\/2018\/01\/Capture-d%E2%80%99e%CC%81cran-2018-01-26-a%CC%80-16.13.33.png\"><img loading=\"lazy\" class=\"size-medium wp-image-1852 aligncenter\" src=\"http:\/\/www.kareron.com\/wp-content\/uploads\/2018\/01\/Capture-d%E2%80%99e%CC%81cran-2018-01-26-a%CC%80-16.13.33-300x208.png\" alt=\"Capture d\u2019\u00e9cran 2018-01-26 \u00e0 16.13.33\" width=\"500\" height=\"350\" \/><\/a><\/p>\n<p class=\"p8\"><span class=\"s1\">Avec <strong>Helen Torres<\/strong> (chercheuse en sciences sociales, \u00e9ducatrice)<\/span><\/p>\n<p class=\"p11\" style=\"text-align: justify;\"><span class=\"s1\"><strong>Nathalie Magnan<\/strong> a introduit en France la pens\u00e9e de la philosophe am\u00e9ricaine <strong>Donna Haraway<\/strong>. Une pens\u00e9e complexe, qu\u2019il s\u2019agit d\u2019approcher de plus pr\u00e8s \u00e0 travers cette s\u00e9rie d\u2019ateliers consacr\u00e9s au d\u00e9cryptage du <i>Manifeste Chtulucen. <\/i>Ouverts \u00e0 tous les publics curieux de mieux comprendre l\u2019\u00e9criture et les concepts d\u00e9fendus par cette pionni\u00e8re du cyberf\u00e9minisme, ils constituent par ailleurs une introduction pertinente aux rencontres \u00ab\u00a0Very symbiotic\u00a0! Pour des savoirs situ\u00e9s\u00a0\u00bb, propos\u00e9es au Mucem le dimanche 18 mars.<\/span><\/p>\n[\/vc_column_text][vc_column_text]\n<h4>FRONTI\u00c8RES ET TECHNOLOGIES \/ ZELIG<\/h4>\n<p class=\"p11\"><span class=\"s1\"><strong>Les 14 et 15 mars \u00e0 partir de 11h \u2013 Hors les murs \u00e0 ZINC (Friche la Belle de mai)<\/strong><br \/>\n <strong>Entr\u00e9e gratuite<\/strong> dans la mesure des places disponibles sur inscription \u00e0 <a href=\"mailto:transborder@zinclafriche.org\" target=\"_blank\" rel=\"noopener\">transborder@zinclafriche.org<\/a><\/span><\/p>\n<p class=\"p11\"><a href=\"http:\/\/www.kareron.com\/wp-content\/uploads\/2017\/12\/Capture-d%E2%80%99e%CC%81cran-2018-01-26-a%CC%80-15.23.49.png\"><img loading=\"lazy\" class=\"size-medium wp-image-1837 alignleft\" src=\"http:\/\/www.kareron.com\/wp-content\/uploads\/2017\/12\/Capture-d%E2%80%99e%CC%81cran-2018-01-26-a%CC%80-15.23.49-300x231.png\" alt=\"Capture d\u2019\u00e9cran 2018-01-26 \u00e0 15.23.49\" width=\"500\" height=\"350\" \/><\/a><\/p>\n<p class=\"p11\"><span class=\"s4\">Avec <\/span><span class=\"s1\">Paula Pin\u00a0(artiste performeuse), Rayna Stamboliyska aka Malicia Rogue (consultante et chercheuse ind\u00e9pendante), Femke Snelting (artiste et designer), Natacha Roussel et Agnez Bewer (Samedies), Louise Drulhe (artiste), Valentin Lacambre\u00a0(pionnier de l\u2019internet, co-fondateur de <i>gandi.net<\/i>), Philippe Rivi\u00e8re (webmestre et journaliste), Peggy Pierrot (webmestre, chercheuse et journaliste), l\u2019association Reso-nance num\u00e9rique<\/span><\/p>\n<p class=\"p11\"><span class=\"s1\">Deux ateliers, en lien avec les th\u00e9matiques de TRANS\/\/BORDER, \u00ab\u00a0Fronti\u00e8res et technologies\u00a0\u00bb et \u00ab\u00a0Zelig\u00a0\u00bb, propos\u00e9s \u00e0 ZINC (Friche la Belle de Mai), pour exp\u00e9rimenter, r\u00e9fl\u00e9chir, produire collectivement une pens\u00e9e, un objet, une performance\u2026 Comment d\u00e9busquer et contrer sexisme et racisme dans la technologie\u00a0? Comment s\u2019approprier les technologies m\u00e9dicales d\u2019investigation\u00a0? <\/span><span class=\"s5\">Comment alimenter t\u00e9l\u00e9phone, GPS ou appareil photo \u00e0 partir d\u2019une batterie de voiture\u00a0?<\/span><span class=\"s1\"> Quelles alternatives f\u00e9ministes aux outils de quantification personnelle\u00a0?<\/span><\/p>\n[\/vc_column_text][\/vc_tta_section][vc_tta_section title=\u00bbEXPOSITION\u00bb tab_id=\u00bb1519726184211-fefba619-e787&#8243;][vc_column_text]\n<h4>LES (CYBER)MONDES DE NATHALIE MAGNAN<\/h4>\n<p class=\"p8\"><strong><span class=\"s1\">Du 16 au 18 mars de 11h \u00e0 21h \u2013 Forum du J4 \u2013 Entr\u00e9e libre<\/span><\/strong><\/p>\n<p><img loading=\"lazy\" class=\"alignnone wp-image-3494 size-full\" title=\"bandits-mages-dataviz_Magnan\" src=\"http:\/\/dev3.myetic.org\/wp-content\/uploads\/2018\/02\/bandits-mages-dataviz_Magnan.jpg\" alt=\"bandits-mages-dataviz_Magnan\" width=\"1024\" height=\"426\" \/><\/p>\n<p class=\"p11\" style=\"text-align: justify;\"><span class=\"s1\">Une d\u00e9ambulation dans l\u2019espace et le cyberespace \u00e0 la d\u00e9couverte de diff\u00e9rents travaux de <strong>Nathalie Magnan<\/strong> (films, photos, conf\u00e9rences, textes) et de celles et ceux dont la d\u00e9marche rejoint la sienne\u00a0: cartes et vid\u00e9os de l\u2019<i>antiAtlas des fronti\u00e8res s\u00e9lectionn\u00e9es par Isabelle Arvers,<\/i> sites web de Louise Drulhe, exposition de l\u2019Espace virtuel du Jeu de Paume propos\u00e9e par Maria Ptqk (<i>\u00c0 propos du Chthuluc\u00e8ne et de ses esp\u00e8ces camarades<\/i>)<i>, <\/i>et aussi<i> <\/i>travaux d\u2019\u00e9tudiant.e.s des \u00e9coles d\u2019art et universit\u00e9 partenaires.<\/span><\/p>\n[\/vc_column_text][\/vc_tta_section][vc_tta_section title=\u00bbPROJECTION\u00bb tab_id=\u00bb1519729566669-e96a324e-4e8e\u00bb][vc_column_text]\n<h4>DONNA HARAWAY : STORY TELLING FOR EARTHLY SURVIVAL\u00a0<span class=\"s1\">DE FABRIZIO TERRANOVA <\/span><span class=\"s1\">(FRANCE \/ BELGIQUE, 2016, 2H01)<\/span><\/h4>\n<p class=\"p11\"><strong><span class=\"s1\">Dimanche 18 mars 2018 \u00e0 11h00<\/span><\/strong><\/p>\n<p><img loading=\"lazy\" class=\"alignnone wp-image-3500 size-full\" src=\"http:\/\/dev3.myetic.org\/wp-content\/uploads\/2018\/02\/haraway_chthulu-2.jpg\" alt=\"haraway_chthulu\" width=\"780\" height=\"439\" \/><\/p>\n<p class=\"p11\" style=\"text-align: justify;\"><span class=\"s1\">Eminente philosophe, primatologue et f\u00e9ministe, Donna Haraway a bouscul\u00e9 les sciences sociales et la philosophie contemporaine. Elle est une incroyable conteuse qui d\u00e9peint dans ses livres des univers fabuleux peupl\u00e9s d\u2019esp\u00e8ces transfuturistes. Nathalie Magnan fut son \u00e9tudiante et son assistante \u00e0 l\u2019universit\u00e9 de Californie \u00e0 Santa-Cruz. Elle a introduit sa pens\u00e9e en France en traduisant le <i>Manifeste Cyborg<\/i>. Ce film tente de d\u00e9celer une pens\u00e9e en mouvement, m\u00ealant r\u00e9cits, images d\u2019archives et fabulation dans la for\u00eat californienne.\u00a0\u00a0<\/span><span class=\"s1\">Gr\u00e2ce \u00e0 l\u2019aimable soutien de CB<\/span><\/p>\n[\/vc_column_text][\/vc_tta_section][vc_tta_section title=\u00bbTABLES RONDES\u00bb tab_id=\u00bb1519729568030-9907f793-9df8&#8243;][vc_column_text]\n<h4 style=\"text-align: justify;\">ARCHIVES PRIV\u00c9ES CONTEMPORAINES\u00a0: QUEL TRAITEMENT\u00a0? QUEL DEVENIR\u00a0?<\/h4>\n<p class=\"p1\" style=\"text-align: justify;\"><strong><span class=\"s1\">Vendredi 16 mars, de 11h \u00e0 13h \u2013 Auditorium \u2013 Entr\u00e9e libre<\/span><\/strong><\/p>\n<p class=\"p1\" style=\"text-align: justify;\"><span class=\"s1\">Les archives de Nathalie Magnan t\u00e9moignent de la richesse et de la diversit\u00e9 de ses travaux (films, photos, textes, sites internet) ainsi que de l\u2019originalit\u00e9 de ses sources (une biblioth\u00e8que et une vid\u00e9oth\u00e8que de r\u00e9f\u00e9rence). Leur d\u00e9p\u00f4t \u00e0 la Biblioth\u00e8que nationale de France est en ce moment \u00e0 l\u2019\u00e9tude. L\u2019occasion d\u2019ouvrir le d\u00e9bat sur le traitement des archives priv\u00e9es contemporaines, \u00e0 travers projection et rencontres.<\/span><\/p>\n<p style=\"text-align: justify;\"><strong>Projection de Nathalie Magnan, th\u00e9oricienne des m\u00e9dias<br \/>\n <\/strong><b><\/b><span class=\"s1\">De <strong>Christophe \u00c9coffet<\/strong>, <strong>Cyril Thomas<\/strong>, <strong>Gilles Beaujard<\/strong> (France, 2012, 12 min)<\/span><\/p>\n<p class=\"p1\" style=\"text-align: justify;\"><span class=\"s1\">Entretien avec Nathalie Magnan, r\u00e9alis\u00e9 dans le cadre d\u2019une carte blanche \u00e0 la revue <i>Monstre <\/i>au MacVal. Organis\u00e9 en quatre br\u00e8ves s\u00e9quences, ce film constitue une tr\u00e8s efficace introduction \u00e0 la pens\u00e9e et \u00e0 l\u2019\u0153uvre agissante de Nathalie Magnan. <\/span><\/p>\n<p style=\"text-align: justify;\"><strong>Les fronti\u00e8res du genre<br \/>\n <\/strong><span class=\"s1\">Avec <strong>Emilie Blanc,<\/strong> <strong>Adam Evrard<\/strong>, <strong>Valentin Gleyze<\/strong> et <strong>Adelin.e Lem\u00e9nager<\/strong> (doctorant.e.s, unit\u00e9 de recherche Histoire et critique des arts \u2013 Universit\u00e9 Rennes 2), <strong>Elvan Zabunyan<\/strong> (professeure et historienne de l\u2019art contemporain \u2013 Universit\u00e9 Rennes 2)<\/span><\/p>\n<p class=\"p11\" style=\"text-align: justify;\"><span class=\"s1\">Les doctorant.e.s de l\u2019universit\u00e9 de Rennes 2 \u00e9voquent leur travail sur les archives de Nathalie Magnan, et notamment son r\u00f4le majeur pour la diffusion en France des pens\u00e9es f\u00e9ministes et <i>queer<\/i> nord-am\u00e9ricaines, \u00e0 partir des articles qu\u2019elle \u00e9crivit pour la revue <i>Gai Pied<\/i> en 1992.<\/span><span class=\"s1\">\u00a0<\/span><\/p>\n<p style=\"text-align: justify;\"><strong>Le traitement des archives<br \/>\n <\/strong><b><\/b><span class=\"s1\">Avec <strong>Ewen Chardronnet<\/strong> (artiste), <strong>Denis Bruckmann<\/strong> (directeur des collections \u00e0 la BnF \u2013 sous r\u00e9serve), <strong>Catherine Gonnard<\/strong> (documentaliste \u00e0 l\u2019Ina), <strong>Isabelle Carlier<\/strong> (Bandits-Mages), Pascal Neveux (directeur du Frac PACA \u2013 sous r\u00e9serve), <strong>Catherine Lord<\/strong> (artiste, \u00e9crivaine), <\/span><\/p>\n<p class=\"p1\" style=\"text-align: justify;\"><span class=\"s1\">Apr\u00e8s une pr\u00e9sentation des archives de Nathalie Magnan en data-visualisation, cette table-ronde aborde, sur un plan plus g\u00e9n\u00e9ral, les questions li\u00e9es \u00e0 la collecte, \u00e0 la conservation et \u00e0 la valorisation. Des questions que chacun.e peut \u00eatre amen\u00e9.e \u00e0 se poser un jour.<\/span><\/p>\n[\/vc_column_text][vc_column_text]\n<h4><strong>FRONTI\u00c8RES ET TECHNOLOGIES EN MER M\u00c9DITERRAN\u00c9E<\/strong><\/h4>\n<p class=\"p1\"><strong><span class=\"s1\">Vendredi 16 mars de 15h \u00e0 18h30 \u2013 Auditorium \u2013 Entr\u00e9e libre<\/span><\/strong><\/p>\n<p class=\"p9\"><span class=\"s1\">\u00a0<\/span><a href=\"http:\/\/www.kareron.com\/wp-content\/uploads\/2017\/12\/DE-SOTO-cartografia_estrecho_A.jpg\"><img loading=\"lazy\" class=\"alignnone size-medium wp-image-1786\" src=\"http:\/\/www.kareron.com\/wp-content\/uploads\/2017\/12\/DE-SOTO-cartografia_estrecho_A-300x211.jpg\" alt=\"DE SOTO-cartografia_estrecho_A\" width=\"500\" height=\"350\" \/><\/a><\/p>\n<p class=\"p1\"><span class=\"s1\">Conception, animation\u00a0: <strong>Isabelle Arvers<\/strong> (commissaire d\u2019expositions)<\/span><\/p>\n<p class=\"p1\"><span class=\"s1\">Fronti\u00e8re et mur symbolique, mais aussi mer m\u00e9diatique, la M\u00e9diterran\u00e9e est aujourd\u2019hui le lieu tragique de la crise migratoire. Quel est le droit applicable en mer et aux migrants\u00a0? Quelle confrontation possible entre les technologies de contr\u00f4le du trafic maritime par les \u00c9tats, les technologies <i>open source<\/i> et DIY des collectifs d\u2019artistes et activistes, et celles utilis\u00e9es par les migrants pour communiquer durant leur travers\u00e9e\u00a0?\u00a0<\/span><\/p>\n<p class=\"p1\"><strong><span class=\"s1\">15h\u00a0<\/span><span class=\"s1\">Les technologies de contr\u00f4le et le droit en mer<\/p>\n<p> <\/span><\/strong><span class=\"s1\">Avec <strong>Charles Heller<\/strong> (Watch the Med),<i> <\/i><strong>Malin Bj\u00f6rk<\/strong> (eurod\u00e9put\u00e9e), <strong>Violaine Carr\u00e8re<\/strong> (Gisti), <strong>SOS MEDITERRANEE <\/strong><\/span><\/p>\n<p class=\"p11\"><span class=\"s1\">Il appara\u00eet que l\u2019Union europ\u00e9enne consid\u00e8re de plus en plus ses fronti\u00e8res externes (et internes) selon un paradigme de s\u00e9curit\u00e9\u00a0: des fronti\u00e8res comme des barri\u00e8res, qu\u2019il faut \u00ab prot\u00e9ger \u00bb. Les instruments visant \u00e0 contr\u00f4ler et, dans de nombreux cas, \u00e0 fermer les fronti\u00e8res s\u2019\u00e9laborent\u00a0: cl\u00f4tures physiques, donn\u00e9es biom\u00e9triques, technologies militaires\u2026 Qui dit le droit en mer\u00a0? et comment est-il appliqu\u00e9\u00a0?<\/span><\/p>\n<p class=\"p1\"><strong><span class=\"s1\">17h\u00a0<\/span><span class=\"s1\">Les technologies alternatives et <i>open source<\/p>\n<p> <\/i><\/span><\/strong><span class=\"s1\">Avec <strong>Nicola Triscott<\/strong> (Arts Catalyst)<i>, <\/i><strong>Pablo DeSoto<\/strong> (architecte et chercheur), <strong>Tim Boykett<\/strong> (Time\u2019s up Research) <strong>Marthe van Dessel<\/strong> (bolwerK)<\/span><\/p>\n<p class=\"p1\"><span class=\"s1\">Les espaces maritimes et fluviaux, nagu\u00e8re lieux d\u2019\u00e9change, de commerce et de communication, se transforment en barri\u00e8res et cl\u00f4tures. Artistes, chercheur.e.s et activistes analysent ces politiques s\u00e9curitaires et exp\u00e9rimentent des alternatives (technologiques, cartographiques, etc.) de mani\u00e8re \u00e0 r\u00e9activer la circulation des personnes et des connaissances. <\/span><\/p>\n<p class=\"p1\"><span class=\"s1\"><strong>Pablo DeSoto<\/strong> et <strong>Nathalie Magnan<\/strong> s\u2019\u00e9taient rencontr\u00e9s en 2005 dans le d\u00e9troit de Gibraltar, territoire-miroir de ces transformations\u00a0: l\u2019un organisait \u00ab\u00a0Fadaiat\u00a0\u00bb, \u00e9v\u00e9nement liant les deux rives de la M\u00e9diterran\u00e9e, l\u2019autre y contribuait avec \u00ab\u00a0Sailing for Geeks\u00a0\u00bb, associant navigation \u00e0 la voile et navigation sur la toile, dont Nicola Triscott \u00e9tait co-\u00e9quipi\u00e8re.<\/span><\/p>\n[\/vc_column_text][vc_column_text]\n<h4>ZELIG RTM \u2013 (H)ACKTIVISMES\u00a0: L\u2019INFORMATION VEUT TOUJOURS \u00caTRE LIBRE<\/h4>\n<p class=\"p1\"><strong><span class=\"s1\">Samedi 17 mars de 11h \u00e0 19h \u2013 Auditorium \u2013 Entr\u00e9e libre<\/span><\/strong><\/p>\n<p class=\"p1\"><a href=\"http:\/\/www.kareron.com\/wp-content\/uploads\/2017\/12\/L-DRULHE-img01.jpg\"><img loading=\"lazy\" class=\"alignnone size-medium wp-image-1789\" src=\"http:\/\/www.kareron.com\/wp-content\/uploads\/2017\/12\/L-DRULHE-img01-300x202.jpg\" alt=\"L DRULHE-img01\" width=\"500\" height=\"350\" \/><\/a><\/p>\n<p class=\"p1\"><span class=\"s1\">Conception, coordination\u00a0: <strong>Peggy Pierrot<\/strong> (chercheuse ind\u00e9pendante), <strong>Philippe Rivi\u00e8re<\/strong> (journaliste)<\/span><\/p>\n<p class=\"p11\"><span class=\"s4\">Quelle articulation entre les paroles et pratiques f\u00e9ministes\/LGBT et les questions technologiques (internet, logiciels, outils techniques)\u00a0? Depuis l<\/span><span class=\"s1\">\u2018\u00e9lection am\u00e9ricaine de 2016, internet peut \u00eatre per\u00e7u comme une arme de \u00ab\u00a0d\u00e9sinformation massive\u00a0\u00bb. L\u2019opposition binaire des ann\u00e9es 1990-2000 entre \u00ab\u00a0mass m\u00e9dias\u00a0\u00bb et \u00ab\u00a0m\u00e9dias alternatifs\u00a0\u00bb est aujourd\u2019hui \u00e0 r\u00e9\u00e9valuer. \u00c0 l\u2019heure des r\u00e9seaux sociaux omniscients et des \u00ab\u00a0t\u00e9l\u00e9phones espions\u00a0\u00bb (<i>smart-<\/i>phones), une analyse critique d\u2019internet s\u2019av\u00e8re indispensable. <\/span><\/p>\n<p class=\"p11\"><span class=\"s1\">Le titre de cette s\u00e9quence fait r\u00e9f\u00e9rence au h\u00e9ros du film de Woody Allen <i>Zelig<\/i> (1983), personnage mutant qui appara\u00eet toujours l\u00e0 o\u00f9 on ne l\u2019attend pas. Le nom \u00ab\u00a0Zelig\u00a0\u00bb a \u00e9t\u00e9 utilis\u00e9, avec des variations diverses (zeligConf, no-zelig, zelig.rc2), au d\u00e9but des ann\u00e9es 2000 pour d\u00e9signer plusieurs rencontres organis\u00e9es \u00e0 Paris autour des usages activistes de l\u2019internet. <\/span><span class=\"s4\">Nathalie Magnan y avait organis\u00e9 des ateliers non mixtes, exclusivement ouverts \u00ab\u00a0\u00e0 toute personne se d\u00e9clarant<span class=\"Apple-converted-space\">\u00a0 <\/span>femme le temps de l\u2019atelier\u00a0\u00bb. \u00a0<\/span><\/p>\n<p><strong>Projection de Internautes De Nathalie Magnan (1995, 13 min)<\/strong><\/p>\n<p class=\"p1\"><span class=\"s1\">R\u00e9flexion sur le r\u00e9seau internet, son histoire, ses utilisations et ses cons\u00e9quences politiques. Un montage efficace d\u2019interviews et d\u2019images d\u2019archives, r\u00e9alis\u00e9 en 1995 pour La Nuit Cyber de Canal+. <\/span><\/p>\n<p><span class=\"s1\"><b>Communaut\u00e9s de m\u00e9dias tactiques actives aujourd\u2019hui<\/p>\n<p> <\/b><\/span><span class=\"s1\">Avec <strong>Aris Papatheodorou<\/strong> (R\u00e9seau Samizdat), <strong>Philippe Rivi\u00e8re<\/strong> (visionscarto), <strong>Marie Lechner<\/strong> (Ga\u00eet\u00e9 lyrique), <strong>Geert Lovink<\/strong> (<\/span><span class=\"s2\">th\u00e9oricien des m\u00e9dias)<\/span><\/p>\n<p class=\"p11\"><span class=\"s1\">Face \u00e0 un r\u00e9seau internet de plus en plus centralis\u00e9 et surveill\u00e9, des artistes et des \u00ab\u00a0hacktivistes\u00a0\u00bb multiplient les projets invitant \u00e0 s\u2019extraire du <i>cloud<\/i> et \u00e0 r\u00e9activer l\u2019id\u00e9e originelle d\u2019un r\u00e9seau de pairs, en d\u00e9veloppant leurs propres outils de contournement et leurs propres mini-r\u00e9seaux locaux. <\/span><\/p>\n<p class=\"p1\"><strong><span class=\"s1\">15h\u00a0<\/span><span class=\"s1\">Performance <\/span><span class=\"s1\">Chelsea\u00a0<\/span><span class=\"s1\">Par Anne Laforet (artiste)<\/span><\/strong><\/p>\n<p class=\"p11\"><span class=\"s1\"><i>Chelsea<\/i> est une performance pour, et \u00e0 propos de Chelsea Manning, combinant approche documentaire et personnelle. Une performance symbolique traitant de questions li\u00e9es au genre, aux bases de donn\u00e9es, \u00e0 la<b>\u00a0<\/b><\/span>r\u00e9pression des lanceurs d\u2019alerte et des hackers\u2026<\/p>\n<p class=\"p1\"><span class=\"s1\"><b>Libert\u00e9s et surveillance \u00e0 l\u2019\u00e8re du num\u00e9rique<\/p>\n<p> <\/b><\/span><span class=\"s1\">Avec <strong>Seda G\u00fcrses<\/strong> (chercheuse, membre du collectif d\u2019artistes Constant), <strong>Nicolas Malev\u00e9<\/strong> (artiste, d\u00e9veloppeur), Jean-Marc Manach (journaliste d\u2019investigation), <strong>Rayna Stamboliyska<\/strong> (consultante et chercheuse ind\u00e9pendante)<\/span><\/p>\n<p class=\"p11\"><span class=\"s1\">Comment les r\u00e9cents d\u00e9veloppements dans la pratique de l\u2019ing\u00e9nierie logicielle peuvent-ils nous obliger \u00e0 changer nos conceptions de la surveillance\u00a0? S\u2019agit-il, pour les fabricants de logiciels, de mieux conna\u00eetre les utilisateurs ou bien de capturer et \u00ab\u00a0marchandiser\u00a0\u00bb leurs grammaires d\u2019action\u00a0? Les machines seraient-elles plus habiles que les humains pour d\u00e9tecter notre orientation sexuelle par l\u2019utilisation des technologies de reconnaissance faciale\u00a0? Le monde dans lequel nous vivons est-il orwellien ou kafa\u00efen\u00a0? Les points de vue peuvent diverger. Ils seront argument\u00e9s. Ces questions nous concernent.<\/span><\/p>\n<p class=\"p1\"><span class=\"s1\"><b>L\u2019Internet critique, entre (des)illusions et sp\u00e9culations<\/p>\n<p> <\/b><\/span><span class=\"s1\">Avec <strong>Patrice Riemens<\/strong> (g\u00e9ographe), <strong>Jacques Servin<\/strong> (The Yes men), <strong>Spider Alex<\/strong> (Gender and Technology Institut), <strong>Valentin Lacambre<\/strong> (pionnier de l\u2019internet, co-fondateur de gandi.net, altern.org)<\/span><\/p>\n<p class=\"p11\"><span class=\"s1\">La critique d\u2019internet et des TIC \u00ab\u00a0patriarcales et capitalistes\u00a0\u00bb n\u2019est pas seulement le fait de mini-communaut\u00e9s de sp\u00e9cialistes. Au-del\u00e0 m\u00eame de la critique, le panorama actuel des cyberf\u00e9minismes post-coloniaux montre comment s\u2019imaginent de nouvelles fa\u00e7ons d\u2019habiter le cyberespace et comment se d\u00e9veloppent des mouvements qu\u2019il est int\u00e9ressant d\u2019observer\u2026 et de rejoindre.<\/span><\/p>\n<p class=\"p1\"><strong><span class=\"s1\">17h\u00a0<\/span><span class=\"s1\">Projection-Navigation web\u00a0<\/span><span class=\"s1\">Atlas critique d\u2019Internet\u00a0<\/span><span class=\"s1\">Par Louise Drulhe (artiste)<\/span><\/strong><\/p>\n<p class=\"p11\"><span class=\"s4\">Louise Drulhe pr\u00e9sente son travail de recherche plastique et th\u00e9orique \u00e0 travers son <i>Atlas critique d\u2019Internet\u00a0<\/i><\/span><span class=\"s1\"><i>: <\/i>l\u2019objectif est d\u2019utiliser l\u2019analyse spatiale comme cl\u00e9 de compr\u00e9hension des enjeux sociaux, politiques et \u00e9conomiques pr\u00e9sents sur internet.<\/span><\/p>\n[\/vc_column_text][vc_column_text]\n<h5>VERY SYMBIOTIC\u00a0! POUR DES SAVOIRS SITU\u00c9S<\/h5>\n<p class=\"p1\"><span class=\"s1\"><b>Dimanche 18 mars, de 11h \u00e0 17h \u2013 Auditorium\u00a0<\/b><\/span><\/p>\n<p><a href=\"http:\/\/www.kareron.com\/wp-content\/uploads\/2018\/01\/Capture-d%E2%80%99e%CC%81cran-2018-01-26-a%CC%80-15.11.21.png\"><img loading=\"lazy\" class=\"alignnone size-medium wp-image-1835\" src=\"http:\/\/www.kareron.com\/wp-content\/uploads\/2018\/01\/Capture-d%E2%80%99e%CC%81cran-2018-01-26-a%CC%80-15.11.21-300x197.png\" alt=\"Capture d\u2019\u00e9cran 2018-01-26 \u00e0 15.11.21\" width=\"500\" height=\"350\" \/><\/a><\/p>\n<p class=\"p1\"><span class=\"s1\">Conception, animation\u00a0: <strong>Chlo\u00e9 Desmoineaux<\/strong> (artiste)<\/span><\/p>\n<p class=\"p11\"><span class=\"s1\">La notion de \u00ab savoirs situ\u00e9s \u00bb est emprunt\u00e9e au titre d\u2019un article de Donna Haraway. Elle y d\u00e9fend \u00ab\u00a0le privil\u00e8ge de la perspective plurielle\u00a0\u00bb. Dans son dernier essai <i>Staying with the Trouble<\/i>, la zoologue et philosophe am\u00e9ricaine s\u2019appuie sur la nouvelle de science-fiction d\u2019Ursula Le Guin <i>L\u2019auteur des graines d\u2019Acacia,<\/i> pour penser la sortie de l\u2019anthropoc\u00e8ne (\u00e9poque g\u00e9ologique de l\u2019impact irr\u00e9versible de l\u2019homme sur son environnement) et l\u2019entr\u00e9e dans le chthuluc\u00e8ne (\u00e9poque d\u2019une plan\u00e8te appr\u00e9ci\u00e9e comme un syst\u00e8me sympo\u00ef\u00e9tique associant toutes les manifestations du vivant). Difficile, mais possible.<\/span><\/p>\n<p class=\"p1\"><strong><span class=\"s1\">15h Projection\u00a0<\/span>Un homme sur deux est une femme<\/p>\n<p> <\/strong><span class=\"s1\">De Nathalie Magnan (1996, 5 min.)<\/span><\/p>\n<p class=\"p1\"><span class=\"s1\">\u00c0 travers s\u00e9quences d\u2019archives et entretiens, ce film traite avec humour de la disparit\u00e9 entre les sexes dans la politique fran\u00e7aise. <\/span><span class=\"s1\">\u00a0<\/span><\/p>\n<p class=\"p1\"><span class=\"s1\"><b>Humains, machines, fleuves, algues et vers marins : vers une nouvelle symbiose\u00a0?\u00a0<\/p>\n<p> <\/b><\/span><span class=\"s1\">Avec <strong>Ewen Chardronnet<\/strong> (artiste), <strong>Xavier Bailly<\/strong> (ing\u00e9nieur de recherches), <strong>Emilie Hache<\/strong> (philosophe), <strong>Vinciane Despret<\/strong> (philosophe, pr\u00e9sente au d\u00e9bat via <i>skype<\/i>), <strong>Jean-Paul Fereira<\/strong> (maire d\u2019Awala-Yalimapo)<\/span><\/p>\n<p class=\"p11\"><span class=\"s1\">Cette table ronde r\u00e9unit cinq personnalit\u00e9s, cinq points de vue clairement \u00ab\u00a0situ\u00e9s\u00a0\u00bb, pour une approche f\u00e9ministe de th\u00e9matiques \u00e9cologiques et scientifiques. Il s\u2019agit de penser la symbiose et le<\/span><span class=\"s4\"> brouillage des fronti\u00e8res entre nature et culture, masculin et f\u00e9minin, humain et animal, organisme et machine, corps et esprit, entre les vivants et les morts, entre r\u00e9alit\u00e9 et fiction\u00a0; de <\/span><span class=\"s1\">questionner les identit\u00e9s et les modes de reproduction\u2026<\/span><\/p>\n[\/vc_column_text][\/vc_tta_section][vc_tta_section title=\u00bbSOIR\u00c9ES\u00bb tab_id=\u00bb1519730460810-b4daed98-4863&#8243;][vc_column_text]\n<h4>SOIR\u00c9E \u00c9COSEXE<\/h4>\n<p class=\"p11\"><strong><span class=\"s1\">Vendredi 16 mars \u00e0<span class=\"Apple-converted-space\">\u00a0 <\/span>20h30<span class=\"Apple-converted-space\">\u00a0 <\/span>\u2013 Auditorium \u2013 Entr\u00e9e libre<\/span><\/strong><\/p>\n<p><a href=\"http:\/\/www.kareron.com\/wp-content\/uploads\/2018\/01\/Capture-d%E2%80%99e%CC%81cran-2018-01-26-a%CC%80-15.10.58.png\"><img loading=\"lazy\" class=\"alignnone size-medium wp-image-1836\" src=\"http:\/\/www.kareron.com\/wp-content\/uploads\/2018\/01\/Capture-d%E2%80%99e%CC%81cran-2018-01-26-a%CC%80-15.10.58-300x202.png\" alt=\"Capture d\u2019\u00e9cran 2018-01-26 \u00e0 15.10.58\" width=\"500\" height=\"350\" \/><\/a><\/p>\n<p class=\"p11\"><span class=\"s1\">Artistes et partenaires dans la vie,<span class=\"Apple-converted-space\">\u00a0 <\/span>Annie Sprinkle et Beth Stephens contribuent au d\u00e9veloppement du mouvement \u00e9cosexe \u00e0 travers l\u2019art, la th\u00e9orie, la pratique et l\u2019activisme. Elles \u0153uvrent \u00e0 rendre le mouvement environnemental un peu plus sexy, amusant et diversifi\u00e9. Depuis 2005 elles \u00ab performent \u00bb<span class=\"Apple-converted-space\">\u00a0 <\/span>leur mariage avec la Terre : de grandes c\u00e9r\u00e9monies invitant chacun.e \u00e0 s\u2019unir \u00e0 la terre, au ciel, \u00e0 la mer, au charbon, au soleil, \u00e0 la neige, etc. Une d\u00e9marche et une pens\u00e9e originales, illustr\u00e9es ce soir par la projection de<b> <\/b><i>Good bye Gauley Mountain.<\/i><\/span><\/p>\n<p class=\"p1\"><span class=\"s1\"><b>Projection : Good bye Gauley Mountain\u00a0<\/b>De Beth Stephens (Etats-Unis, 2014,1h10) VostFr <\/span><\/p>\n<p class=\"p1\"><span class=\"s1\">Avec force, humour et imagination artistique, Beth Stephens et Annie Sprinkle, deux \u00e9cosexuelles amoureuses, s\u2019engagent pour sauver les montagnes de la Virginie de l\u2019Ouest, menac\u00e9es par l\u2019exploitation de mines de charbon. Ce film raconte leur amour, leur activisme, leur lutte, avec, pour point culminant, leur mariage avec les Appalaches.\u00a0<\/span><span class=\"s1\">Avec l\u2019aimable autorisation d\u2019Annie Sprinkle et Beth Stephens<\/span><\/p>\n<p class=\"p1\"><strong><span class=\"s1\">Rencontre :\u00a0<\/span><span class=\"s1\">Une introduction \u00e0 l\u2019\u00e9cosexualit\u00e9<\/p>\n<p> <\/span><\/strong><span class=\"s1\">Avec <strong>Paul Preciado<\/strong> (philosophe \u2013 sous r\u00e9serve), <strong>Eric Noulette<\/strong> (association Emmetrop), <strong>Isabelle Carlier<\/strong> (association Bandits-Mages)<\/span><\/p>\n<p class=\"p1\"><span class=\"s2\">Et si nous <\/span><span class=\"s1\">changions notre relation \u00e0 la Terre, non plus consid\u00e9r\u00e9e comme notre \u00ab\u00a0m\u00e8re\u00a0\u00bb mais comme notre amoureuse, voire notre amante\u00a0? L\u2019\u00e9cosexualit\u00e9 est une nouvelle approche d\u2019\u00e9co-art et d\u2019activisme environnemental, contribuant \u00e0 une r\u00e9flexion globale sur les crises \u00e9cologiques mondiales. Trois personnalit\u00e9s du monde de l\u2019art, diversement impliqu\u00e9es dans ce mouvement t\u00e9moignent de leurs recherches et de leurs actions.<\/span><\/p>\n<h5>SOIR\u00c9E VJING<\/h5>\n<p class=\"p1\"><span class=\"s1\"><b>Samedi 17 mars, de 21h \u00e0 minuit \u2013 Hall du J4 \u2013 Entr\u00e9e libre <\/b><\/span><\/p>\n<p><a href=\"http:\/\/www.kareron.com\/wp-content\/uploads\/2017\/12\/P1080394.jpg\"><img loading=\"lazy\" class=\"alignnone size-medium wp-image-1790\" src=\"http:\/\/www.kareron.com\/wp-content\/uploads\/2017\/12\/P1080394-300x225.jpg\" alt=\"P1080394\" width=\"500\" height=\"350\" \/><\/a><\/p>\n<p class=\"p11\"><span class=\"s4\">Une soir\u00e9e consacr\u00e9e \u00e0 l\u2019art du VJing, <\/span><span class=\"s1\">pratique hybride et transdisciplinaire, m\u00ealant cr\u00e9ation et manipulation de l\u2019image en temps r\u00e9el, en synchronisation avec le son. Par ses choix artistiques et esth\u00e9tiques \u00e0 contre-courant, ce type de performance visuelle propose une alternative aux discours dominants, m\u00eame dans l\u2019espace festif. Une responsabilit\u00e9 partag\u00e9e face aux images. <\/span><\/p>\n<p class=\"p1\"><strong><span class=\"s1\">21h Projection de\u00a0<\/span><span class=\"s1\">Lesborama <\/span><span class=\"s1\">De Nathalie Magnan (1995, 30 min)<\/span><\/strong><\/p>\n<p class=\"p11\"><span class=\"s1\">Existe-t-il une culture lesbienne ? C\u2019est la question qu\u2019explore ce film mixant, dans un montage brillant, des images de toutes \u00e9poques (1912-1995) issues du cin\u00e9ma d\u2019auteur ou grand public, et des interviews de lesbiennes c\u00e9l\u00e8bres (ou pas) originaires du monde entier. Un film diffus\u00e9 en 1995 dans le cadre de la premi\u00e8re Nuit Gay de Canal+. Pr\u00e9sentation par Alain Burosse producteur du film et de la Nuit Gay.<\/span><\/p>\n<p class=\"p11\"><strong><span class=\"s1\">VJing Party\u00a0<\/span><span class=\"s1\">Avec les \u00e9tudiant.e.s de l\u2019\u00e9cole d\u2019art de Metz, A-li-ce (artiste) et Violaine Higelin (artiste)<\/span><\/strong><\/p>\n<p class=\"p1\"><span class=\"s2\">Lors de cette soir\u00e9e, <strong>A-li-ce<\/strong>, <\/span><span class=\"s1\"><strong>Violaine Higelin<\/strong> et les <strong>\u00e9tudiant.e.s de l\u2019\u00e9cole d\u2019art de Metz<\/strong> proposent, chacun.e, un mix dont la mati\u00e8re est constitu\u00e9e des archives visuelles et sonores de <strong>Nathalie Magnan<\/strong> s\u00e9lectionn\u00e9es au cours d\u2019un atelier anim\u00e9 par <strong>Isabelle Carlier (Bandits-Mages).<\/strong><\/span><\/p>\n<h5>BAISE-MOI<i> <\/i><span class=\"s1\">DE VIRGINIE DESPENTES ET CORALIE TRINH THI (FRANCE, 2000, 1H15). <\/span><\/h5>\n<p class=\"p1\"><span class=\"s1\"><b>Dimanche 18 mars \u00e0 19h \u2013 Auditorium<\/b><\/span><\/p>\n<p><a href=\"http:\/\/www.kareron.com\/wp-content\/uploads\/2018\/01\/Capture-d%E2%80%99e%CC%81cran-2018-01-26-a%CC%80-16.13.50.png\"><img loading=\"lazy\" class=\"alignnone size-medium wp-image-1851\" src=\"http:\/\/www.kareron.com\/wp-content\/uploads\/2018\/01\/Capture-d%E2%80%99e%CC%81cran-2018-01-26-a%CC%80-16.13.50-300x166.png\" alt=\"Capture d\u2019\u00e9cran 2018-01-26 \u00e0 16.13.50\" width=\"500\" height=\"350\" \/><\/a><\/p>\n<p class=\"p1\"><span class=\"s1\">En pr\u00e9sence de <strong>Virginie Despentes<\/strong> (sous r\u00e9serve).<\/span><\/p>\n<p class=\"p1\"><span class=\"s1\">Adapt\u00e9 du roman \u00e9ponyme de Virginie Despentes, ce <i>road movie<\/i> sanglant nous entra\u00eene dans le sillage de Nadine et Manu, d\u00e9cid\u00e9es \u00e0 sortir triomphantes d\u2019un viol. Aucune justification, aucune victimisation. Tr\u00e8s controvers\u00e9 \u00e0 sa sortie, menac\u00e9 d\u2019\u00eatre class\u00e9 X, le film est \u00e0 l\u2019origine du d\u00e9cret du 12 juillet 2001 amendant les r\u00e8gles du comit\u00e9 de censure. <i>Baise-moi<\/i> est un film d\u2019autrice, violent et lib\u00e9rateur. <\/span><span class=\"s1\">Film interdit aux moins de 18 ans.\u00a0<\/span><span class=\"s1\">Avec l\u2019aimable soutien de la Pan-Europ\u00e9enne\u00a0<\/span><\/p>\n[\/vc_column_text][\/vc_tta_section][\/vc_tta_tabs][vc_column_text]\n<p style=\"text-align: justify;\"><span class=\"s4\"><strong>\u00ab\u00a0TRANS\/\/BORDER, Les Enseignements de Nathalie Magnan\u00a0\u00bb<\/strong>, est une production Kareron, en partenariat avec le Mucem, Bandits-Mages, De la mule au web, u<\/span><span class=\"s1\">ne coproduction ZINC \u2013 Arts et cultures num\u00e9riques et Reso-nance Num\u00e9rique, dans le cadre du projet <i>Risk Change<\/i>, cofinanc\u00e9 par le programme Europe Cr\u00e9ative de l\u2019Union Europ\u00e9enne. <\/span><span class=\"s1\">Autres partenariats\u00a0: Biblioth\u00e8que nationale de France, FRAC Provence-Alpes-C\u00f4te d\u2019Azur, Opera mundi, Galerie nationale du Jeu de Paume, ESAAIX, ENSA Bourges, ERG Bruxelles, ENSA Paris-Cergy, ENSBA Lyon, ESADMM Marseille, ESA Lorraine, Villa Arson Nice, EESI Poitiers-Angoul\u00eame, HEAR Strasbourg, ESAD Toulon Provence M\u00e9diterran\u00e9e, ES\u00c4 Tourcoing-Dunkerque, Universit\u00e9 Rennes 2, L\u2019\u00c9cole(s) du Sud.<\/span><\/p>\n[\/vc_column_text][\/vc_column][\/vc_row][vc_row][vc_column]<a href=\"http:\/\/bandits-mages.antrepeaux.net\/wp-content\/uploads\/2018\/02\/TRANS_BORDER-DP-8FEV18.pdf\" class=\"symple-button medium blue   aligninline\" target=\"_blank\" title=\"T\u00e9l\u00e9charger le dossier de presse\"  rel=\"\"><span class=\"symple-button-inner\" ><span class=\"symple-button-icon-left fa fa-file-pdf-o\"><\/span>T\u00e9l\u00e9charger le dossier de presse<\/span><\/a>[\/vc_column][\/vc_row]","protected":false},"excerpt":{"rendered":"<p class=\"qtranxs-available-languages-message qtranxs-available-languages-message-es\">Disculpa, pero esta entrada est\u00e1 disponible s\u00f3lo en <a href=\"https:\/\/bandits-mages.antrepeaux.net\/fr\/wp-json\/wp\/v2\/posts\/3471\" class=\"qtranxs-available-language-link qtranxs-available-language-link-fr\" title=\"FR\">Franc\u00e9s<\/a> y <a href=\"https:\/\/bandits-mages.antrepeaux.net\/en\/wp-json\/wp\/v2\/posts\/3471\" class=\"qtranxs-available-language-link qtranxs-available-language-link-en\" title=\"EN\">Ingl\u00e9s Estadounidense<\/a>. For the sake of viewer convenience, the content is shown below in this site default language. You may click one of the links to switch the site language to another available language.<\/p>\n<p>Le travail de Nathalie Magnan a rencontr\u00e9 et travers\u00e9 \u00e0 de nombreuses reprises les actions de Bandits-Mages, donnant place \u00e0 des collaborations r\u00e9guli\u00e8res. La pens\u00e9e de l\u2019artiste et th\u00e9oricienne des m\u00e9dias a d\u00e8s lors influenc\u00e9 une partie des activit\u00e9s et des engagements de l\u2019association. Bandits-Mages est tout naturellement partenaire de Trans\/\/Border, les enseignements de Nathalie Magnan qui se d\u00e9roule du 16 au 18 mars 2018 au Mucem \u00e0 Marseille<\/p>\n","protected":false},"author":1,"featured_media":3481,"comment_status":"closed","ping_status":"closed","sticky":false,"template":"","format":"standard","meta":[],"categories":[38],"tags":[],"_links":{"self":[{"href":"https:\/\/bandits-mages.antrepeaux.net\/es\/wp-json\/wp\/v2\/posts\/3471"}],"collection":[{"href":"https:\/\/bandits-mages.antrepeaux.net\/es\/wp-json\/wp\/v2\/posts"}],"about":[{"href":"https:\/\/bandits-mages.antrepeaux.net\/es\/wp-json\/wp\/v2\/types\/post"}],"author":[{"embeddable":true,"href":"https:\/\/bandits-mages.antrepeaux.net\/es\/wp-json\/wp\/v2\/users\/1"}],"replies":[{"embeddable":true,"href":"https:\/\/bandits-mages.antrepeaux.net\/es\/wp-json\/wp\/v2\/comments?post=3471"}],"version-history":[{"count":15,"href":"https:\/\/bandits-mages.antrepeaux.net\/es\/wp-json\/wp\/v2\/posts\/3471\/revisions"}],"predecessor-version":[{"id":3537,"href":"https:\/\/bandits-mages.antrepeaux.net\/es\/wp-json\/wp\/v2\/posts\/3471\/revisions\/3537"}],"wp:featuredmedia":[{"embeddable":true,"href":"https:\/\/bandits-mages.antrepeaux.net\/es\/wp-json\/wp\/v2\/media\/3481"}],"wp:attachment":[{"href":"https:\/\/bandits-mages.antrepeaux.net\/es\/wp-json\/wp\/v2\/media?parent=3471"}],"wp:term":[{"taxonomy":"category","embeddable":true,"href":"https:\/\/bandits-mages.antrepeaux.net\/es\/wp-json\/wp\/v2\/categories?post=3471"},{"taxonomy":"post_tag","embeddable":true,"href":"https:\/\/bandits-mages.antrepeaux.net\/es\/wp-json\/wp\/v2\/tags?post=3471"}],"curies":[{"name":"wp","href":"https:\/\/api.w.org\/{rel}","templated":true}]}}