{"id":3423,"date":"2018-01-15T13:16:28","date_gmt":"2018-01-15T12:16:28","guid":{"rendered":"http:\/\/bandits-mages.antrepeaux.net\/?p=3423"},"modified":"2018-01-15T13:41:59","modified_gmt":"2018-01-15T12:41:59","slug":"open-call-european-residencies","status":"publish","type":"post","link":"https:\/\/bandits-mages.antrepeaux.net\/es\/blog\/2018\/01\/15\/open-call-european-residencies\/","title":{"rendered":"OPEN CALL &#8211; European Residencies"},"content":{"rendered":"<p class=\"qtranxs-available-languages-message qtranxs-available-languages-message-es\">Disculpa, pero esta entrada est\u00e1 disponible s\u00f3lo en <a href=\"https:\/\/bandits-mages.antrepeaux.net\/fr\/wp-json\/wp\/v2\/posts\/3423\" class=\"qtranxs-available-language-link qtranxs-available-language-link-fr\" title=\"FR\">Franc\u00e9s<\/a> y <a href=\"https:\/\/bandits-mages.antrepeaux.net\/en\/wp-json\/wp\/v2\/posts\/3423\" class=\"qtranxs-available-language-link qtranxs-available-language-link-en\" title=\"EN\">Ingl\u00e9s Estadounidense<\/a>. For the sake of viewer convenience, the content is shown below in this site default language. You may click one of the links to switch the site language to another available language.<\/p><h2><a title=\"European Media Art Platform \/ European Media Artists in Residence Exchange 2018\" href=\"https:\/\/call.emare.eu\/node\/1\">European Media Art Platform \/ European Media Artists in Residence Exchange 2018<\/a><\/h2>\n<div class=\"meta\">\u00a0<\/div>\n<div class=\"content\">\n<p><b>The new European Media Art Platform offers residencies for Media Artists in the fields of digital media including Internet and computer-based artists, filmmakers, and those working in media based performance, sound or video as well as robotics or bio-art.<\/b><\/p>\n<p><img loading=\"lazy\" class=\"alignnone size-medium wp-image-3426\" src=\"http:\/\/bandits-mages.antrepeaux.net\/wp-content\/uploads\/2018\/01\/creative-europe-logo_0-300x75.png\" alt=\"\" width=\"300\" height=\"75\" srcset=\"https:\/\/bandits-mages.antrepeaux.net\/wp-content\/uploads\/2018\/01\/creative-europe-logo_0-300x75.png 300w, https:\/\/bandits-mages.antrepeaux.net\/wp-content\/uploads\/2018\/01\/creative-europe-logo_0-768x193.png 768w, https:\/\/bandits-mages.antrepeaux.net\/wp-content\/uploads\/2018\/01\/creative-europe-logo_0-150x38.png 150w, https:\/\/bandits-mages.antrepeaux.net\/wp-content\/uploads\/2018\/01\/creative-europe-logo_0.png 780w\" sizes=\"(max-width: 300px) 100vw, 300px\" \/><\/p>\n<p>Artists with European residence or a European passport can apply for a two-months residency within April and August 2018 (exact timing has to be negotiated with the host) at one of the following institutions.<\/p>\n<ul>\n<li><a href=\"https:\/\/call.emare.eu\/node\/1459\" target=\"_blank\" rel=\"noopener\">Ars Electronica Center, Linz<br \/>\n more&#8230;<\/a><\/li>\n<li><a href=\"https:\/\/call.emare.eu\/node\/1460\" target=\"_blank\" rel=\"noopener\">Bandits Mages, Bourges, France<br \/>\n more&#8230;<\/a><\/li>\n<li><a href=\"https:\/\/call.emare.eu\/node\/1461\" target=\"_blank\" rel=\"noopener\">Foundation for Art &amp; Creative Technology (FACT), Liverpool, United Kingdom<br \/>\n more&#8230;<\/a><\/li>\n<li><a href=\"https:\/\/call.emare.eu\/node\/1462\" target=\"_blank\" rel=\"noopener\">IMPAKT, Utrecht, Netherlands<br \/>\n more&#8230;<\/a><\/li>\n<li><a href=\"https:\/\/call.emare.eu\/node\/1463\" target=\"_blank\" rel=\"noopener\">Kontejner, Zagreb, Croatia<br \/>\n more&#8230;<\/a><\/li>\n<li><a href=\"https:\/\/call.emare.eu\/node\/1464\" target=\"_blank\" rel=\"noopener\">LaBoral Centro de Arte y Creaci\u00f3n Industrial, Guij\u00f3n, Spain<br \/>\n more&#8230;<\/a><\/li>\n<li><a href=\"https:\/\/call.emare.eu\/node\/1465\" target=\"_blank\" rel=\"noopener\">M-Cult, Helsinki, Finland<br \/>\n more&#8230;<\/a><\/li>\n<li><a href=\"https:\/\/call.emare.eu\/node\/1466\" target=\"_blank\" rel=\"noopener\">Onassis Cultural Centre, Athens, Greece<br \/>\n more&#8230;<\/a><\/li>\n<li><a href=\"https:\/\/call.emare.eu\/node\/1467\" target=\"_blank\" rel=\"noopener\">RIXC, Riga, Latvia<br \/>\n more&#8230;<\/a><\/li>\n<li><a href=\"https:\/\/call.emare.eu\/node\/1468\" target=\"_blank\" rel=\"noopener\">WRO Center for Media Art Foundation, Wroclaw, Poland<br \/>\n more&#8230;<\/a><\/li>\n<li><a href=\"https:\/\/call.emare.eu\/node\/1469\" target=\"_blank\" rel=\"noopener\">Werkleitz Centre for Media Art, Halle (Saale), Germany<br \/>\n more&#8230;<\/a><\/li>\n<\/ul>\n<p>ALL DETAILS HERE :\u00a0<a href=\"https:\/\/call.emare.eu\/\">call.emare.eu<\/a><\/p>\n<p><strong><span style=\"color: #ff0000;\">Deadline for Applications: January 20th 2018, 12:00 CET (after this time the call will be closed)<\/span><\/strong><\/p>\n<\/div>","protected":false},"excerpt":{"rendered":"<p>Disculpa, pero esta entrada est\u00e1 disponible s\u00f3lo en Franc\u00e9s y Ingl\u00e9s Estadounidense. For the sake of viewer convenience, the content is shown below in this site default language. You may click one of the links to switch the site language to another available language.European Media Art Platform \/ European Media Artists in Residence Exchange 2018&hellip;<\/p>\n","protected":false},"author":1,"featured_media":3272,"comment_status":"closed","ping_status":"closed","sticky":false,"template":"","format":"standard","meta":[],"categories":[48,125,206],"tags":[],"_links":{"self":[{"href":"https:\/\/bandits-mages.antrepeaux.net\/es\/wp-json\/wp\/v2\/posts\/3423"}],"collection":[{"href":"https:\/\/bandits-mages.antrepeaux.net\/es\/wp-json\/wp\/v2\/posts"}],"about":[{"href":"https:\/\/bandits-mages.antrepeaux.net\/es\/wp-json\/wp\/v2\/types\/post"}],"author":[{"embeddable":true,"href":"https:\/\/bandits-mages.antrepeaux.net\/es\/wp-json\/wp\/v2\/users\/1"}],"replies":[{"embeddable":true,"href":"https:\/\/bandits-mages.antrepeaux.net\/es\/wp-json\/wp\/v2\/comments?post=3423"}],"version-history":[{"count":12,"href":"https:\/\/bandits-mages.antrepeaux.net\/es\/wp-json\/wp\/v2\/posts\/3423\/revisions"}],"predecessor-version":[{"id":3439,"href":"https:\/\/bandits-mages.antrepeaux.net\/es\/wp-json\/wp\/v2\/posts\/3423\/revisions\/3439"}],"wp:featuredmedia":[{"embeddable":true,"href":"https:\/\/bandits-mages.antrepeaux.net\/es\/wp-json\/wp\/v2\/media\/3272"}],"wp:attachment":[{"href":"https:\/\/bandits-mages.antrepeaux.net\/es\/wp-json\/wp\/v2\/media?parent=3423"}],"wp:term":[{"taxonomy":"category","embeddable":true,"href":"https:\/\/bandits-mages.antrepeaux.net\/es\/wp-json\/wp\/v2\/categories?post=3423"},{"taxonomy":"post_tag","embeddable":true,"href":"https:\/\/bandits-mages.antrepeaux.net\/es\/wp-json\/wp\/v2\/tags?post=3423"}],"curies":[{"name":"wp","href":"https:\/\/api.w.org\/{rel}","templated":true}]}}