{"id":1708,"date":"2015-10-15T16:07:36","date_gmt":"2015-10-15T14:07:36","guid":{"rendered":"http:\/\/bandits-mages.antrepeaux.net\/?p=1708"},"modified":"2015-10-20T10:08:45","modified_gmt":"2015-10-20T08:08:45","slug":"presentation-du-livre-game-of-thrones-emilie-noteris-mathieu-potte-bonneville","status":"publish","type":"post","link":"https:\/\/bandits-mages.antrepeaux.net\/es\/blog\/2015\/10\/15\/presentation-du-livre-game-of-thrones-emilie-noteris-mathieu-potte-bonneville\/","title":{"rendered":"Analyse de la s\u00e9rie Game of Thrones \/\/ EMILIE NOTERIS &#038; MATHIEU POTTE-BONNEVILLE"},"content":{"rendered":"<p class=\"qtranxs-available-languages-message qtranxs-available-languages-message-es\">Disculpa, pero esta entrada est\u00e1 disponible s\u00f3lo en <a href=\"https:\/\/bandits-mages.antrepeaux.net\/fr\/wp-json\/wp\/v2\/posts\/1708\" class=\"qtranxs-available-language-link qtranxs-available-language-link-fr\" title=\"FR\">Franc\u00e9s<\/a>. For the sake of viewer convenience, the content is shown below in the alternative language. You may click the link to switch the active language.<\/p><strong>Mercredi 21 octobre 2015 \u00e0 19h, Bandits-Mages vous invite \u00e0 l&#8217;Amphith\u00e9\u00e2tre de l&#8217;\u00c9cole nationale sup\u00e9rieure d&#8217;Art\u00a0de Bourges<\/strong> pour une analyse de la s\u00e9rie ph\u00e9nom\u00e8ne\u00a0<strong><em>Game of Thrones<\/em><\/strong>\u00a0par <strong><a href=\"http:\/\/www.emilienoteris.org\/bio\/\" target=\"_blank\">Emilie Not\u00e9ris<\/a><\/strong>\u00a0et\u00a0<strong><a href=\"https:\/\/fr.wikipedia.org\/wiki\/Mathieu_Potte-Bonneville\" target=\"_blank\">Mathieu Potte-Bonneville<\/a><\/strong>, co-auteurs de l&#8217;ouvrage collectif <em><a href=\"http:\/\/www.lesprairiesordinaires.com\/game-of-thrones.html\">Game of Thrones, s\u00e9rie noire<\/a>,<\/em> dirig\u00e9 par Mathieu Potte-Bonneville<em> et<\/em> co\u00e9crit avec William Blanc, Gabriel Bortzmeyer, Yann Boudier, Guillaume Bourgois, Gilles Grand, Jack Halberstam, et Eugenio Renzi. (\u00e9ditions Prairies Ordinaires, 2015).<\/p>\n<p>Sur une proposition d&#8217;Emilie Not\u00e9ris, contributrice du livre et commissaire invit\u00e9e aux <a href=\"http:\/\/bandits-mages.com\/rencontres2015\/\">Rencontres Bandits-Mages 2015<\/a>. Elle questionne avec son essai la place dans la soci\u00e9t\u00e9 de Westeros (et par extension la n\u00f4tre) des marginaux et autres \u00abmontres\u00bb, qui se r\u00e9v\u00e8lent \u00eatre les moteurs de l&#8217;intrigue de la s\u00e9rie.<\/p>\n<p><a href=\"http:\/\/rue89.nouvelobs.com\/rue89-culture\/2015\/04\/12\/game-of-thrones-philo-decapitation-258590\" target=\"_blank\">Revue de presse du livre<\/a><\/p>\n<blockquote>\n<pre><b>\"<\/b><b><span style=\"color: #2a2a2a;\">Dragons et incestes, nains et prostitu\u00e9es, mouvements de troupes et mont\u00e9e de l\u2019Hiver\u00a0: cr\u00e9\u00e9e en 2011 par la cha\u00eene HBO \u00e0 partir des romans de G.R.R.\u00a0Martin, <em>Game of Thrones<\/em> d\u00e9crit un univers d\u2019intrigues et d\u2019incertitudes. \u00c9pop\u00e9e litt\u00e9raire devenue succ\u00e8s t\u00e9l\u00e9visuel sans pr\u00e9c\u00e9dent, la s\u00e9rie teinte son univers m\u00e9di\u00e9val et fantastique d\u2019une cruaut\u00e9 et d\u2019un pessimisme neufs, pour raconter la lutte de grandes familles \u00e0 la conqu\u00eate du Tr\u00f4ne de fer. Elle r\u00e9serve de nombreuses surprises concernant \u00e0 la fois les rapports entre r\u00e9alisme et imaginaire, \u00e9crit et t\u00e9l\u00e9vision, ou guerre et politique. Cet ouvrage collectif r\u00e9unit critiques, historiens, philosophes, \u00e9crivains fran\u00e7ais et \u00e9trangers pour resituer <em>Game of Thrones <\/em>dans l\u2019histoire de l'<em>heroic fantasy<\/em>, genre r\u00e9put\u00e9 mineur \u00e0 la conqu\u00eate d\u2019une audience de masse, pour d\u00e9crire sa mat\u00e9rialit\u00e9 visuelle et sonore, pour interroger, \u00e0 travers les raisons qui font de cette s\u00e9rie un \u00e9v\u00e9nement, la mani\u00e8re dont elle \u00e9claire l\u2019\u00e9tat contemporain du monde et celui de la fiction.<\/span><\/b><b>\"\r\n\r\n<a href=\"http:\/\/www.lesprairiesordinaires.com\/game-of-thrones.html\" target=\"_blank\"><i>Games of Thrones, s\u00e9rie noire<\/i>, Les Prairies Ordinaires, 2015 <em>Les prairies ordinaires<\/em><\/a><\/b><\/pre>\n<\/blockquote>","protected":false},"excerpt":{"rendered":"<p>Disculpa, pero esta entrada est\u00e1 disponible s\u00f3lo en Franc\u00e9s. For the sake of viewer convenience, the content is shown below in the alternative language. You may click the link to switch the active language.Mercredi 21 octobre 2015 \u00e0 19h, Bandits-Mages vous invite \u00e0 l&#8217;Amphith\u00e9\u00e2tre de l&#8217;\u00c9cole nationale sup\u00e9rieure d&#8217;Art\u00a0de Bourges pour une analyse de la&hellip;<\/p>\n","protected":false},"author":1,"featured_media":1721,"comment_status":"closed","ping_status":"closed","sticky":false,"template":"","format":"standard","meta":[],"categories":[38,43],"tags":[],"_links":{"self":[{"href":"https:\/\/bandits-mages.antrepeaux.net\/es\/wp-json\/wp\/v2\/posts\/1708"}],"collection":[{"href":"https:\/\/bandits-mages.antrepeaux.net\/es\/wp-json\/wp\/v2\/posts"}],"about":[{"href":"https:\/\/bandits-mages.antrepeaux.net\/es\/wp-json\/wp\/v2\/types\/post"}],"author":[{"embeddable":true,"href":"https:\/\/bandits-mages.antrepeaux.net\/es\/wp-json\/wp\/v2\/users\/1"}],"replies":[{"embeddable":true,"href":"https:\/\/bandits-mages.antrepeaux.net\/es\/wp-json\/wp\/v2\/comments?post=1708"}],"version-history":[{"count":14,"href":"https:\/\/bandits-mages.antrepeaux.net\/es\/wp-json\/wp\/v2\/posts\/1708\/revisions"}],"predecessor-version":[{"id":1724,"href":"https:\/\/bandits-mages.antrepeaux.net\/es\/wp-json\/wp\/v2\/posts\/1708\/revisions\/1724"}],"wp:featuredmedia":[{"embeddable":true,"href":"https:\/\/bandits-mages.antrepeaux.net\/es\/wp-json\/wp\/v2\/media\/1721"}],"wp:attachment":[{"href":"https:\/\/bandits-mages.antrepeaux.net\/es\/wp-json\/wp\/v2\/media?parent=1708"}],"wp:term":[{"taxonomy":"category","embeddable":true,"href":"https:\/\/bandits-mages.antrepeaux.net\/es\/wp-json\/wp\/v2\/categories?post=1708"},{"taxonomy":"post_tag","embeddable":true,"href":"https:\/\/bandits-mages.antrepeaux.net\/es\/wp-json\/wp\/v2\/tags?post=1708"}],"curies":[{"name":"wp","href":"https:\/\/api.w.org\/{rel}","templated":true}]}}