{"id":1637,"date":"2015-09-18T11:53:11","date_gmt":"2015-09-18T09:53:11","guid":{"rendered":"http:\/\/bandits-mages.antrepeaux.net\/?p=1637"},"modified":"2015-10-02T12:21:17","modified_gmt":"2015-10-02T10:21:17","slug":"journee-du-patrimoine-18-19-et-20-septembre-2015-a-la-friche-culturelle-de-lantre-peaux","status":"publish","type":"post","link":"https:\/\/bandits-mages.antrepeaux.net\/es\/blog\/2015\/09\/18\/journee-du-patrimoine-18-19-et-20-septembre-2015-a-la-friche-culturelle-de-lantre-peaux\/","title":{"rendered":"Journ\u00e9e du Patrimoine &#8211; 18, 19 et 20 septembre 2015 \u00e0 la Friche Culturelle de l&#8217;Antre-Peaux"},"content":{"rendered":"<p><img loading=\"lazy\" class=\"size-medium wp-image-1644 aligncenter\" src=\"http:\/\/bandits-mages.antrepeaux.net\/wp-content\/uploads\/2015\/09\/JEP_CMJN_A4-564x800-212x300.jpg\" alt=\"affiche journ\u00e9e du patrimoine\" width=\"212\" height=\"300\" srcset=\"https:\/\/bandits-mages.antrepeaux.net\/wp-content\/uploads\/2015\/09\/JEP_CMJN_A4-564x800-212x300.jpg 212w, https:\/\/bandits-mages.antrepeaux.net\/wp-content\/uploads\/2015\/09\/JEP_CMJN_A4-564x800-106x150.jpg 106w, https:\/\/bandits-mages.antrepeaux.net\/wp-content\/uploads\/2015\/09\/JEP_CMJN_A4-564x800.jpg 564w\" sizes=\"(max-width: 212px) 100vw, 212px\" \/><\/p>\n<section class=\"entry-content cf events_details\">\n<h1 class=\"title_subevent\"><\/h1>\n<h1 class=\"title_subevent\">Cr\u00e9ation d\u2019aujourd\u2019hui, patrimoine de demain ?<\/h1>\n<h3 class=\"subtitle_subevent\">une programmation en trois temps et trois lieux<\/h3>\n<div class=\"longdescription_subevent\">\n<p>Une exposition d\u2019art contemporain majeure dans un lieu aussi patrimonial que le Palais Jacques C\u0153ur, la r\u00e9habilitation de l\u2019ancienne entreprise de BTP Leiseing, r\u00e9investie en friche culturelle, la pr\u00e9sence d\u2019une des 10 \u00e9coles nationales sup\u00e9rieures d\u2019art et d\u2019associations reconnues internationalement dans le domaine des pratiques artistiques \u00e9mergentes et de la cr\u00e9ation vid\u00e9o\u2026\u00a0 Bourges, un lieu parfait pour parler cr\u00e9ation contemporaine et patrimoine !<\/p>\n<p>A l\u2019occasion de cette nouvelle \u00e9dition des Journ\u00e9es Europ\u00e9ennes du Patrimoine, le <strong>Service du Patrimoine de Bourges, l\u2019Ecole Nationale Sup\u00e9rieure d\u2019Art, les associations Emmetrop et Bandits Mages<\/strong> s\u2019associent pour vous proposer une programmation en trois temps et trois lieux.<\/p>\n<h4>Vendredi 18 Septembre<\/h4>\n<h4><strong>18h : Amphith\u00e9\u00e2tre de l\u2019ENSAB, place Cujas \u2013 Bourges<br \/>\nTable-ronde<br \/>\n<em>\u00ab\u00a0Cr\u00e9ation d\u2019aujourd\u2019hui, patrimoine de demain ?\u00a0\u00bb<\/em><\/strong><br \/>\nActeurs de la cr\u00e9ation architecturale et plastique d\u00e9battront de sujets aussi divers que la transformation comme acte de cr\u00e9ation, le devenir et la transmission des cr\u00e9ations contemporaines, y compris les plus fugaces.<br \/>\nSeront pr\u00e9sents, le Fond R\u00e9gional d&#8217;Art Contemporain, la Maison de l&#8217;Architecture du Centre, cONcERn, l&#8217;Ecole des Beaux-Arts de Bourges et les association Emmetrop et Bandits-Mages.<\/h4>\n<p><strong>20h : Palais Jacques-C\u0153ur, 10Bis Rue Jacques C\u0153ur \u2013 Bourges<\/strong><br \/>\n<strong><em>\u00ab\u00a0Genre humain\u00a0\u00bb<\/em><\/strong><br \/>\nVisite de l\u2019exposition en compagnie des commissaires<\/p>\n<h4>Samedi 19 septembre 10h-12h et 14h-18h et dimanche 20 septembre 14h-18h<\/h4>\n<p><strong>ENSAB \u2013 La Box, place Cujas \u2013 Bourges<\/strong><br \/>\n<strong><em>Carte blanche \u00e0 cONcErn<\/em><\/strong><br \/>\ncONcERn est une infrastructure artistique qui s\u2019int\u00e9resse aux \u0153uvres d\u2019art risquant l\u2019abandon ou la destruction. Elle accueille les \u0153uvres, invente des modes de transport alliant visibilit\u00e9, participation du public et r\u00e9flexion \u00e9cologique, et organise actions culturelles et \u00e9v\u00e8nements qui traitent des enjeux de la pratique artistique dans le contexte actuel.<\/p>\n<h4>Dimanche 20 septembre<\/h4>\n<p><strong> \u00e0 partir de 17h : Friche culturelle L\u2019antre-peaux, route de la Chapelle \u2013 Bourges<br \/>\n<\/strong>Ev\u00e8nement artistique et festif autour de la r\u00e9habilitation de l\u2019entreprise Leiseing.<br \/>\nL\u00e0, c\u2019est la surprise, on ne vous en dit pas plus !<\/p>\n<\/div>\n<\/section>\n<p> <a title=\"Satellite pictures\" HREF=\"http:\/\/www.streetplan.xyz\">streetplan.xyz<\/a><\/p>\n","protected":false},"excerpt":{"rendered":"<p>Cr\u00e9ation d\u2019aujourd\u2019hui, patrimoine de demain ? une programmation en trois temps et trois lieux Une exposition d\u2019art contemporain majeure dans un lieu aussi patrimonial que le Palais Jacques C\u0153ur, la r\u00e9habilitation de l\u2019ancienne entreprise de BTP Leiseing, r\u00e9investie en friche culturelle, la pr\u00e9sence d\u2019une des 10 \u00e9coles nationales sup\u00e9rieures d\u2019art et d\u2019associations reconnues internationalement dans&hellip;<\/p>\n","protected":false},"author":1,"featured_media":1644,"comment_status":"closed","ping_status":"closed","sticky":false,"template":"","format":"standard","meta":[],"categories":[47,40,42],"tags":[180,137,178,182,184,176],"_links":{"self":[{"href":"https:\/\/bandits-mages.antrepeaux.net\/es\/wp-json\/wp\/v2\/posts\/1637"}],"collection":[{"href":"https:\/\/bandits-mages.antrepeaux.net\/es\/wp-json\/wp\/v2\/posts"}],"about":[{"href":"https:\/\/bandits-mages.antrepeaux.net\/es\/wp-json\/wp\/v2\/types\/post"}],"author":[{"embeddable":true,"href":"https:\/\/bandits-mages.antrepeaux.net\/es\/wp-json\/wp\/v2\/users\/1"}],"replies":[{"embeddable":true,"href":"https:\/\/bandits-mages.antrepeaux.net\/es\/wp-json\/wp\/v2\/comments?post=1637"}],"version-history":[{"count":3,"href":"https:\/\/bandits-mages.antrepeaux.net\/es\/wp-json\/wp\/v2\/posts\/1637\/revisions"}],"predecessor-version":[{"id":1648,"href":"https:\/\/bandits-mages.antrepeaux.net\/es\/wp-json\/wp\/v2\/posts\/1637\/revisions\/1648"}],"wp:featuredmedia":[{"embeddable":true,"href":"https:\/\/bandits-mages.antrepeaux.net\/es\/wp-json\/wp\/v2\/media\/1644"}],"wp:attachment":[{"href":"https:\/\/bandits-mages.antrepeaux.net\/es\/wp-json\/wp\/v2\/media?parent=1637"}],"wp:term":[{"taxonomy":"category","embeddable":true,"href":"https:\/\/bandits-mages.antrepeaux.net\/es\/wp-json\/wp\/v2\/categories?post=1637"},{"taxonomy":"post_tag","embeddable":true,"href":"https:\/\/bandits-mages.antrepeaux.net\/es\/wp-json\/wp\/v2\/tags?post=1637"}],"curies":[{"name":"wp","href":"https:\/\/api.w.org\/{rel}","templated":true}]}}