{"id":1613,"date":"2015-09-01T12:01:40","date_gmt":"2015-09-01T10:01:40","guid":{"rendered":"http:\/\/bandits-mages.antrepeaux.net\/?p=1613"},"modified":"2016-04-25T10:11:07","modified_gmt":"2016-04-25T08:11:07","slug":"transmettre-promettre","status":"publish","type":"post","link":"https:\/\/bandits-mages.antrepeaux.net\/es\/blog\/2015\/09\/01\/transmettre-promettre\/","title":{"rendered":"Transmettre, promettre"},"content":{"rendered":"<p class=\"qtranxs-available-languages-message qtranxs-available-languages-message-es\">Disculpa, pero esta entrada est\u00e1 disponible s\u00f3lo en <a href=\"https:\/\/bandits-mages.antrepeaux.net\/fr\/wp-json\/wp\/v2\/posts\/1613\" class=\"qtranxs-available-language-link qtranxs-available-language-link-fr\" title=\"FR\">Franc\u00e9s<\/a> y <a href=\"https:\/\/bandits-mages.antrepeaux.net\/en\/wp-json\/wp\/v2\/posts\/1613\" class=\"qtranxs-available-language-link qtranxs-available-language-link-en\" title=\"EN\">Ingl\u00e9s Estadounidense<\/a>. For the sake of viewer convenience, the content is shown below in this site default language. You may click one of the links to switch the site language to another available language.<\/p><p class=\"p1\">Pour la quatri\u00e8me ann\u00e9e cons\u00e9cutive la Maison de la Culture ouvre son cin\u00e9ma \u00e0 Bandits-Mages et \u00e0 l\u2019\u00c9cole nationale sup\u00e9rieure d\u2019art de Bourges. Occasion d\u2019instaurer dans le lieu solennel de la salle de cin\u00e9ma une programmation de films aussi singuliers qu\u2019incontournables. Cette ann\u00e9e, r\u00e9pondant \u00e0 une th\u00e9matique portant sur la transmission, <a href=\"http:\/\/www.lecinemadeerikbullot.com\/\" target=\"_blank\">\u00c9rik Bullot<\/a>, cin\u00e9aste, enseignant \u00e0 l\u2019\u00c9cole nationale sup\u00e9rieure d\u2019art de Bourges, a compos\u00e9 un nouveau programme intitul\u00e9 <span class=\"s1\"><b>Transmettre, promettre<\/b><\/span> \u00e0 destination des \u00e9tudiants et de tous les curieux cin\u00e9philes.<\/p>\n<p class=\"p1\">Un verre est offert \u00e0 l\u2019issue de chaque s\u00e9ance.<\/p>\n<h4 class=\"p1\">Autour de la programmation<\/h4>\n<p>&nbsp;<\/p>\n<blockquote>\n<p class=\"p1\">Le cin\u00e9ma a longtemps \u00e9t\u00e9 pens\u00e9 comme une langue universelle, une forme d\u2019esp\u00e9ranto visuel, susceptible de transcender les nationalit\u00e9s et de propager savoirs et affects par un jeu d\u2019associations d\u2019id\u00e9es et de relations dialectiques entre les images. Au sens \u00e0 la fois technique et spirite, \u00e0 mi-chemin de la magie et de l\u2019\u00e9pist\u00e9mologie, le m\u00e9dium cin\u00e9matographique offre au spectateur un acc\u00e8s au monde indiff\u00e9renci\u00e9. \u00c0 cet \u00e9gard, la puissance du cin\u00e9ma semble participer d\u2019un v\u0153u d\u2019\u00e9mancipation au diapason des utopies politiques qui ont travers\u00e9 le vingti\u00e8me si\u00e8cle sur la base d\u2019une lib\u00e9ration graduelle de l\u2019esp\u00e8ce humaine.<\/p>\n<p class=\"p1\">Si le terme de transmission signifie c\u00e9der un bien ou un h\u00e9ritage, il exprime \u00e9galement le fait de relier des \u00e9nergies, des sensations, des informations, qu\u2019il s\u2019agisse d\u2019\u00e9missions radio\u00e9lectriques, de services de renseignements, d\u2019archivage et, plus g\u00e9n\u00e9ralement, de p\u00e9dagogie. Qu\u2019en est-il de la vocation du cin\u00e9ma \u00e0 travers ses avatars contemporains\u00a0? Une communaut\u00e9 est-elle encore \u00e0 venir\u00a0?<\/p>\n<p class=\"p1\">Ce programme se propose d\u2019instruire la relation entre transmission et promesse \u00e0 travers quelques films classiques et modernes qui \u00e9voquent la m\u00e9moire d\u2019un peuple (<i>Sayat Nova<\/i>), la lecture comme \u00e9mancipation (<i>Fahrenheit 451<\/i>), les paradoxes de la p\u00e9dagogie (<i>En rach\u00e2chant, Z\u00e9ro de conduite<\/i>), les relations familiales distendues ou perdues (<i>Le Bonheur, Le Go\u00fbt du sak\u00e9<\/i>), la violence du lien social (<i>Elle est des n\u00f4tres<\/i>) et le d\u00e9chiffrement communiste du monde (<i>L\u2019Homme \u00e0 la cam\u00e9ra<\/i>).<\/p>\n<p class=\"p1\">Erik Bullot.<\/p>\n<\/blockquote>\n<h4 class=\"p1\">Rendez-vous \/ programme (<a href=\"http:\/\/bandits-mages.antrepeaux.net\/wp-content\/uploads\/2015\/09\/proposition-cin\u00e9ma-web.pdf\"><i class=\"fa fa-download\"><\/i>version pdf<\/a>)<\/h4>\n<p>&nbsp;<\/p>\n<p class=\"p1\" style=\"text-align: left;\"><span style=\"text-decoration: underline;\"><img loading=\"lazy\" class=\"size-medium wp-image-1620 alignleft\" src=\"http:\/\/bandits-mages.antrepeaux.net\/wp-content\/uploads\/2015\/09\/sayat-nova-300x226.png\" alt=\"sayat nova\" width=\"300\" height=\"226\" srcset=\"https:\/\/bandits-mages.antrepeaux.net\/wp-content\/uploads\/2015\/09\/sayat-nova-300x226.png 300w, https:\/\/bandits-mages.antrepeaux.net\/wp-content\/uploads\/2015\/09\/sayat-nova-150x113.png 150w, https:\/\/bandits-mages.antrepeaux.net\/wp-content\/uploads\/2015\/09\/sayat-nova.png 718w\" sizes=\"(max-width: 300px) 100vw, 300px\" \/><br \/>\n22 octobre 2015 \u00e0 21h00<\/span><br \/>\n<strong>SAYAT NOVA<\/strong> (Arm\u00e9nie, Sergue\u00ef Paradjanov, 1968, <a href=\"http:\/\/www.imdb.com\/title\/tt0063555\/\" target=\"_blank\">imdb<\/a>)<br \/>\n\u00c0 travers des tableaux vivants et des sc\u00e8nes all\u00e9goriques nous est cont\u00e9e la vie du po\u00e8te arm\u00e9nien, Sayat Nova, qui rassemble l\u2019esprit d\u2019un peuple par la beaut\u00e9 de son chant.<\/p>\n<hr \/>\n<p class=\"p1\" style=\"text-align: left;\"><img loading=\"lazy\" class=\"size-medium wp-image-1615 alignleft\" src=\"http:\/\/bandits-mages.antrepeaux.net\/wp-content\/uploads\/2015\/09\/fahrenheit-001-300x169.jpg\" alt=\"fahrenheit-001\" width=\"300\" height=\"169\" srcset=\"https:\/\/bandits-mages.antrepeaux.net\/wp-content\/uploads\/2015\/09\/fahrenheit-001-300x169.jpg 300w, https:\/\/bandits-mages.antrepeaux.net\/wp-content\/uploads\/2015\/09\/fahrenheit-001-768x432.jpg 768w, https:\/\/bandits-mages.antrepeaux.net\/wp-content\/uploads\/2015\/09\/fahrenheit-001-150x84.jpg 150w, https:\/\/bandits-mages.antrepeaux.net\/wp-content\/uploads\/2015\/09\/fahrenheit-001.jpg 853w\" sizes=\"(max-width: 300px) 100vw, 300px\" \/><span style=\"text-decoration: underline;\"><br \/>\n12 novembre\u00a02015 \u00e0 21h00<strong><br \/>\n<\/strong><\/span><strong>FAHRENHEIT 451\u00a0<\/strong>(Royaume-Uni, Fran\u00e7ois Truffaut, 1966, <a href=\"http:\/\/www.imdb.com\/title\/tt0060390\/?ref_=nv_sr_1\" target=\"_blank\">imdb<\/a>)<br \/>\nBas\u00e9 sur le roman de Ray Bradbury, ce film de science-fiction insolite, visionnaire et r\u00e9aliste, relate l\u2019histoire des hommes devenus livres en r\u00e9volte contre l\u2019oppression.<\/p>\n<hr \/>\n<p class=\"p1\" style=\"text-align: left;\"><img loading=\"lazy\" class=\"wp-image-1619 size-medium alignleft\" src=\"http:\/\/bandits-mages.antrepeaux.net\/wp-content\/uploads\/2015\/09\/Neighbours-300x188.png\" alt=\"\" width=\"300\" height=\"188\" srcset=\"https:\/\/bandits-mages.antrepeaux.net\/wp-content\/uploads\/2015\/09\/Neighbours-300x188.png 300w, https:\/\/bandits-mages.antrepeaux.net\/wp-content\/uploads\/2015\/09\/Neighbours-768x481.png 768w, https:\/\/bandits-mages.antrepeaux.net\/wp-content\/uploads\/2015\/09\/Neighbours-1024x642.png 1024w, https:\/\/bandits-mages.antrepeaux.net\/wp-content\/uploads\/2015\/09\/Neighbours-150x94.png 150w, https:\/\/bandits-mages.antrepeaux.net\/wp-content\/uploads\/2015\/09\/Neighbours.png 1812w\" sizes=\"(max-width: 300px) 100vw, 300px\" \/><span style=\"text-decoration: underline;\"><br \/>\n17 d\u00e9cembre 2015 \u00e0 21h00<br \/>\n<\/span><strong>Z\u00c9RO DE CONDUITE<\/strong> (France, Jean Vigo, 1933, <a href=\"http:\/\/www.imdb.com\/title\/tt0024803\/\" target=\"_blank\">imdb<\/a>)<br \/>\n<em>la s\u00e9ance est pr\u00e9c\u00e9d\u00e9e de :<\/em><br \/>\n<span class=\"s1\"><strong><i>Deux Solutions pour un probl\u00e8me<\/i><\/strong> (Iran, Abbas Kiarostami, 1975), <strong><i>Voisins<\/i><\/strong> (Canada, Norman McLaren, 1952), <strong><i>En r\u00e2chachant<\/i><\/strong> (France, Straub &amp; Huillet, 1982)<\/span><\/p>\n<hr \/>\n<p class=\"p1\" style=\"text-align: left;\"><img loading=\"lazy\" class=\"wp-image-1617 size-medium alignleft\" src=\"http:\/\/bandits-mages.antrepeaux.net\/wp-content\/uploads\/2015\/09\/le-gout-du-sake-04-300x218.jpg\" alt=\"\" width=\"300\" height=\"218\" srcset=\"https:\/\/bandits-mages.antrepeaux.net\/wp-content\/uploads\/2015\/09\/le-gout-du-sake-04-300x218.jpg 300w, https:\/\/bandits-mages.antrepeaux.net\/wp-content\/uploads\/2015\/09\/le-gout-du-sake-04-768x558.jpg 768w, https:\/\/bandits-mages.antrepeaux.net\/wp-content\/uploads\/2015\/09\/le-gout-du-sake-04-150x109.jpg 150w, https:\/\/bandits-mages.antrepeaux.net\/wp-content\/uploads\/2015\/09\/le-gout-du-sake-04.jpg 964w\" sizes=\"(max-width: 300px) 100vw, 300px\" \/><span style=\"text-decoration: underline;\"><br \/>\n14 janvier 2016\u00a0\u00e0 21h00<br \/>\n<\/span><strong>LE GO\u00dbT DU SAK\u00c9<\/strong>\u00a0(France, Yazugiro\u00a0Ozu, 1962,\u00a0<a href=\"http:\/\/www.imdb.com\/title\/tt0056444\/?ref_=fn_al_tt_1\" target=\"_blank\">imdb<\/a>)<br \/>\n\u00c0 l\u2019heure de marier sa fille, inquiet et m\u00e9lancolique, un veuf c\u00e9libataire mesure les difficult\u00e9s et les paradoxes de la paternit\u00e9 dans un film neutre et poignant.<\/p>\n<hr \/>\n<p class=\"p1\" style=\"text-align: left;\"><img loading=\"lazy\" class=\"wp-image-1614 size-medium alignleft\" src=\"http:\/\/bandits-mages.antrepeaux.net\/wp-content\/uploads\/2015\/09\/elleestdesnotres-300x162.png\" alt=\"\" width=\"300\" height=\"162\" srcset=\"https:\/\/bandits-mages.antrepeaux.net\/wp-content\/uploads\/2015\/09\/elleestdesnotres-300x162.png 300w, https:\/\/bandits-mages.antrepeaux.net\/wp-content\/uploads\/2015\/09\/elleestdesnotres-768x416.png 768w, https:\/\/bandits-mages.antrepeaux.net\/wp-content\/uploads\/2015\/09\/elleestdesnotres-150x81.png 150w, https:\/\/bandits-mages.antrepeaux.net\/wp-content\/uploads\/2015\/09\/elleestdesnotres.png 853w\" sizes=\"(max-width: 300px) 100vw, 300px\" \/><span style=\"text-decoration: underline;\"><br \/>\n4 f\u00e9vrier\u00a02016\u00a0\u00e0 21h00<br \/>\n<\/span><strong>ELLE EST DES N\u00d4TRES<\/strong>\u00a0(France, Siegrid Alnoy, 2003,\u00a0<a href=\"http:\/\/www.imdb.com\/title\/tt0370531\/?ref_=fn_al_tt_1\" target=\"_blank\">imdb<\/a>)<br \/>\nL\u2019appartenance \u00e0 la communaut\u00e9 humaine est-elle l\u2019expression d\u2019un crime\u00a0refoul\u00e9\u00a0? Tel est l\u2019enjeu dramatique et symbolique de ce film contemporain, d\u2019inspiration dosto\u00efevskienne.<\/p>\n<hr \/>\n<p class=\"p1\" style=\"text-align: left;\"><img loading=\"lazy\" class=\"wp-image-1618 size-medium alignleft\" src=\"http:\/\/bandits-mages.antrepeaux.net\/wp-content\/uploads\/2015\/09\/lebonheur-varda-300x174.png\" alt=\"\" width=\"300\" height=\"174\" srcset=\"https:\/\/bandits-mages.antrepeaux.net\/wp-content\/uploads\/2015\/09\/lebonheur-varda-300x174.png 300w, https:\/\/bandits-mages.antrepeaux.net\/wp-content\/uploads\/2015\/09\/lebonheur-varda-150x87.png 150w, https:\/\/bandits-mages.antrepeaux.net\/wp-content\/uploads\/2015\/09\/lebonheur-varda.png 608w\" sizes=\"(max-width: 300px) 100vw, 300px\" \/><span style=\"text-decoration: underline;\"><br \/>\n10 mars\u00a02016\u00a0\u00e0 21h00<br \/>\n<\/span><strong>LE BONHEUR<\/strong>\u00a0(France, Agn\u00e8s Varda, 1965,\u00a0<a href=\"http:\/\/www.imdb.com\/title\/tt0058985\/?ref_=fn_al_tt_1\" target=\"_blank\">imdb<\/a>)<br \/>\nPeut-on passer d\u2019un bonheur \u00e0 l\u2019autre sans crier gare\u00a0? Il semble qu\u2019une ligne d\u2019ombre se dessine en filigrane sous les couleurs chatoyantes de la f\u00e9licit\u00e9.<\/p>\n<hr \/>\n<p class=\"p1\" style=\"text-align: left;\"><img loading=\"lazy\" class=\"wp-image-1616 size-medium alignleft\" src=\"http:\/\/bandits-mages.antrepeaux.net\/wp-content\/uploads\/2015\/09\/homme-a-la-camera-300x244.jpg\" alt=\"\" width=\"300\" height=\"244\" srcset=\"https:\/\/bandits-mages.antrepeaux.net\/wp-content\/uploads\/2015\/09\/homme-a-la-camera-300x244.jpg 300w, https:\/\/bandits-mages.antrepeaux.net\/wp-content\/uploads\/2015\/09\/homme-a-la-camera-768x624.jpg 768w, https:\/\/bandits-mages.antrepeaux.net\/wp-content\/uploads\/2015\/09\/homme-a-la-camera-1024x832.jpg 1024w, https:\/\/bandits-mages.antrepeaux.net\/wp-content\/uploads\/2015\/09\/homme-a-la-camera-150x122.jpg 150w, https:\/\/bandits-mages.antrepeaux.net\/wp-content\/uploads\/2015\/09\/homme-a-la-camera.jpg 1200w\" sizes=\"(max-width: 300px) 100vw, 300px\" \/><span style=\"text-decoration: underline;\"><br \/>\n21 avril\u00a02016\u00a0\u00e0 21h00<br \/>\n<\/span><strong>L&#8217;HOMME \u00c0 LA CAM\u00c9RA\u00a0<\/strong>(Union sovi\u00e9tique, Dziga Vertov, 1929,\u00a0<a href=\"http:\/\/www.imdb.com\/title\/tt0019760\/?ref_=fn_al_tt_1\" target=\"_blank\">imdb<\/a>)<br \/>\nPo\u00e8me visuel, essai filmique, jeux d\u2019exp\u00e9rimentation, mise en abyme, <i>L\u2019Homme \u00e0 la cam\u00e9ra<\/i> se propose d\u2019\u0153uvrer au d\u00e9chiffrement communiste de la r\u00e9alit\u00e9.<\/p>\n<hr \/>\n<h4 class=\"p1\"><b>TARIFS<\/b><\/h4>\n<ul>\n<li class=\"p2\">Tarif plein adulte : 7,60\u20ac<\/li>\n<li class=\"p2\">Tarif moins de 18 ans, \u00e9tudiants, adh\u00e9rents MCB\u00b0, adh\u00e9rents Bandits-Mages : 5\u20ac<\/li>\n<li class=\"p2\">Tarif sp\u00e9cial programmation \u00e9tudiants de l\u2019ENSA Bourges : 4\u20ac<\/li>\n<\/ul>\n<h4>CONTACTS, INFORMATIONS<\/h4>\n<p class=\"p1\"><strong>Bandits-Mages :\u00a0<\/strong>02 48 50 42 47 (<a href=\"mailto:coordination@bandits-mages.com\" target=\"_blank\">coordination@bandits-mages.com<\/a>)<br \/>\n<strong>MCB\u00b0 :<\/strong>\u00a002 48 21 29 44 (<a href=\"mailto:b.piederriere@mcbourges.com\" target=\"_blank\">b.piederriere@mcbourges.com<\/a>)<\/p>\n<p class=\"p1\">Le cin\u00e9ma de la MCB\u00b0 est situ\u00e9 au <a href=\"https:\/\/www.google.com\/maps\/d\/edit?mid=zKCCn9AT7f0g.kvJ4yrqfBn54&amp;usp=sharing\" target=\"_blank\">12 boulevard Cl\u00e9menceau \u00e0 Bourges<\/a>.<\/p>","protected":false},"excerpt":{"rendered":"<p>Disculpa, pero esta entrada est\u00e1 disponible s\u00f3lo en Franc\u00e9s y Ingl\u00e9s Estadounidense. For the sake of viewer convenience, the content is shown below in this site default language. You may click one of the links to switch the site language to another available language.Pour la quatri\u00e8me ann\u00e9e cons\u00e9cutive la Maison de la Culture ouvre son&hellip;<\/p>\n","protected":false},"author":1,"featured_media":1628,"comment_status":"closed","ping_status":"closed","sticky":false,"template":"","format":"standard","meta":[],"categories":[55,54,38],"tags":[],"_links":{"self":[{"href":"https:\/\/bandits-mages.antrepeaux.net\/es\/wp-json\/wp\/v2\/posts\/1613"}],"collection":[{"href":"https:\/\/bandits-mages.antrepeaux.net\/es\/wp-json\/wp\/v2\/posts"}],"about":[{"href":"https:\/\/bandits-mages.antrepeaux.net\/es\/wp-json\/wp\/v2\/types\/post"}],"author":[{"embeddable":true,"href":"https:\/\/bandits-mages.antrepeaux.net\/es\/wp-json\/wp\/v2\/users\/1"}],"replies":[{"embeddable":true,"href":"https:\/\/bandits-mages.antrepeaux.net\/es\/wp-json\/wp\/v2\/comments?post=1613"}],"version-history":[{"count":13,"href":"https:\/\/bandits-mages.antrepeaux.net\/es\/wp-json\/wp\/v2\/posts\/1613\/revisions"}],"predecessor-version":[{"id":1795,"href":"https:\/\/bandits-mages.antrepeaux.net\/es\/wp-json\/wp\/v2\/posts\/1613\/revisions\/1795"}],"wp:featuredmedia":[{"embeddable":true,"href":"https:\/\/bandits-mages.antrepeaux.net\/es\/wp-json\/wp\/v2\/media\/1628"}],"wp:attachment":[{"href":"https:\/\/bandits-mages.antrepeaux.net\/es\/wp-json\/wp\/v2\/media?parent=1613"}],"wp:term":[{"taxonomy":"category","embeddable":true,"href":"https:\/\/bandits-mages.antrepeaux.net\/es\/wp-json\/wp\/v2\/categories?post=1613"},{"taxonomy":"post_tag","embeddable":true,"href":"https:\/\/bandits-mages.antrepeaux.net\/es\/wp-json\/wp\/v2\/tags?post=1613"}],"curies":[{"name":"wp","href":"https:\/\/api.w.org\/{rel}","templated":true}]}}