{"id":13682,"date":"2020-04-06T16:13:14","date_gmt":"2020-04-06T14:13:14","guid":{"rendered":"http:\/\/bandits-mages.antrepeaux.net\/?p=13682"},"modified":"2020-04-06T16:13:14","modified_gmt":"2020-04-06T14:13:14","slug":"antre-peaux-avec-vous-et-pour-vous","status":"publish","type":"post","link":"https:\/\/bandits-mages.antrepeaux.net\/es\/blog\/2020\/04\/06\/antre-peaux-avec-vous-et-pour-vous\/","title":{"rendered":"ANTRE PEAUX #AVEC VOUS ET POUR VOUS"},"content":{"rendered":"<p class=\"qtranxs-available-languages-message qtranxs-available-languages-message-es\">Disculpa, pero esta entrada est\u00e1 disponible s\u00f3lo en <a href=\"https:\/\/bandits-mages.antrepeaux.net\/fr\/wp-json\/wp\/v2\/posts\/13682\" class=\"qtranxs-available-language-link qtranxs-available-language-link-fr\" title=\"FR\">Franc\u00e9s<\/a> y <a href=\"https:\/\/bandits-mages.antrepeaux.net\/en\/wp-json\/wp\/v2\/posts\/13682\" class=\"qtranxs-available-language-link qtranxs-available-language-link-en\" title=\"EN\">Ingl\u00e9s Estadounidense<\/a>. For the sake of viewer convenience, the content is shown below in this site default language. You may click one of the links to switch the site language to another available language.<\/p>[vc_row][vc_column][vc_column_text]\n<div style=\"text-align: right;\">\n<p><em>\u00ab[La question de notre \u00e9poque est la suivante:] Comment pouvons nous penser dans des<br \/>\ntemps d\u2019urgences sans les mythes complaisants et auto-r\u00e9alisateurs d\u2019apocalypse, alors que<br \/>\nchaque fibre de nos \u00eatres est entrelac\u00e9e \u00e0, complice m\u00eame de, la toile des processus qui doivent,<br \/>\nd\u2019une mani\u00e8re ou d\u2019une autre, \u00eatre reconfigur\u00e9s ?\u00bb<\/em><br \/>\nDonna Harraway<\/p>\n<p><em>\u00abL&#8217;id\u00e9e est comme l&#8217;herbe. Elle demande la lumi\u00e8re, aime les foules, grandit par croisement, s&#8217;am\u00e9liore pour qu&#8217;on la pi\u00e9tine enfin.\u00bb <\/em><br \/>\nUrsula Le Guin. Les D\u00e9poss\u00e9d\u00e9s<\/p>\n<\/div>\n[\/vc_column_text][vc_column_text]\n<p style=\"text-align: justify;\">Fauch\u00e9s en pleine joie de notre alliance symbiotique <strong>Emmetrop<\/strong> et <strong>Bandits Mages<\/strong>,<br \/>\nNous restons chez nous, comme vous, vous restez chez vous !<\/p>\n<p>Vous les artistes, vous les b\u00e9n\u00e9voles, vous les adh\u00e9rent-e-s, vous les spectacteur-rice-s de nos passions et de nos engagements, vous les ami-e-s, les inconnu-e-s que l&#8217;on croise sur les concerts, les spectacles, les expositions, les ateliers,\u2026 vous aussi qui travaillez malgr\u00e9 tout pour assurer nos soins et nos besoins.<\/p>\n<p>Nous, sans vous : C&#8217;est dur ! Une perte de sens au quotidien !<br \/>\nVous nous manquez intens\u00e9ment !<br \/>\nVous faites ce que nous sommes nous !<br \/>\nVous ! Prenez soin de vous et des autres.<\/p>\n<p>Nous allons, pour s\u00fbr, nous retrouver, de nouveau nous toucher, partager \u201clive\u201d le bonheur retrouv\u00e9 d&#8217;\u00eatre ensemble, de faire ensemble.<br \/>\nEncore quelques semaines de di\u00e8te sociale avant la nouvelle convergence de nos corps dans la f\u00eate, dans la lutte et plus si affinit\u00e9.<br \/>\nDemain sera diff\u00e9rent, porteur de changements, de mutations fondamentales de nos rep\u00e8res et de nos habitudes, mais demain sera ensemble, au del\u00e0 des vous et au del\u00e0 des nous.<\/p>\n<p>Chacun chez nous, en ch\u00f4mage partiel, en visio conf\u00e9rences, en r\u00e9unions t\u00e9l\u00e9phoniques, nous continuons de nous activer dans le flou le plus total,&#8230; Annul\u00e9 jusqu&#8217;\u00e0 quand ? Reprogramm\u00e9 \u00e0 partir de quand ? Ce n\u2019est pas virtuel et cette fois ce n&#8217;est pas nous qui d\u00e9cidons. Se projeter \u00e0 mai ? \u00c0 juin ? \u00c0 plus devient difficile \u00e0 anticiper, \u00e0 penser, \u00e0 fixer.<br \/>\nPour le moment toutes les dates annonc\u00e9es pour le mois d\u2019avril et certaines de mai sont en cours de report ou d\u2019annulation.<\/p>\n<p>Nous vous en dirons plus, quand nous saurons, quand nous saurons tous et toutes que sortir des maisons est \u2018safe\u2019 pour tous et toutes.<\/p>\n[\/vc_column_text][\/vc_column][\/vc_row][vc_row][vc_column][vc_column_text]\n<table class=\"mcnTextBlock\" border=\"0\" width=\"100%\" cellspacing=\"0\" cellpadding=\"0\">\n<tbody class=\"mcnTextBlockOuter\">\n<tr>\n<td class=\"mcnTextBlockInner\" valign=\"top\">\n<table class=\"mcnTextContentContainer\" border=\"0\" width=\"100%\" cellspacing=\"0\" cellpadding=\"0\" align=\"left\">\n<tbody>\n<tr>\n<td class=\"mcnTextContent\" valign=\"top\">\n<div>\n<p><strong>VOUS POUVEZ NOUS SUIVRE SUR NOS R\u00c9SEAUX SOCIAUX<\/strong><\/p>\n<p><a href=\"https:\/\/www.facebook.com\/antre.peaux\" target=\"_blank\" rel=\"noopener noreferrer\">https:\/\/www.facebook.com\/antre.peaux<\/a><\/p>\n<p><strong>Pour le cin\u00e9ma et le multim\u00e9dia<\/strong><br \/>\n<a href=\"https:\/\/www.facebook.com\/le.haidouc\" target=\"_blank\" rel=\"noopener noreferrer\">https:\/\/www.facebook.com\/le.haidouc<\/a><\/p>\n<p><strong>Pour la danse, le th\u00e9\u00e2tre et la performance<\/strong><br \/>\n<a href=\"https:\/\/www.facebook.com\/Houlocene\/\" target=\"_blank\" rel=\"noopener noreferrer\">https:\/\/www.facebook.com\/Houlocene\/<\/a><\/p>\n<p><strong>Pour les studios Usina-son<\/strong><br \/>\n<a href=\"https:\/\/www.facebook.com\/usinasonstudios\/\" target=\"_blank\" rel=\"noopener noreferrer\">https:\/\/www.facebook.com\/usinasonstudios\/<\/a><br \/>\nPour vous tenir au courant de l&#8217;actualit\u00e9 (confin\u00e9e) des groupes locaux.<\/p>\n<p><strong>Pour le Nadir<\/strong><br \/>\n<a href=\"https:\/\/www.facebook.com\/lenadiremmetrop\/\" target=\"_blank\" rel=\"noopener noreferrer\">https:\/\/www.facebook.com\/lenadiremmetrop\/<\/a><br \/>\nPour y retrouver des extraits ou l&#8217;int\u00e9gralit\u00e9 des lives audio ou vid\u00e9o de concerts enregistr\u00e9s au Nadir.<br \/>\nVous y trouverez aussi jusqu\u2019au 7 avril le Festival \u00abJe reste \u00e0 la maison\u00bb avec de nombreux concerts jeune public et tout public en live streaming (plus de 10 concerts chaque jour \u00e0 partir de 16h).<br \/>\nSi vous n&#8217;avez pas de compte Facebook, retrouvez ces lives sur <a href=\"https:\/\/www.festivaljerestealamaison.com\/\" target=\"_blank\" rel=\"noopener noreferrer\">https:\/\/www.festivaljerestealamaison.com\/<\/a><\/p>\n<p><strong>Pour Les Envahisseurs<\/strong><br \/>\n<a href=\"https:\/\/www.facebook.com\/Les-Envahisseurs-202235439792934\/\" target=\"_blank\" rel=\"noopener noreferrer\">https:\/\/www.facebook.com\/Les-Envahisseurs-202235439792934\/<\/a><br \/>\nLes Envahisseurs animent toujours leur \u00e9mission en direct le jeudi soir de 20h30 \u00e0 22h30 en t\u00e9l\u00e9-b\u00e9n\u00e9volat et en podcast le lendemain pour vous faire d\u00e9couvrir des nouveaut\u00e9s musicales.<\/p>\n<\/div>\n<p>Nous relayons \u00e9galement des productions Antre Peaux, des plateformes de contenus artistiques et culturelles et les informations de nos partenaires. Et notre \u00e9quipe de m\u00e9diation pense de nouvelles mani\u00e8res d\u2019\u00eatre avec vous et poursuivre les liens que nous avions cr\u00e9\u00e9s.<\/p>\n<hr \/>\n<p><strong>\u00c0 PROPOS DE LA BILLETTERIE<\/strong><\/p>\n<p>\u25ba <strong>Billets en ligne sur Placeminute.com<\/strong><br \/>\nLes places achet\u00e9es vous serons automatiquement rembours\u00e9es (hors commission).<\/p>\n<p>\u25ba <strong>Billets achet\u00e9s dans nos bureaux ou au Comptoir aux \u00c9pices<\/strong><br \/>\nElles pourront vous \u00eatre rembours\u00e9es dans nos locaux d\u00e8s leur r\u00e9ouverture.<\/p>\n<p>\u25ba<strong> Billets achet\u00e9s sur le r\u00e9seau Dispobillet (FNAC, Carrefour, G\u00e9ant, Super U &amp; Intermarch\u00e9)<\/strong><br \/>\nNous faisons tout notre possible pour que le remboursement soit possible plusieurs jours apr\u00e8s la fin du confinement en vous rendant dans leurs points de vente.<\/p>\n<hr \/>\n<p><strong>RETROUVEZ LES INFORMATIONS UTILES POUR LES PROFESSIONNELS<\/strong><\/p>\n<p><strong>\u25ba Infos \u00e0 destination des professionnels de la culture :<\/strong><br \/>\n<a href=\"https:\/\/www.culture.gouv.fr\/Actualites\/Covid-19-le-ministere-de-la-Culture-informe-et-ecoute-les-professionnels\" target=\"_blank\" rel=\"noopener noreferrer\">https:\/\/www.culture.gouv.fr\/Actualites\/Covid-19-le-ministere-de-la-Culture-informe-et-ecoute-les-professionnels<\/a><\/p>\n<p><strong>\u25ba Informations \u00e0 destination des auto-entrepreneurs, une indemnit\u00e9 plafonn\u00e9e \u00e0 1500\u20ac :<\/strong><br \/>\n<a href=\"https:\/\/www.federation-auto-entrepreneur.fr\/actualites\/coronavirus-comprendre-impacts-activite-vos-chances-d-indemnisation\" target=\"_blank\" rel=\"noopener noreferrer\">https:\/\/www.federation-auto-entrepreneur.fr\/actualites\/coronavirus-comprendre-impacts-activite-vos-chances-d-indemnisation<\/a><\/p>\n<\/td>\n<\/tr>\n<\/tbody>\n<\/table>\n<\/td>\n<\/tr>\n<\/tbody>\n<\/table>\n[\/vc_column_text][\/vc_column][\/vc_row]","protected":false},"excerpt":{"rendered":"<p class=\"qtranxs-available-languages-message qtranxs-available-languages-message-es\">Disculpa, pero esta entrada est\u00e1 disponible s\u00f3lo en <a href=\"https:\/\/bandits-mages.antrepeaux.net\/fr\/wp-json\/wp\/v2\/posts\/13682\" class=\"qtranxs-available-language-link qtranxs-available-language-link-fr\" title=\"FR\">Franc\u00e9s<\/a>. For the sake of viewer convenience, the content is shown below in the alternative language. You may click the link to switch the active language.<\/p>\n<p>Amies, amis, partenaires et toutes personnes attach\u00e9es aux activit\u00e9s d&#8217;Antre Peaux (Emmetrop-Bandits-Mages), nous vous informons que toute la programmation et toutes les activit\u00e9s de l&#8217;association sont suspendues jusqu&#8217;au 15 avril minimum.<br \/>\n*******************<br \/>\nD&#8217;ici l\u00e0 et en esp\u00e9rant vous revoir le plus rapidement possible, prenez soin de vous et de vos proches.<\/p>\n","protected":false},"author":1,"featured_media":13679,"comment_status":"closed","ping_status":"closed","sticky":false,"template":"","format":"standard","meta":[],"categories":[47],"tags":[],"_links":{"self":[{"href":"https:\/\/bandits-mages.antrepeaux.net\/es\/wp-json\/wp\/v2\/posts\/13682"}],"collection":[{"href":"https:\/\/bandits-mages.antrepeaux.net\/es\/wp-json\/wp\/v2\/posts"}],"about":[{"href":"https:\/\/bandits-mages.antrepeaux.net\/es\/wp-json\/wp\/v2\/types\/post"}],"author":[{"embeddable":true,"href":"https:\/\/bandits-mages.antrepeaux.net\/es\/wp-json\/wp\/v2\/users\/1"}],"replies":[{"embeddable":true,"href":"https:\/\/bandits-mages.antrepeaux.net\/es\/wp-json\/wp\/v2\/comments?post=13682"}],"version-history":[{"count":1,"href":"https:\/\/bandits-mages.antrepeaux.net\/es\/wp-json\/wp\/v2\/posts\/13682\/revisions"}],"predecessor-version":[{"id":13683,"href":"https:\/\/bandits-mages.antrepeaux.net\/es\/wp-json\/wp\/v2\/posts\/13682\/revisions\/13683"}],"wp:featuredmedia":[{"embeddable":true,"href":"https:\/\/bandits-mages.antrepeaux.net\/es\/wp-json\/wp\/v2\/media\/13679"}],"wp:attachment":[{"href":"https:\/\/bandits-mages.antrepeaux.net\/es\/wp-json\/wp\/v2\/media?parent=13682"}],"wp:term":[{"taxonomy":"category","embeddable":true,"href":"https:\/\/bandits-mages.antrepeaux.net\/es\/wp-json\/wp\/v2\/categories?post=13682"},{"taxonomy":"post_tag","embeddable":true,"href":"https:\/\/bandits-mages.antrepeaux.net\/es\/wp-json\/wp\/v2\/tags?post=13682"}],"curies":[{"name":"wp","href":"https:\/\/api.w.org\/{rel}","templated":true}]}}