{"id":13641,"date":"2020-02-26T18:33:42","date_gmt":"2020-02-26T17:33:42","guid":{"rendered":"http:\/\/bandits-mages.antrepeaux.net\/?p=13641"},"modified":"2020-03-10T15:51:03","modified_gmt":"2020-03-10T14:51:03","slug":"octobre-a-barcelone-conference-illustree-14-mai-2020-erik-bullot","status":"publish","type":"post","link":"https:\/\/bandits-mages.antrepeaux.net\/es\/blog\/2020\/02\/26\/octobre-a-barcelone-conference-illustree-14-mai-2020-erik-bullot\/","title":{"rendered":"OCTOBRE \u00c0 BARCELONE Conf\u00e9rence illustr\u00e9e 14 mai 2020 \/ \u00c9rik Bullot"},"content":{"rendered":"<p class=\"qtranxs-available-languages-message qtranxs-available-languages-message-es\">Disculpa, pero esta entrada est\u00e1 disponible s\u00f3lo en <a href=\"https:\/\/bandits-mages.antrepeaux.net\/fr\/wp-json\/wp\/v2\/posts\/13641\" class=\"qtranxs-available-language-link qtranxs-available-language-link-fr\" title=\"FR\">Franc\u00e9s<\/a>. For the sake of viewer convenience, the content is shown below in the alternative language. You may click the link to switch the active language.<\/p>[vc_row][vc_column][vc_column_text]\n<p><strong><span style=\"color: #222222; font-size: 12pt;\">14 mai au <strong>Ha\u00efdouc \u00e0 19h00<\/strong><\/span><\/strong><\/p>\n<p><span style=\"font-weight: 400;\">Prix Libre<\/span><\/p>\n<p>Suite \u00e0 l\u2019\u00e9lection d\u2019une majorit\u00e9 ind\u00e9pendantiste au Parlement catalan, un r\u00e9f\u00e9rendum sur l\u2019ind\u00e9pendance, consid\u00e9r\u00e9 comme ill\u00e9gal par le gouvernement espagnol, fut organis\u00e9 le 1 octobre 2017. Il a donn\u00e9 lieu \u00e0 une r\u00e9pression violente, suscitant une indignation internationale. Le processus d\u2019auto-d\u00e9termination est devenu depuis cette date un feuilleton \u00e0 rebondissements, souvent judiciaire, ponctu\u00e9 de coups de th\u00e9\u00e2tre.<\/p>\n<p>D\u00e9clarer la R\u00e9publique catalane fut un \u00e9nonc\u00e9 performatif, au sens du philosophe du langage Austin. Un verbe performatif r\u00e9alise l\u2019acte par son simple \u00e9nonc\u00e9, \u00e0 l\u2019instar des verbes \u201cbaptiser\u201d ou \u201cmarier\u201d. La R\u00e9publique catalane fut d\u00e9clar\u00e9e \u00e0 plusieurs reprises au cours de l\u2019histoire. Ce qui n\u2019a pas eu lieu a-t-il encore une chance de se produire\u00a0? Quelle est la diff\u00e9rence entre la r\u00e9p\u00e9tition et la reprise\u00a0?<\/p>\n<p>En octobre 2019, le cin\u00e9aste \u00c9rik Bullot a propos\u00e9 un atelier au Centre de culture contemporaine de Barcelone (CCCB), qui r\u00e9unissait \u00e9tudiants et cin\u00e9astes, pour r\u00e9fl\u00e9chir \u00e0 la possibilit\u00e9 d\u2019un film sur ce sujet. Les entretiens et les \u00e9changes ont \u00e9t\u00e9 enregistr\u00e9s, \u00e0 la mani\u00e8re d\u2019un film-conversation. Peut-on faire un film avec des mots\u00a0?<\/p>\n<p>Au cours d\u2019une conf\u00e9rence illustr\u00e9e, \u00c9rik Bullot pr\u00e9sentera les \u00e9l\u00e9ments de ce projet en montrant des s\u00e9quences du film, intitul\u00e9 <em>Octobre \u00e0 Barcelone<\/em>, actuellement en cours de montage.<\/p>\n<p><strong>\u00c9rik Bullot <\/strong>est cin\u00e9aste et th\u00e9oricien. Auteur de nombreux films \u00e0 mi-chemin du documentaire et du fin d\u2019artiste, il a publi\u00e9 r\u00e9cemment <em>Le film et son double<\/em> (Mamco, 2013) et <em>Du film performatif<\/em> (it:\u00e9ditions, 2018). Son travail a \u00e9t\u00e9 pr\u00e9sent\u00e9 dans de nombreux festivals et mus\u00e9es, notamment le Jeu de Paume (Paris), le Centre Georges Pompidou (Paris), la Biennale de l\u2019image en mouvement (Gen\u00e8ve), le CCCB (Barcelone), le MoMA (New York), le Mus\u00e9e d\u2019art moderne (Buenos Aires). Il a enseign\u00e9 dans diff\u00e9rentes universit\u00e9s et centres d\u2019art, en France et \u00e0 l\u2019\u00e9tranger. Il enseigne le cin\u00e9ma \u00e0 l\u2019\u00c9cole nationale sup\u00e9rieure d\u2019art de Bourges.<\/p>\n[\/vc_column_text][\/vc_column][\/vc_row]","protected":false},"excerpt":{"rendered":"<p class=\"qtranxs-available-languages-message qtranxs-available-languages-message-es\">Disculpa, pero esta entrada est\u00e1 disponible s\u00f3lo en <a href=\"https:\/\/bandits-mages.antrepeaux.net\/fr\/wp-json\/wp\/v2\/posts\/13641\" class=\"qtranxs-available-language-link qtranxs-available-language-link-fr\" title=\"FR\">Franc\u00e9s<\/a>. For the sake of viewer convenience, the content is shown below in the alternative language. You may click the link to switch the active language.<\/p>\n<p>OCTOBRE \u00c0 BARCELONE Conf\u00e9rence illustr\u00e9e 14 mai 2020 \u00e0 19h00 \/ \u00c9rik Bullot<\/p>\n","protected":false},"author":1,"featured_media":13642,"comment_status":"closed","ping_status":"closed","sticky":false,"template":"","format":"standard","meta":[],"categories":[40],"tags":[],"_links":{"self":[{"href":"https:\/\/bandits-mages.antrepeaux.net\/es\/wp-json\/wp\/v2\/posts\/13641"}],"collection":[{"href":"https:\/\/bandits-mages.antrepeaux.net\/es\/wp-json\/wp\/v2\/posts"}],"about":[{"href":"https:\/\/bandits-mages.antrepeaux.net\/es\/wp-json\/wp\/v2\/types\/post"}],"author":[{"embeddable":true,"href":"https:\/\/bandits-mages.antrepeaux.net\/es\/wp-json\/wp\/v2\/users\/1"}],"replies":[{"embeddable":true,"href":"https:\/\/bandits-mages.antrepeaux.net\/es\/wp-json\/wp\/v2\/comments?post=13641"}],"version-history":[{"count":4,"href":"https:\/\/bandits-mages.antrepeaux.net\/es\/wp-json\/wp\/v2\/posts\/13641\/revisions"}],"predecessor-version":[{"id":13669,"href":"https:\/\/bandits-mages.antrepeaux.net\/es\/wp-json\/wp\/v2\/posts\/13641\/revisions\/13669"}],"wp:featuredmedia":[{"embeddable":true,"href":"https:\/\/bandits-mages.antrepeaux.net\/es\/wp-json\/wp\/v2\/media\/13642"}],"wp:attachment":[{"href":"https:\/\/bandits-mages.antrepeaux.net\/es\/wp-json\/wp\/v2\/media?parent=13641"}],"wp:term":[{"taxonomy":"category","embeddable":true,"href":"https:\/\/bandits-mages.antrepeaux.net\/es\/wp-json\/wp\/v2\/categories?post=13641"},{"taxonomy":"post_tag","embeddable":true,"href":"https:\/\/bandits-mages.antrepeaux.net\/es\/wp-json\/wp\/v2\/tags?post=13641"}],"curies":[{"name":"wp","href":"https:\/\/api.w.org\/{rel}","templated":true}]}}