{"id":1349,"date":"2015-04-22T17:57:51","date_gmt":"2015-04-22T15:57:51","guid":{"rendered":"http:\/\/bandits-mages.antrepeaux.net\/?p=1349"},"modified":"2015-05-21T15:22:04","modified_gmt":"2015-05-21T13:22:04","slug":"rencontres-cinematographiques-au-sommet1531m","status":"publish","type":"post","link":"https:\/\/bandits-mages.antrepeaux.net\/es\/blog\/2015\/04\/22\/rencontres-cinematographiques-au-sommet1531m\/","title":{"rendered":"RENCONTRES (CINEMATOGRAPHIQUES) AU SOMMET(1531m)"},"content":{"rendered":"<p>Nous vous invitons \u00e0 participer aux \u00abRENCONTRES (CINEMATOGRAPHIQUES) AU SOMMET(1531m) organis\u00e9s par la fondation BORIS LEHMAN<br \/>\nVERBIER:\u00a0RENCONTRES (CINEMATOGRAPHIQUES) AU SOMMET(1531m)<br \/>\n30 avril \u2013 4 mai 2015<br \/>\nPAF : 50\u20ac<br \/>\nLes projections du matin et de l\u2019apr\u00e8s midi et du soir \u00e0 l\u2019AVENIR CIN\u00c9MA (Ch\u00e2ble)<br \/>\nCertaines projections du matin et du soir \u00e0 l\u2019H\u00d4TEL LES TOURISTES (Verbier)<\/p>\n<p><strong>Jeudi 30<\/strong><\/p>\n<p><strong>18 heures<\/strong> (soir) au cin\u00e9ma avenir<br \/>\nAccueil des invit\u00e9s<br \/>\nConcert par la fanfare L\u2019Avenir (sous r\u00e9serve)<br \/>\nVerre de l\u2019amiti\u00e9<br \/>\nDiscours et remerciements<\/p>\n<p><strong>19 heures<\/strong><br \/>\nProjection du film Verbier &#8211; <em>ma premi\u00e8re le\u00e7on de ski<\/em>, de Boris Lehman (30 minutes), en premi\u00e8re mondiale et <em>L\u2019art de s\u2019\u00e9garer ou l\u2019image du bonheur<\/em> r\u00e9alis\u00e9 par David Legrand et Boris Lehman (45 minutes), en premi\u00e8re mondiale en pr\u00e9sence des r\u00e9alisateurs (pr\u00e9sentation et discussion)<\/p>\n<p><strong>22 heures 30<\/strong><br \/>\nProjection \u00e0 l\u2019h\u00f4tel\u00a0: arrefecimento nocturno (\u00abforte baisse de temp\u00e9rature en soir\u00e9e\u00bb) de Saguenail Abramovici (premi\u00e8re mondiale) en sa pr\u00e9sence (20 min)<br \/>\n<em>Eco et narcisse<\/em> (19 min) 2003 de Adolfo Arrietta (sous r\u00e9serve)<br \/>\nCarte blanche \u00e0 Alexandra Dementieva (courts m\u00e9trages surprises)<\/p>\n<p><strong>vendredi 1<sup>er<\/sup> mai<\/strong><\/p>\n<p><strong>10 heures, \u00e0 l\u2019Avenir cin\u00e9ma<\/strong><br \/>\nUn court m\u00e9trage d\u2019Alexandra Demetieva en sa pr\u00e9sence<br \/>\n<em>Juste avant la guerre<\/em> d\u2019Yvan Petit (50 minutes), premi\u00e8re mondiale<br \/>\n<em>Battaville<\/em> de Fran\u00e7ois Caillat (90 minutes), en sa pr\u00e9sence<\/p>\n<p><strong>14 heures<\/strong><br \/>\nUn court m\u00e9trage d\u2019Alexandra Demetieva en sa pr\u00e9sence<br \/>\n<em>La guerre est proche<\/em> de Claire Angelini (80 minutes), en sa pr\u00e9sence<br \/>\n<em>P\u00e9dalogues<\/em> de Alain et Wasthie Comte (20 minutes), en leur pr\u00e9sence<br \/>\n<em>Nus dans l\u2019escalier<\/em> de Saguenail et Corbe Abramovici (26 min), en leur pr\u00e9sence<\/p>\n<p><strong>17 heures<\/strong><br \/>\nPromenade vers <em>La pierre des songes<\/em><\/p>\n<p><strong>Vendredi 1<sup>er<\/sup> <\/strong><\/p>\n<p><strong>22 heures<\/strong><br \/>\nProjection \u00e0 l\u2019h\u00f4tel des touristes<br \/>\nDeux courts m\u00e9trages d\u2019Alexandra Demetieva, en sa pr\u00e9sence<br \/>\n<em>Correspondances <\/em>de Tatia Shaburishvili et David Legrand\u00a0: (50 minutes), premi\u00e8re mondiale en leur pr\u00e9sence<br \/>\n<em>Il giardino erboso de cronache del sentiment del sogno<\/em> 20 min de Tonino de Bernardi en sa pr\u00e9sence<\/p>\n<p><strong>samedi 2<\/strong><\/p>\n<p><strong>10 heures <\/strong><br \/>\nCin\u00e9ma l\u2019Avenir<br \/>\n<em>Beaudelot<\/em>, de Camille Fontenier ( 72 minutes) en sa pr\u00e9sence<br \/>\n<em>Circa me (21 min)<\/em> et <em>Gaia<\/em> (\/27 min) courts-m\u00e9trage d\u2019Amarante Abramovici, en sa pr\u00e9sence<\/p>\n<p><strong>14 heures <\/strong><\/p>\n<p>Un CM d\u2019Alexandra<br \/>\n<em>Piccoli Orrori<\/em> 92 min, de Tonino de Bernardi, en sa pr\u00e9sence<br \/>\n<em>Frauenzimmer<\/em> de Claudia von Alemann 75 minutes, en sa pr\u00e9sence<br \/>\nfin des projections vers 17 heures<\/p>\n<p><strong>21 heures 30<\/strong><br \/>\nProjection \u00e0 l\u2019h\u00f4tel des Touristes<br \/>\n<em>Tu, un film polonais<\/em> de Jean fran\u00e7ois Neplaz, (13 min\/ 1990), en sa pr\u00e9sence<br \/>\n<em>L\u2019Odyss\u00e9e <\/em>de Isabelle Wuilmart (90 minutes), en sa pr\u00e9sence<br \/>\n<em>Diaspora<\/em> de Regina Guimaraes (35 minutes), en sa pr\u00e9sence<\/p>\n<p><strong>dimanche 3 mai <\/strong><br \/>\nCin\u00e9ma l\u2019Avenir,<\/p>\n<p><strong>10 heures <\/strong><br \/>\nCarte blanche \u00e0 Alexandra Dementieva\u00a0 + films d\u2019Alexandra Dementieva<br \/>\n<em>La gaiet\u00e9<\/em> de Jean Fran\u00e7ois Neplaz (90 minutes), en sa pr\u00e9sence<\/p>\n<p><strong>14 heures<\/strong><br \/>\n<em>Die frau mit der kamera \u2013 portrait de la photographe Abisag T\u00fclmann<\/em> (Claudia von Alemann\/ 92 min \/ (premi\u00e8re mondiale), en sa pr\u00e9sence<br \/>\n<em>Carmona a une fontaine<\/em> de Antonio Trullen\u00a0 (57 minutes), (premi\u00e8re mondiale) en sa pr\u00e9sence<\/p>\n<p>Fin des projections vers 17 heures<\/p>\n<p><strong>21 heures 30<\/strong><br \/>\nL\u2019h\u00f4tel Les touristes<br \/>\n<em>L\u2019oeil du cyclope de <\/em>Jenn Debauche\u00a0\u00a0 (sous r\u00e9serve)<br \/>\n<em>Patchwork<\/em> de Isabelle Wuilmart (30 minutes), premi\u00e8re mondiale en pr\u00e9sence de l\u2019auteure\u00a0;<br \/>\n<em>Mourir beaucoup<\/em> (Saguenail Abramovici \/50 minutes<\/p>\n<p>lundi 4 mai\u00a0: programme \u00e0 d\u00e9terminer. Discussions-bilan\u00a0!<\/p>\n<p>10H au Cin\u00e9ma Avenir.<br \/>\nProjections possibles matin et apr\u00e8s midi.<\/p>\n<p>Menu \u00e0 la carte \/ films en r\u00e9serve\u00a0:<\/p>\n<p><em>Un jour comme les autres<\/em> (Boris Lehman \/20 minutes) <em>Sauvez moi de cet enfer<\/em> (Boris Lehman\/ 35 minutes),<br \/>\n<em>L\u2019Imitation<\/em> (Saguenail Abramovici\/23 minutes)<em>Une jeunesse amoureuse<\/em> (Fran\u00e7ois Caillat\/115 minutes),<br \/>\n<em>Trois soldats allemands<\/em> Fran\u00e7ois Caillat\/ 75 minutes), <em>L\u2019Affaire Val\u00e9rie<\/em> (Fran\u00e7ois Caillat\/75 minutes)<br \/>\n<em>Exprmntl knokke 1968<\/em> (Claudia von Alemann\/ 45 minutes\u2026<\/p>\n<p>Baignade possible \u00e0 Lavey les Bains<\/p>\n<p>Avant de reprendre le train \u00e0 Martigny pour Gen\u00e8ve ou Lausanne.<\/p>\n<p><strong>Carte blanche Alexandra Dementieva<\/strong><\/p>\n<p><strong>films propos\u00e9s:\u00a0<\/strong><br \/>\n<em><strong>Morpheus<\/strong><\/em>,\u00a0casting: Hans W Koch, Tine Van Aerschot, Reggy Timmermans,\u00a0music: Phill Niblock &#8211; extrait from \u00abTouch Three\u00bb, performed by Martin Zrost,\u00a0HDV, color, 3&#8217;10, stereo, 2014,\u00a0Production: adem vzw<br \/>\n<em><strong>Sun moves around us<\/strong><\/em>,\u00a0Soundtrack Aernoudt Jacobs,\u00a0HDV, color, 8&#8217;12, stereo, 2009,\u00a0Production: adem vzw<br \/>\n<em><strong>Reactor<\/strong><\/em>,\u00a0Soundtrack : Aernoudt Jacobs,\u00a0mini-DV, color, 2005,\u00a0Production: adem vzw<br \/>\n<em><strong>Our Universe<\/strong><\/em>,\u00a0Cast: Lina Kusaite, Anton Sachs,\u00a0Animation: Stefan Piat,\u00a0HDV, color, 04&#8217;04 stereo, 2011,\u00a0Production: adem vzw<br \/>\n<em><strong>Movement 1<\/strong><\/em>,\u00a0Soundtrack : Aernoudt Jacobs,\u00a0mini-DV, color, 1&#8217;55, 2008,\u00a0Production: adem vzw,<br \/>\n<em><strong>Movement 2<\/strong><\/em>,\u00a0Soundtrack : Aernoudt Jacobs,\u00a0mini-DV, color, 1&#8217;55, 2008,\u00a0Production ADEM vzw<br \/>\n<em><strong>Une Blague<\/strong><\/em> (Shutochka &#8211; on the short story by A. P.Chehov),\u00a0Andrei Smirnov, Boris Yashin,\u00a0Casting: Nonna Terentieva, Nikita Mikhalkov,\u00a016&#8217;31, 1966<br \/>\n<em><strong>The Heart of the World<\/strong><\/em>, \u00a0Guy Maddin,\u00a0casting\u00a0Leslie Bais, Caelum Vatnsdal, Shaun Balbar, Greg Klymkiw,\u00a06&#8217;33, 2001<\/p>\n<p><strong>Premier \u00ab festival \u00bb imagin\u00e9 par Boris Lehman et Samuel Torello<\/strong><br \/>\nsans subvention<br \/>\nAvec les aides de Bandits-Mages (Bourges) et la Fondation Boris Lehman (Bruxelles)<\/p>\n<p>Promenades, baignades, pique-niques, projections, concerts, d\u00e9bats<\/p>\n<p>H\u00f4tel des touristes (Verbier)<br \/>\nAvenir cin\u00e9ma (Ch\u00e2ble)<\/p>\n<p>Invit\u00e9s : Clemens Klopfenstein, Tonino de Bernardi, Fran\u00e7ois Albera, Claire Angelini, Saguenail Abramovici, Corbe Guimaraes, Patrick Leboutte, David Legrand,\u00a0Isabelle Carlier, Adolpho Arrieta, Isabelle Wuilmart, Jean-Fran\u00e7ois Neplaz, Fran\u00e7ois Caillat, Alexandra Dementieva, Ginette Lavigne, G\u00e9rald Collas, Claudia von\u00a0Alemann, Yvan Petit, Antonio Trullen&#8230;<\/p>\n<p>Premi\u00e8res mondiales, films surprises.<br \/>\nH\u00f4tels, campings , bed and breakfast sur r\u00e9servation.<\/p>\n<p>&nbsp;<\/p>\n<p class=\"p3\"><img loading=\"lazy\" class=\"alignnone size-medium wp-image-1339\" src=\"http:\/\/bandits-mages.antrepeaux.net\/wp-content\/uploads\/2015\/04\/10648986_10200388626954092_4282393521266066233_o-199x300.jpg\" alt=\"10648986_10200388626954092_4282393521266066233_o\" width=\"199\" height=\"300\" srcset=\"https:\/\/bandits-mages.antrepeaux.net\/wp-content\/uploads\/2015\/04\/10648986_10200388626954092_4282393521266066233_o-199x300.jpg 199w, https:\/\/bandits-mages.antrepeaux.net\/wp-content\/uploads\/2015\/04\/10648986_10200388626954092_4282393521266066233_o-768x1159.jpg 768w, https:\/\/bandits-mages.antrepeaux.net\/wp-content\/uploads\/2015\/04\/10648986_10200388626954092_4282393521266066233_o-679x1024.jpg 679w, https:\/\/bandits-mages.antrepeaux.net\/wp-content\/uploads\/2015\/04\/10648986_10200388626954092_4282393521266066233_o-99x150.jpg 99w, https:\/\/bandits-mages.antrepeaux.net\/wp-content\/uploads\/2015\/04\/10648986_10200388626954092_4282393521266066233_o.jpg 1024w\" sizes=\"(max-width: 199px) 100vw, 199px\" \/><\/p>\n","protected":false},"excerpt":{"rendered":"<p>Nous vous invitons \u00e0 participer aux \u00abRENCONTRES (CINEMATOGRAPHIQUES) AU SOMMET(1531m) organis\u00e9s par la fondation BORIS LEHMAN VERBIER:\u00a0RENCONTRES (CINEMATOGRAPHIQUES) AU SOMMET(1531m) 30 avril \u2013 4 mai 2015 PAF : 50\u20ac Les projections du matin et de l\u2019apr\u00e8s midi et du soir \u00e0 l\u2019AVENIR CIN\u00c9MA (Ch\u00e2ble) Certaines projections du matin et du soir \u00e0 l\u2019H\u00d4TEL LES TOURISTES&hellip;<\/p>\n","protected":false},"author":1,"featured_media":1338,"comment_status":"closed","ping_status":"closed","sticky":false,"template":"","format":"standard","meta":[],"categories":[55,54,129,47,38],"tags":[],"_links":{"self":[{"href":"https:\/\/bandits-mages.antrepeaux.net\/es\/wp-json\/wp\/v2\/posts\/1349"}],"collection":[{"href":"https:\/\/bandits-mages.antrepeaux.net\/es\/wp-json\/wp\/v2\/posts"}],"about":[{"href":"https:\/\/bandits-mages.antrepeaux.net\/es\/wp-json\/wp\/v2\/types\/post"}],"author":[{"embeddable":true,"href":"https:\/\/bandits-mages.antrepeaux.net\/es\/wp-json\/wp\/v2\/users\/1"}],"replies":[{"embeddable":true,"href":"https:\/\/bandits-mages.antrepeaux.net\/es\/wp-json\/wp\/v2\/comments?post=1349"}],"version-history":[{"count":5,"href":"https:\/\/bandits-mages.antrepeaux.net\/es\/wp-json\/wp\/v2\/posts\/1349\/revisions"}],"predecessor-version":[{"id":1395,"href":"https:\/\/bandits-mages.antrepeaux.net\/es\/wp-json\/wp\/v2\/posts\/1349\/revisions\/1395"}],"wp:featuredmedia":[{"embeddable":true,"href":"https:\/\/bandits-mages.antrepeaux.net\/es\/wp-json\/wp\/v2\/media\/1338"}],"wp:attachment":[{"href":"https:\/\/bandits-mages.antrepeaux.net\/es\/wp-json\/wp\/v2\/media?parent=1349"}],"wp:term":[{"taxonomy":"category","embeddable":true,"href":"https:\/\/bandits-mages.antrepeaux.net\/es\/wp-json\/wp\/v2\/categories?post=1349"},{"taxonomy":"post_tag","embeddable":true,"href":"https:\/\/bandits-mages.antrepeaux.net\/es\/wp-json\/wp\/v2\/tags?post=1349"}],"curies":[{"name":"wp","href":"https:\/\/api.w.org\/{rel}","templated":true}]}}