{"id":13347,"date":"2019-10-24T15:00:33","date_gmt":"2019-10-24T13:00:33","guid":{"rendered":"http:\/\/bandits-mages.antrepeaux.net\/?p=13347"},"modified":"2020-03-10T17:49:41","modified_gmt":"2020-03-10T16:49:41","slug":"cine-club-manieres-de-faire-e-n-s-a-ecole-nationale-superieure-dart-de-bourges","status":"publish","type":"post","link":"https:\/\/bandits-mages.antrepeaux.net\/es\/blog\/2019\/10\/24\/cine-club-manieres-de-faire-e-n-s-a-ecole-nationale-superieure-dart-de-bourges\/","title":{"rendered":"Cin\u00e9-club &#8211; Mani\u00e8res de faire"},"content":{"rendered":"<p class=\"qtranxs-available-languages-message qtranxs-available-languages-message-es\">Disculpa, pero esta entrada est\u00e1 disponible s\u00f3lo en <a href=\"https:\/\/bandits-mages.antrepeaux.net\/fr\/wp-json\/wp\/v2\/posts\/13347\" class=\"qtranxs-available-language-link qtranxs-available-language-link-fr\" title=\"FR\">Franc\u00e9s<\/a>. For the sake of viewer convenience, the content is shown below in the alternative language. You may click the link to switch the active language.<\/p>[vc_row][vc_column][vc_column_text]\n<p>en partenariat avec E.N.S.A \u2013 \u00c9cole Nationale Sup\u00e9rieure d\u2019Art de Bourges<br \/>\n<em>Cycle propos\u00e9 par <\/em><strong><em>Alejandra Riera (1)<\/em><\/strong><strong><em>\u00a0<\/em><\/strong><em>et <\/em><em>pr\u00e9sent\u00e9 avec <\/em><strong><em>Isabelle Carlier (2)<\/em><\/strong><\/p>\n[\/vc_column_text][\/vc_column][\/vc_row][vc_row][vc_column][vc_column_text]\n<p style=\"text-align: justify;\">Mani\u00e8res de faire est un cin\u00e9-club ouvert \u00e0 tous\u00a0se plongeant sur des d\u00e9marches rares, singuli\u00e8res,\u00a0po\u00e9tiques, convoquant film, \u00e9criture et exp\u00e9rience.\u00a0L\u2019id\u00e9e est aussi de pouvoir pr\u00e9senter des films dont\u00a0l\u2019\u00e9paisseur de la tentative l\u2019emporte parfois sur le cin\u00e9ma\u00a0qui pourtant les accompagne et leur permet d\u2019advenir\u00a0formellement. Ceci nous demande un temps d\u2019\u00e9change\u00a0suppl\u00e9mentaire \u00e0 la projection pour nous plonger sur\u00a0les contextes pr\u00e9cis de l\u2019\u00e9mergence de ces \u00ab exp\u00e9riences cin\u00e9ma\u00a0\u00bb engageant souvent des temporalit\u00e9s longues\u00a0dans leurs modes de fabrication pour vraiment saisir\u00a0leurs enjeux.<\/p>\n<p style=\"text-align: justify;\">Tous les films choisis ont un rapport au soin, au soin et\u00a0\u00e0 l\u2019invention des lieux pour certains, pour d\u2019autres \u00e0 la\u00a0sauvegarde de ce qui fait lieu collectif d\u00e9j\u00e0 : la for\u00eat.\u00a0L\u2019invitation est celle de porter une attention particuli\u00e8re\u00a0dans les 6 films qui seront projet\u00e9s, aux modes de\u00a0pr\u00e9sence, aux gestes, au rythme, \u00e0 la lumi\u00e8re, aux tonalit\u00e9s\u00a0des r\u00e9alit\u00e9s convoqu\u00e9es. \u00c0 comment le montage\u00a0tisse-d\u00e9tisse des liens, \u00e9tablit des relations, pose question\u00a0ou probl\u00e8me. Au traitement sonore. Aux questions\u00a0irr\u00e9solues parce que difficiles pour un film. C\u2019est ainsi\u00a0une invitation \u00e0 \u00eatre attentifs au tissage des relations\u00a0humains-non-humains-lieux dans ses diverses traductions\u00a0et pens\u00e9es cin\u00e9matographiques, ici des essais\u00a0documentaires.<\/p>\n<p style=\"text-align: justify;\">Visionner des films rares pour les penser collectivement\u00a0est une exp\u00e9rience importante nous permettant d\u2019analyser\u00a0ensemble des d\u00e9marches, des choix plastiques et\u00a0des positionnements dont les \u00e9chos vont questionner les\u00a0n\u00f4tres. Comment ferions-nous \u00e0 notre tour ?<\/p>\n<p style=\"text-align: justify;\">Les 6 films propos\u00e9s ici font \u00e9cho \u00e0 leur mani\u00e8re, \u00e0 la\u00a0question \u00ab \u00ab <a href=\"http:\/\/bandits-mages.antrepeaux.net\/blog\/2019\/07\/16\/filmer-lhistoire-atelier-propose-par-erik-bullot-en-partenariat-avec-bandits-mages\/\">Comment filmer l\u2019Histoire ?<\/a> \u00bb pos\u00e9e par\u00a0un cycle imagin\u00e9 par <strong>Erik Bullot (3)<\/strong>, qui propose 3 films qui\u00a0privil\u00e9gient les dur\u00e9es longues pour faire place \u00e0 la difficult\u00e9\u00a0de raconter, filmer, \u00e9crire l\u2019Histoire au cin\u00e9ma. Dans\u00a0notre cas il s\u2019agira du pr\u00e9sent et de l\u2019avenir des histoires.<\/p>\n<p style=\"text-align: justify;\">Cette ann\u00e9e mani\u00e8res de faire propose 6 films, essais documentaires\u00a0r\u00e9cents.<\/p>\n[\/vc_column_text][\/vc_column][\/vc_row][vc_row][vc_column][vc_column_text]\n<p><strong>(1)\u00a0Alejandra Riera<\/strong>, Enseignante en cin\u00e9ma et pratiques documentaires \u00e0 l\u2019E.N.S.A, Bourges. Ses films-documents et \u00e9crits\u00a0ont le plus souvent donn\u00e9 l\u2019\u00e9lan \u00e0 des tentatives encourageant la pens\u00e9e, les gestes et les \u00e9critures collectives.<\/p>\n<p><strong>(2)<\/strong>\u00a0<strong>Isabelle Carlier<\/strong>, Directrice de Bandits-Mages, association consacr\u00e9e aux arts visuels et cin\u00e9matographiques d\u2019essai\u00a0situ\u00e9e \u00e0 l\u2019Antre-Peaux, \u00e0 Bourges, en France.<\/p>\n<p><strong>(3)<\/strong>\u00a0<strong>\u00c9rik Bullot<\/strong>, Enseignant en cin\u00e9ma \u00e0 l\u2019E.N.S.A, cin\u00e9aste et th\u00e9oricien.<\/p>\n[\/vc_column_text][\/vc_column][\/vc_row][vc_row][vc_column][vc_single_image image=\u00bb13354&#8243; img_size=\u00bbfull\u00bb onclick=\u00bbcustom_link\u00bb img_link_target=\u00bb_blank\u00bb][vc_column_text]\n<p><span style=\"font-size: 14pt;\"><strong>12 novembre 2019 &#8211; 19h<\/strong><\/span><\/p>\n[\/vc_column_text][vc_column_text]\n<h3><b>LES HOMMES<\/b>.<\/h3>\n<p>Un film d\u2019<strong>ARIANE MICHEL \/\/\u00a0<\/strong><strong>\u00a0<\/strong><strong>1<\/strong><strong>h<\/strong><strong>35<\/strong><strong>min<\/strong>, France, sortie cinema 2008, 35 mm, couleur. Essai documentaire<\/p>\n<p><strong>FID grand prix de comp\u00e9tion fran\u00e7aise 2006<\/strong><\/p>\n<p>R\u00e9alis\u00e9 \u00e0 bord du voilier Tara dans l\u2019exp\u00e9dition ECOPOLARIS 2004 du GROUPE DE RECHERCHE EN \u00c9COLOGIE ARTIQUE | Tournage et montage : Ariane Michel |\u00a0Montage son : Ferdinand Bouchara | Bruitage : Gadou Naudin | Mixage : Laurent Chassagne | \u00c9talonnage : Jean-Philippe Bouyer, Isabelle Laclau<\/p>\n[\/vc_column_text][\/vc_column][\/vc_row][vc_row][vc_column][vc_single_image image=\u00bb13353&#8243; img_size=\u00bbfull\u00bb onclick=\u00bbcustom_link\u00bb img_link_target=\u00bb_blank\u00bb][vc_column_text]\n<p><span style=\"font-size: 14pt;\"><strong>3 d\u00e9cembre 2019<\/strong><strong>\u00a0&#8211; 19h<\/strong><\/span><\/p>\n[\/vc_column_text][vc_column_text]\n<h3><b>GYURI<\/b>.<\/h3>\n<p>Un film en cours de <strong>MARIANA LACERDA \u00a0<\/strong>\/\/ 86min, Br\u00e9sil, 2019. N&amp;B et couleur. Essai documentaire<\/p>\n<p style=\"text-align: justify;\">Langue : br\u00e9silien, hongrois, yanomami, sous-titr\u00e9 anglais.<br \/>\nAvec Claudia\u00a0Andujar, Peter P\u00e1l Pelbart, Davi Kopenawa et Carlo Zacquini<br \/>\nPhotographie : Marcelo Lacerda (Amazonia) Pio Figueiroa (Sao Paulo) | Son :\u00a0Gustavo Fioravante | Montage : Paula Mercedes | Sc\u00e9nario : Mariana Lacerda |\u00a0Montage son : O Grivo Production : Carole Ferreira, Luis Barbosa et Marcia Vaz<\/p>\n<p style=\"text-align: justify;\">\u2022 Amphith\u00e9\u00e2tre de l\u2019E.N.S.A. En pr\u00e9sence de\u00a0<strong>Jean-Michel Ponty<\/strong> et sa \u00ab Chambre d\u2019\u00e9coute \u00bb.<\/p>\n[\/vc_column_text][\/vc_column][\/vc_row][vc_row][vc_column][vc_single_image image=\u00bb13418&#8243; img_size=\u00bbfull\u00bb onclick=\u00bbcustom_link\u00bb img_link_target=\u00bb_blank\u00bb][vc_column_text]\n<p><span style=\"font-size: 14pt;\"><strong>\u00a04 f\u00e9vrier 2020 &#8211; 19h<\/strong><\/span><\/p>\n[\/vc_column_text][vc_column_text]\n<h3><b>LE TEMPS DES FOR\u00caTS<\/b>.<\/h3>\n<p>Un film de <strong>FRAN\u00c7OIS XAVIER DROUET<\/strong> \u00a0\/\/ 103min, France, 2018, langue : FR, essai documentaire. \/\/ Support : DCP &#8211; Visa : 144 724<\/p>\n<p>Prix SRG SSR &#8211; Semaine de la critique &#8211; Festival de Locarno<\/p>\n<p>Image : Colin L\u00e9v\u00eaque, Georgi Lazarevski, Karine Aulnette, Nicolas Duch\u00eane,\u00a0Fran\u00e7ois-Xavier Drouet | Son : Bruno Schweisguth, Nicolas Joly, Emmanuelle Villard,\u00a0Sylvain Copans | Musique : Fr\u00e9d\u00e9ric D.Oberland | Montage : Agn\u00e8s Bruckert |<\/p>\n<p>Etalonnage : Gadiel Bendelac | Montage son : Bruno Schweisguth | Mixage :\u00a0XavierThibault | Production : Rapha\u00ebl Pillosio, Fabrice Marache, Emeline Bonnardet,\u00a0Philippe Rayna<\/p>\n<p>4 f\u00e9vrier 2020 &#8211; 19h<\/p>\n<p>Au HA\u00cfDOUC, Bandits-Mages.\u00a0En pr\u00e9sence de Muriel Combes<\/p>\n[\/vc_column_text][\/vc_column][\/vc_row][vc_row][vc_column][vc_single_image image=\u00bb13421&#8243; img_size=\u00bbfull\u00bb onclick=\u00bbcustom_link\u00bb img_link_target=\u00bb_blank\u00bb][vc_column_text]\n<p><span style=\"font-size: 14pt;\"><strong>3 mars 2020 &#8211; 19h<\/strong><\/span><\/p>\n[\/vc_column_text][vc_column_text]\n<h3><b>LA DEUXI\u00c8ME RENCONTRE<\/b>.<\/h3>\n<p>Un film de <strong>V\u00c9RONIQUE BALLOT ,\u00a0<\/strong>avec les photographies d\u2019<strong>Henri Ballot \/\/\u00a0<\/strong>70min, France, 2019. Documentaire<\/p>\n<p>R\u00e9alisatrice : V\u00e9ronique Ballot | Son : Vianney Aube | Montage : Daniela Ramalho\u00a0| Producteur : V\u00e9ronique Ballot &#8211; Association Henri Ballot | Distributeur : YVES\u00a0BILLON_ZARAFILM<\/p>\n<p>3 mars 2020 &#8211; 19h<\/p>\n<p>Au HA\u00cfDOUC, Bandits-Mages. En pr\u00e9sence de la\u00a0r\u00e9alisatrice.<\/p>\n[\/vc_column_text][\/vc_column][\/vc_row][vc_row][vc_column][vc_single_image image=\u00bb13419&#8243; img_size=\u00bbfull\u00bb onclick=\u00bbcustom_link\u00bb img_link_target=\u00bb_blank\u00bb][vc_column_text]\n<p><span style=\"font-size: 14pt;\"><strong>7 avril 2020 &#8211; 19h<\/strong><\/span><\/p>\n[\/vc_column_text][vc_column_text]\n<h3><b>LES HEURES HEUREUSES<\/b>.<\/h3>\n<p>Un film de<strong> MARTINE DEYRES<\/strong> \u00a077min, France, Suisse, Belgique, sortie 2019, 35 mm et\u00a0HD. Essai documentaire<\/p>\n<p>Image : Jean-Christophe Beauvallet, Jean-Christophe Gaudry, Dino Beruglia,\u00a0Antoine-Marie Meert | Son : Olivier Hespel, Marianne Roussy, Olivier Schwob |\u00a0Montage : Philippe Boucq, Catherine Catella, Martine Deyres | Musique originale :<\/p>\n<p>Olivier Brisson | Production\/diffusion : Les Films du Tambour de Soie, Bande \u00e0 Part\u00a0Films, Lux Fugit Films, RTS &#8211; Radio T\u00e9l\u00e9vision Suisse.<\/p>\n<p>\u2022 Au HA\u00cfDOUC, Bandits-Mages. En pr\u00e9sence de la\u00a0r\u00e9alisatrice.<\/p>\n[\/vc_column_text][\/vc_column][\/vc_row][vc_row][vc_column][vc_single_image image=\u00bb13420&#8243; img_size=\u00bbfull\u00bb onclick=\u00bbcustom_link\u00bb img_link_target=\u00bb_blank\u00bb][vc_column_text]\n<p><span style=\"font-size: 14pt;\"><strong>5 mai 2020 &#8211; 19h<\/strong><\/span><\/p>\n[\/vc_column_text][vc_column_text]\n<h3><b>&lt; \u2026 &#8211; OHP\u00c9RA &#8211; MUET &#8211; \u2026 &gt;<\/b><\/h3>\n[\u00e0 la date du 9 juillet 2016]\n<p>R\u00e9alis\u00e9 par <strong>A. RIERA<\/strong> avec <strong>UEINZZ<\/strong> \u00a0120min, film exp\u00e9rimental.<\/p>\n<p>Avec Jules Turlet, Mario Leoncio Barrios (hurraca, (parleur) de la Communaut\u00e9 \u00a0Kolla), Anaomar, Iris Santana (avocate de la Communaut\u00e9 Charrua), Sergina Boa\u00a0Morte, (membre d\u2019un groupe d\u2019afro-descendants de Buenos Aires) | Images-textes :\u00a0A. Riera | Cam\u00e9ra : A. Riera, Frederico Bracken, Sergina Boa Morte, Alejo Frias |\u00a0Montage : A. Riera avec Des yeux, Aloyse Leledy, Marine Boulay | Musique : Thomas\u00a0Guillot avec Alejandra Riera, Equipe de tournage Bs;As. : Bohm cine.<\/p>\n<p>\u2022 Amphith\u00e9\u00e2tre de l\u2019E.N.S.A<\/p>\n[\/vc_column_text][\/vc_column][\/vc_row][vc_row][vc_column][vc_single_image image=\u00bb13670&#8243; img_size=\u00bbfull\u00bb onclick=\u00bbcustom_link\u00bb img_link_target=\u00bb_blank\u00bb][vc_column_text]\n<p><span style=\"font-size: 14pt;\"><strong>6 mai 2020 &#8211; 17h<\/strong><\/span><\/p>\n[\/vc_column_text][vc_column_text]\n<h3><b>AU JARDIN COMMUN DE L\u2019E.N.S.A BOURGES<\/b><\/h3>\n<p>&nbsp;<\/p>\n<div class=\"page\" title=\"Page 11\">\n<div class=\"section\">\n<div class=\"layoutArea\">\n<div class=\"column\">\n<p>Accompagn\u00e9 par : <strong>A.M.Fohr (1)<\/strong>, <strong>Alejandra Riera<\/strong>, des \u00e9tudiant.e.s de l\u2019E.N.S.A, et <strong>Peter P\u00e1l Pelbart<\/strong> <strong>(2)<\/strong> (sous r\u00e9serve)<\/p>\n<\/div>\n<\/div>\n<\/div>\n<\/div>\n<div class=\"page\" title=\"Page 11\">\n<div class=\"section\">\n<div class=\"layoutArea\">\n<div class=\"column\">\n<p><strong><span style=\"font-size: 14pt;\">\u00abT\u00bb<\/span><\/strong><\/p>\n<p>\u00ab <em>Aucune ligne ne serait \u00e9crite \u00e0 propos d\u2019un cin\u00e9ma oubli\u00e9 du centre, \u00e9cart\u00e9 des grandes villes. Une bo\u00eete noire comme toutes les autres avec un grand \u00e9cran\u00a0et au fond de la dite salle de cin\u00e9ma, la photographie d\u2019un projectionniste qui ne projette plus, et qui serait rest\u00e9e accroch\u00e9e sur le mur de la cabine\u00a0de projection. Ce cin\u00e9ma aurait \u00e9t\u00e9 abandonn\u00e9 et quelque chose qui n\u2019a pas de nom, ou de nom connu dans nos langues, se serait fray\u00e9 un chemin depuis cet abandon. Dans les quatre murs l\u2019entourant, trois ouvertures se sont av\u00e9r\u00e9es possibles depuis. Deux de c\u00f4t\u00e9, une au fond. Elles se seraient greff\u00e9es une place ne laissant plus si seule la seule ouverture possible dans un cin\u00e9ma : la fen\u00eatre que chaque film propose. Une de ses nouvelles ouvertures est une fen\u00eatre concr\u00e8te avec certaines de ses vitres bris\u00e9es et o\u00f9 une plante se serait mise \u00e0 pousser entre le dehors et l\u2019int\u00e9rieur de ce cin\u00e9ma-l\u00e0. La deuxi\u00e8me ouverture est plus petite, une lucarne presque, et la derni\u00e8re est une ouverture sans cadre apparue dans le mur du fond, l\u00e0 o\u00f9 il y avait la cabine de projection. De sorte que ce cin\u00e9ma abandonn\u00e9 a laiss\u00e9 place \u00e0 l\u2019exp\u00e9rience du \u00ab sans image \u00bb refuge de toute image.<\/em> \u00bb<\/p>\n<\/div>\n<div class=\"page\" title=\"Page 11\">\n<div class=\"section\">\n<div class=\"layoutArea\">\n<div class=\"column\">\n<p>\u00a0(texte) <strong>A. Riera<\/strong>, extrait du film &lt;<strong> &#8230; &#8211; ohp\u00e9ra &#8211; muet &#8211; &#8230;<\/strong> &gt;, [\u00e0 la date du 9 juillet 2016], <strong>A.R. avec UEINZZ.<\/strong><\/p>\n<\/div>\n<div class=\"page\" title=\"Page 11\">\n<div class=\"section\">\n<div class=\"layoutArea\">\n<div class=\"column\">\n<p>1 \u00a0<strong>Andreas Maria Fohr<\/strong>, enseignant artiste \u00e0 l\u2019E.N.S.A. Bourges.<br \/>\n2 <strong>Peter P\u00e1l Pelbart<\/strong>, philosophe, membre du collectif et troupe de th\u00e9\u00e2tre UEINZZ, \u00e9daiteur de N-1 edi\u00e7\u00f5es, Br\u00e9sil.<\/p>\n<\/div>\n<\/div>\n<\/div>\n<\/div>\n<\/div>\n<\/div>\n<\/div>\n<\/div>\n<\/div>\n<\/div>\n<p>\u2022 Amphith\u00e9\u00e2tre de l\u2019E.N.S.A<\/p>\n[\/vc_column_text][\/vc_column][\/vc_row][vc_row][vc_column width=\u00bb1\/2&#8243;][vc_single_image image=\u00bb13357&#8243; img_size=\u00bbmedium\u00bb alignment=\u00bbcenter\u00bb onclick=\u00bbcustom_link\u00bb link=\u00bbhttp:\/\/bandits-mages.antrepeaux.net\/concret_livret-programme-2019_v10-1\/\u00bb][vc_btn title=\u00bbT\u00e9l\u00e9charger le programme\u00bb style=\u00bbflat\u00bb color=\u00bbblack\u00bb size=\u00bbsm\u00bb i_icon_fontawesome=\u00bbfa fa-file-pdf-o\u00bb add_icon=\u00bbtrue\u00bb link=\u00bburl:http%3A%2F%2Fbandits-mages.antrepeaux.net%2Fwp-content%2Fuploads%2F2019%2F10%2FCONCRET_livret-programme-2019_V10-1.pdf||target:%20_blank|\u00bb][\/vc_column][vc_column width=\u00bb1\/2&#8243;][vc_column_text]\n<p><i><strong>Mani\u00e8res de faire<\/strong> : un partenariat entre <strong>Bandits-Mages<\/strong>, \u00a0et l\u2019<strong>\u00c9cole nationale sup\u00e9rieure d\u2019art de Bourges<\/strong>.<\/i><\/p>\n<p>&nbsp;<\/p>\n[\/vc_column_text][vc_row_inner][vc_column_inner width=\u00bb1\/2&#8243;][vc_single_image image=\u00bb2943&#8243; img_size=\u00bbmedium\u00bb][\/vc_column_inner][vc_column_inner width=\u00bb1\/2&#8243;][vc_single_image image=\u00bb13170&#8243; img_size=\u00bbmedium\u00bb][\/vc_column_inner][\/vc_row_inner][\/vc_column][\/vc_row]","protected":false},"excerpt":{"rendered":"<p class=\"qtranxs-available-languages-message qtranxs-available-languages-message-es\">Disculpa, pero esta entrada est\u00e1 disponible s\u00f3lo en <a href=\"https:\/\/bandits-mages.antrepeaux.net\/fr\/wp-json\/wp\/v2\/posts\/13347\" class=\"qtranxs-available-language-link qtranxs-available-language-link-fr\" title=\"FR\">Franc\u00e9s<\/a>. For the sake of viewer convenience, the content is shown below in the alternative language. You may click the link to switch the active language.<\/p>\n<p>Cin\u00e9-club &#8211; Mani\u00e8res de faire en partenariat  avec l&#8217; E.N.S.A \u2013 \u00c9cole Nationale Sup\u00e9rieure d\u2019Art de Bourges E.N.S.A .Retrouvez ici l&#8217;ensemble du cycle cin\u00e9mapropos\u00e9 par Alejandra Riera \u00a0et pr\u00e9sent\u00e9 avec Isabelle Carlier<\/p>\n","protected":false},"author":1,"featured_media":13423,"comment_status":"closed","ping_status":"closed","sticky":false,"template":"","format":"standard","meta":[],"categories":[55,47,38],"tags":[],"_links":{"self":[{"href":"https:\/\/bandits-mages.antrepeaux.net\/es\/wp-json\/wp\/v2\/posts\/13347"}],"collection":[{"href":"https:\/\/bandits-mages.antrepeaux.net\/es\/wp-json\/wp\/v2\/posts"}],"about":[{"href":"https:\/\/bandits-mages.antrepeaux.net\/es\/wp-json\/wp\/v2\/types\/post"}],"author":[{"embeddable":true,"href":"https:\/\/bandits-mages.antrepeaux.net\/es\/wp-json\/wp\/v2\/users\/1"}],"replies":[{"embeddable":true,"href":"https:\/\/bandits-mages.antrepeaux.net\/es\/wp-json\/wp\/v2\/comments?post=13347"}],"version-history":[{"count":20,"href":"https:\/\/bandits-mages.antrepeaux.net\/es\/wp-json\/wp\/v2\/posts\/13347\/revisions"}],"predecessor-version":[{"id":13671,"href":"https:\/\/bandits-mages.antrepeaux.net\/es\/wp-json\/wp\/v2\/posts\/13347\/revisions\/13671"}],"wp:featuredmedia":[{"embeddable":true,"href":"https:\/\/bandits-mages.antrepeaux.net\/es\/wp-json\/wp\/v2\/media\/13423"}],"wp:attachment":[{"href":"https:\/\/bandits-mages.antrepeaux.net\/es\/wp-json\/wp\/v2\/media?parent=13347"}],"wp:term":[{"taxonomy":"category","embeddable":true,"href":"https:\/\/bandits-mages.antrepeaux.net\/es\/wp-json\/wp\/v2\/categories?post=13347"},{"taxonomy":"post_tag","embeddable":true,"href":"https:\/\/bandits-mages.antrepeaux.net\/es\/wp-json\/wp\/v2\/tags?post=13347"}],"curies":[{"name":"wp","href":"https:\/\/api.w.org\/{rel}","templated":true}]}}