{"id":13064,"date":"2019-07-21T12:47:02","date_gmt":"2019-07-21T10:47:02","guid":{"rendered":"http:\/\/bandits-mages.antrepeaux.net\/?p=13064"},"modified":"2019-09-18T17:24:50","modified_gmt":"2019-09-18T15:24:50","slug":"rencontres-bandits-mages-2019","status":"publish","type":"post","link":"https:\/\/bandits-mages.antrepeaux.net\/es\/blog\/2019\/07\/21\/rencontres-bandits-mages-2019\/","title":{"rendered":"PERSPECTIV&#8217;ACT Rencontres Bandits-Mages 2019"},"content":{"rendered":"<p class=\"qtranxs-available-languages-message qtranxs-available-languages-message-es\">Disculpa, pero esta entrada est\u00e1 disponible s\u00f3lo en <a href=\"https:\/\/bandits-mages.antrepeaux.net\/fr\/wp-json\/wp\/v2\/posts\/13064\" class=\"qtranxs-available-language-link qtranxs-available-language-link-fr\" title=\"FR\">Franc\u00e9s<\/a> y <a href=\"https:\/\/bandits-mages.antrepeaux.net\/en\/wp-json\/wp\/v2\/posts\/13064\" class=\"qtranxs-available-language-link qtranxs-available-language-link-en\" title=\"EN\">Ingl\u00e9s Estadounidense<\/a>. For the sake of viewer convenience, the content is shown below in this site default language. You may click one of the links to switch the site language to another available language.<\/p><p style=\"text-align: justify;\">[vc_row][vc_column][vc_column_text]\n<p style=\"text-align: justify;\"><span style=\"font-weight: 400; font-size: 12pt;\">Dans le cadre de\u00a0<strong>Perspectiv\u2019Act<\/strong>, \u00e9v\u00e8nement labellis\u00e9\u00a0<strong>500 ans de Renaissance(s) en R\u00e9gion Centre-Val de Loire.<\/strong><\/span><\/p>\n<p style=\"text-align: justify;\"><strong><span style=\"font-size: 12pt;\">du 12 novembre au 8 d\u00e9cembre 2019<\/span><\/strong><\/p>\n<p style=\"text-align: justify;\"><b>pollinACTIONS<\/b><\/p>\n<p style=\"text-align: justify;\"><b>pollinisation des savoirs et techniques<\/b><\/p>\n<p style=\"text-align: justify;\"><i><span style=\"font-weight: 400;\">\u201cLa vie sans amour, n\u2019est pas la vie du tout\u201d<\/span><\/i><\/p>\n<p style=\"text-align: justify;\"><span style=\"font-weight: 400;\">Leonardo da Vinci<\/span><\/p>\n<p style=\"text-align: justify;\"><i><span style=\"font-weight: 400;\">\u00abIl y a des m\u00e9dias parce qu&#8217;il y a alt\u00e9rit\u00e9 (&#8230;)\u00bb\u00a0<\/span><\/i><\/p>\n<p style=\"text-align: justify;\"><span style=\"font-weight: 400;\">Dieter Mersch\u00a0<\/span><\/p>\n<p style=\"text-align: justify;\"><span style=\"font-weight: 400;\">Th\u00e9orie des m\u00e9dias, une introduction\u00a0<\/span><\/p>\n<p style=\"text-align: justify;\"><i><span style=\"font-weight: 400;\">\u00abNous n\u2019avons pas le courage d\u2019habiter la norme, ni d\u2019\u00eatre normatif ou encore capable de tenir la norme. Mais au contraire, soyons trop fragiles, sensibles.\u00a0<\/span><\/i><\/p>\n<p style=\"text-align: justify;\"><i><span style=\"font-weight: 400;\">C&#8217;est par la fragilit\u00e9 que la r\u00e9volution est mise en \u0153uvre.\u00bb<\/span><\/i><\/p>\n<p style=\"text-align: justify;\"><span style=\"font-weight: 400;\">Paul B. Preciado<\/span><\/p>\n<p style=\"text-align: justify;\"><span style=\"font-weight: 400;\">L\u2019\u00e9lan plastique du pr\u00e9sent serait le mouvement des existences qui ne se laissent pas \u201cplanifier\u201d, comme on ne planifie pas la pousse d\u2019une plante ou l\u2019apparition d\u2019un nuage. Le vivant r\u00e9pond \u00e0 des fluctuations temporelles qui acceptent mal les syst\u00e8mes de production capitaliste qui oeuvrent \u00e0 une destruction massive de notre environnement.<\/span><\/p>\n<p style=\"text-align: justify;\"><span style=\"font-weight: 400;\">Nous pourrions envisager l&#8217;extr\u00eame fragilit\u00e9 de traverser le monde sans perdre sa sensibilit\u00e9, son alt\u00e9rit\u00e9, en r\u00e9sistant par tous les moyens possibles \u00e0 la planification de la plan\u00e8te, \u00e0 l&#8217;organisation de nos vies, \u00e0 la r\u00e9duction du sensible et de la vie, \u00e0 des lignes de comptes et de gestions.\u00a0<\/span><\/p>\n<p style=\"text-align: justify;\"><span style=\"font-weight: 400;\">Nous pourrions d\u00e9couvrir une perception inn\u00e9e de la mati\u00e8re et savoir comment la manipuler, la tisser, la transformer, \u00e0 la mani\u00e8re de l&#8217;animal, de la plante ou du min\u00e9ral.<\/span><\/p>\n<p style=\"text-align: justify;\"><span style=\"font-weight: 400;\">Ceci nous am\u00e8ne \u00e0 d\u00e9finir l\u2019art comme \u00e9largi \u00e0 une prise de conscience sensible du monde terrestre et de ses mati\u00e8res vivantes constamment transformables, insaisissables, nous poussant \u00e0 nous int\u00e9resser, voire \u00e0 combiner et transmuter les arts avec des processus scientifiques qui invitent \u00e0 imaginer, cr\u00e9er de nouvelles communaut\u00e9s possibles sur une plan\u00e8te ab\u00eem\u00e9e.\u00a0<\/span><\/p>\n<p style=\"text-align: justify;\"><span style=\"font-weight: 400;\">Cette plan\u00e8te ab\u00eem\u00e9e est \u00e9videmment notre plan\u00e8te victime de saccages \u00ab\u00e9cologiques, \u00e9conomiques, relationnels et politiques\u00bb.<\/span><\/p>\n<p style=\"text-align: justify;\"><span style=\"font-weight: 400;\">En s&#8217;appuyant sur les recherches de l\u2019anthropologue Anna Lowenhaupt Tsing (humusit\u00e9s, a\u00e9ro-pollinisations, r\u00e9siliences), et des philosophes des sciences Bruno Latour (anthropocene studies) et Bernard Stiegler (digital studies, n\u00e9guanthropoc\u00e8ne), ainsi que sur la pens\u00e9e \u00abM\u00e9dialit\u00e9\u00bb du th\u00e9oricien allemand des m\u00e9dias Dieter Mersh, <\/span><b>pollinACTIONS<\/b><span style=\"font-weight: 400;\"> sera un lieu hybride, base d\u2019une cr\u00e9ation collective, et de fictions sp\u00e9culatives et politiques, de fabulations scientifiques ou mytho-po\u00e9tiques pour traverser les fronti\u00e8res en de\u00e7\u00e0 des divisions binaires entre l&#8217;humain et le non-humain, l&#8217;individu et la soci\u00e9t\u00e9.\u00a0<\/span><\/p>\n<p style=\"text-align: justify;\"><span style=\"font-weight: 400;\">Pour incarner et pratiquer ces nouvelles orientations nous proposons \u00e0 plusieurs entit\u00e9s de se connecter pour construire un sc\u00e9nario collectif et \u00e9volutif. Ils-elles agiront dans 4 laboratoires de <\/span><b>pollinACTIONS<\/b><span style=\"font-weight: 400;\">, ouverts et partag\u00e9s, proposant un ensemble de pratiques exp\u00e9rimentales des arts en relation avec les technologies, les sciences ainsi que des modes d&#8217;actions, de transmission, des fa\u00e7ons de faire, surtout de penser avec le vivant, les plantes, les abeilles et notre environnement de proximit\u00e9, local.\u00a0<\/span><\/p>\n<h5 style=\"text-align: justify;\"><b>Les entit\u00e9s-artistes r\u00e9unies<\/b><\/h5>\n<p style=\"text-align: justify;\"><span style=\"font-weight: 400;\">&#8211; Les abeilles du rucher de l&#8217;IUT de Bourges<\/span><\/p>\n<p style=\"text-align: justify;\"><span style=\"font-weight: 400;\">&#8211; Les vers \u00e0 soie<\/span><\/p>\n<p style=\"text-align: justify;\"><span style=\"font-weight: 400;\">&#8211; Les robots-v\u00e9hicules solaires<\/span><\/p>\n<p style=\"text-align: justify;\"><span style=\"font-weight: 400;\">&#8211; Pierre Grang\u00e9 Praderas : Chercheur apiculteur, hacker et codeur <\/span><a href=\"https:\/\/www.openbeelab.org\/\"><span style=\"font-weight: 400;\">https:\/\/www.openbeelab.org\/<\/span><\/a><\/p>\n<p style=\"text-align: justify;\"><span style=\"font-weight: 400;\">&#8211; Carolina Novella et Constanza Pi\u00f1a (Corazon de robota) : Tisseuses, math\u00e9maticiennes et gu\u00e9risseuses. <\/span><a href=\"https:\/\/oncogrrrls.wordpress.com\/\"><span style=\"font-weight: 400;\">https:\/\/oncogrrrls.wordpress.com\/<\/span><\/a><span style=\"font-weight: 400;\"> &amp; <\/span><a href=\"https:\/\/corazonderobota.wordpress.com\/about\/\"><span style=\"font-weight: 400;\">https:\/\/corazonderobota.wordpress.com\/about\/<\/span><\/a><\/p>\n<p style=\"text-align: justify;\"><span style=\"font-weight: 400;\">&#8211; Aurore Morillon : Sorci\u00e8re post-porn herboriste\u00a0<\/span><\/p>\n<p style=\"text-align: justify;\"><span style=\"font-weight: 400;\">&#8211; R\u00e9mi Voche : Actionniste comportemental et environnemental eco-sexuel<\/span><\/p>\n<p style=\"text-align: justify;\"><span style=\"font-weight: 400;\">&#8211; Ewen Chardronnet : Auteur collectif journaliste enqu\u00eateur hybride<\/span><\/p>\n<p style=\"text-align: justify;\"><span style=\"font-weight: 400;\">&#8211; Cl\u00e9mence Hall\u00e9 : Chercheuse en sciences humaines sur les histoires de l&#8217;Anthropoc\u00e8ne<\/span><\/p>\n<p style=\"text-align: justify;\"><span style=\"font-weight: 400;\">&#8211; Anne-Sophie Millon : Dessinatrice \u00e0 l\u2019interstice des mondes des arts et des sciences<\/span><\/p>\n<p style=\"text-align: justify;\"><span style=\"font-weight: 400;\">&#8211; Smith et la Cellule Cosmiel : <\/span><a href=\"https:\/\/desideration.space\/\"><span style=\"font-weight: 400;\">https:\/\/desideration.space\/<\/span><\/a><\/p>\n<p style=\"text-align: justify;\"><span style=\"font-weight: 400;\">&#8211; Luce Moreau : Artiste <\/span><\/p>\n<p style=\"text-align: justify;\"><span style=\"font-weight: 400;\">Le groupe des entit\u00e9s constitu\u00e9es propose d\u2019entrer dans quatre laboratoires connect\u00e9s. Le monde d\u00e9ploy\u00e9 et propos\u00e9 est fait de ramifications, comme si nous devions d\u00e9couvrir un r\u00e9seau souterrain inspir\u00e9 par les mychorhizes d\u2019une for\u00eat<\/span><span style=\"font-weight: 400;\">, ou par une constellation inconnue<\/span><span style=\"font-weight: 400;\">.<\/span><\/p>\n<p style=\"text-align: justify;\"><span style=\"font-weight: 400;\">Chacun-e \u00e9tant responsable du groupe, le voyage commun portera alors de facto sur le d\u00e9ploiement d\u2019un art de conversation entre les mondes sensibles et les laboratoires, et la mise en place d\u2019une fabrique de recherche m\u00ealant des savoirs artistiques et scientifiques ouverts aux savoirs locaux.<\/span><\/p>\n<p style=\"text-align: justify;\"><span style=\"font-weight: 400;\">Tous les programmes, horaires et informations actualis\u00e9s de perspectiv\u2019act sont \u00e0 retrouver sur <a href=\"https:\/\/perspectivact.org\" target=\"_blank\" rel=\"noopener noreferrer\">perspectivact.org\u00a0<\/a><\/span><\/p>\n<p style=\"text-align: justify;\">[\/vc_column_text][\/vc_column][\/vc_row]","protected":false},"excerpt":{"rendered":"<p class=\"qtranxs-available-languages-message qtranxs-available-languages-message-es\">Disculpa, pero esta entrada est\u00e1 disponible s\u00f3lo en <a href=\"https:\/\/bandits-mages.antrepeaux.net\/fr\/wp-json\/wp\/v2\/posts\/13064\" class=\"qtranxs-available-language-link qtranxs-available-language-link-fr\" title=\"FR\">Franc\u00e9s<\/a> y <a href=\"https:\/\/bandits-mages.antrepeaux.net\/en\/wp-json\/wp\/v2\/posts\/13064\" class=\"qtranxs-available-language-link qtranxs-available-language-link-en\" title=\"EN\">Ingl\u00e9s Estadounidense<\/a>. For the sake of viewer convenience, the content is shown below in this site default language. You may click one of the links to switch the site language to another available language.<\/p>\n<p>Rencontres Bandits-Mages 2019, dans le cadre de\u00a0Perspectiv\u2019Act, \u00e9v\u00e8nement labellis\u00e9\u00a0500 ans de Renaissance(s) en R\u00e9gion Centre-Val de Loire, du 12 novembre au 8 d\u00e9cembre 2019<br \/>\npollinACTIONS \/ pollinisation des savoirs et techniques<\/p>\n","protected":false},"author":1,"featured_media":13065,"comment_status":"closed","ping_status":"closed","sticky":false,"template":"","format":"standard","meta":[],"categories":[40,59,43],"tags":[],"_links":{"self":[{"href":"https:\/\/bandits-mages.antrepeaux.net\/es\/wp-json\/wp\/v2\/posts\/13064"}],"collection":[{"href":"https:\/\/bandits-mages.antrepeaux.net\/es\/wp-json\/wp\/v2\/posts"}],"about":[{"href":"https:\/\/bandits-mages.antrepeaux.net\/es\/wp-json\/wp\/v2\/types\/post"}],"author":[{"embeddable":true,"href":"https:\/\/bandits-mages.antrepeaux.net\/es\/wp-json\/wp\/v2\/users\/1"}],"replies":[{"embeddable":true,"href":"https:\/\/bandits-mages.antrepeaux.net\/es\/wp-json\/wp\/v2\/comments?post=13064"}],"version-history":[{"count":10,"href":"https:\/\/bandits-mages.antrepeaux.net\/es\/wp-json\/wp\/v2\/posts\/13064\/revisions"}],"predecessor-version":[{"id":13139,"href":"https:\/\/bandits-mages.antrepeaux.net\/es\/wp-json\/wp\/v2\/posts\/13064\/revisions\/13139"}],"wp:featuredmedia":[{"embeddable":true,"href":"https:\/\/bandits-mages.antrepeaux.net\/es\/wp-json\/wp\/v2\/media\/13065"}],"wp:attachment":[{"href":"https:\/\/bandits-mages.antrepeaux.net\/es\/wp-json\/wp\/v2\/media?parent=13064"}],"wp:term":[{"taxonomy":"category","embeddable":true,"href":"https:\/\/bandits-mages.antrepeaux.net\/es\/wp-json\/wp\/v2\/categories?post=13064"},{"taxonomy":"post_tag","embeddable":true,"href":"https:\/\/bandits-mages.antrepeaux.net\/es\/wp-json\/wp\/v2\/tags?post=13064"}],"curies":[{"name":"wp","href":"https:\/\/api.w.org\/{rel}","templated":true}]}}