{"id":12565,"date":"2019-02-26T16:41:13","date_gmt":"2019-02-26T15:41:13","guid":{"rendered":"http:\/\/bandits-mages.antrepeaux.net\/?p=12565"},"modified":"2019-03-11T18:35:36","modified_gmt":"2019-03-11T17:35:36","slug":"images-voix-du-sud-le-liban-entre-tourmentes-reves-eparpilles","status":"publish","type":"post","link":"https:\/\/bandits-mages.antrepeaux.net\/es\/blog\/2019\/02\/26\/images-voix-du-sud-le-liban-entre-tourmentes-reves-eparpilles\/","title":{"rendered":"IMAGES &#038; VOIX DU SUD : LE LIBAN ENTRE TOURMENTES &#038; R\u00caVES \u00c9PARPILL\u00c9S"},"content":{"rendered":"<p class=\"qtranxs-available-languages-message qtranxs-available-languages-message-es\">Disculpa, pero esta entrada est\u00e1 disponible s\u00f3lo en <a href=\"https:\/\/bandits-mages.antrepeaux.net\/fr\/wp-json\/wp\/v2\/posts\/12565\" class=\"qtranxs-available-language-link qtranxs-available-language-link-fr\" title=\"FR\">Franc\u00e9s<\/a>. For the sake of viewer convenience, the content is shown below in the alternative language. You may click the link to switch the active language.<\/p>[vc_row][vc_column][vc_column_text]\n<p style=\"text-align: justify;\"><span style=\"font-size: 12pt;\"><strong>Bandits-Mages <\/strong>vous invite au deux premi\u00e8res s\u00e9ances du cycle de cin\u00e9ma <strong>IMAGES &amp; VOIX DU SUD,<\/strong>\u00a0programm\u00e9es, compos\u00e9es et pr\u00e9sent\u00e9es par <strong>Olivier Hadouchi<\/strong>, chercheur &amp; programmateur\u00a0ind\u00e9pendant, docteur en \u00e9tudes cin\u00e9matographiques.<\/span><\/p>\n<p style=\"text-align: justify;\"><span style=\"font-size: 12pt;\"><em>\u00abPour mieux chanter et documenter le monde avec de l&#8217;audace, de l&#8217;expressivit\u00e9 et de l&#8217;inventivit\u00e9.\u00bb<\/em><\/span><\/p>\n<p style=\"text-align: justify;\"><strong><span style=\"font-size: 12pt;\">Vendredi 29 mars \u00e0 partir de 18h00<\/span><\/strong><\/p>\n<p style=\"text-align: justify;\"><b>Ha\u00efdouc &#8211; Bandits-Mages\u00a0<\/b><b><\/b>Antre Peaux \/ \u00a024-26 route de la chapelle\u00a018000 Bourges<\/p>\n<p style=\"text-align: justify;\"><strong>Tarif<\/strong>\u00a0: Libre participation<\/p>\n<h4 style=\"text-align: justify;\"><b>18H00 <\/b><b>\u00b7 <\/b><b>1\u00c8RE S\u00c9ANCE<span class=\"Apple-converted-space\">\u00a0<\/span><\/b><\/h4>\n<p><span style=\"font-size: 12pt;\"><strong><em>Beyrouth ma ville\u00a0<\/em>de Jocelyne Saab, France, 1982, 30 mn<\/strong><\/span><\/p>\n<p>\u00ab\u00a0<em>Nous risquions notre vie tous les jours durant le si\u00e8ge de Beyrouth, car la ville \u00e9tait bombard\u00e9e sans arr\u00eat. C\u2019\u00e9tait \u00e9trange, mais ce risque de mort venu du ciel \u00e9tait presque quelque chose d\u2019abstrait pour nous. (&#8230;) En m\u00eame temps, capturer cette image, c\u2019\u00e9tait pour moi comme tuer ou apprivoiser la mort. Pour en faire une image t\u00e9moin, me sauver de ma propre mort \u00e9ventuelle. En plus, je savais qu\u2019avec mon m\u00e9tier de reporter de guerre, je pouvais \u00eatre tu\u00e9e. Pourtant, lorsque je filmais et j\u2019avais l\u2019\u0153il cach\u00e9 par la cam\u00e9ra, je me suis toujours crue invincible.\u00a0<\/em>\u00bb <strong>(Jocelyne Saab)<\/strong><\/p>\n<p>Un document magistral sur la r\u00e9sistance d&#8217;une ville assi\u00e9g\u00e9e et les images en temps de guerre.<\/p>\n<p><strong><span style=\"font-size: 12pt;\"><em>Pays r\u00eav\u00e9\u00a0<\/em>de Jihane Chouaib, France, 2012, 1h25<\/span><\/strong><\/p>\n<p><em>\u00ab\u00a0Dans le Liban d\u2019aujourd\u2019hui, des Libanais de l\u2019\u00e9tranger, enfants de la guerre, se mettent en qu\u00eate d\u2019un \u00ab pays r\u00eav\u00e9 \u00bb. Un territoire int\u00e9rieur, fondateur et inaccessible comme l\u2019enfance. Entre douceur et massacre, chacun tente de se ressaisir de ce qui le construit. Pour conqu\u00e9rir la libert\u00e9 de r\u00e9inventer son identit\u00e9.\u00a0\u00bb (Jihane Chouaib) <\/em><\/p>\n<p><em>\u00a0<\/em>En pr\u00e9sence de la cin\u00e9aste<strong> Jihane Chouaib<\/strong><\/p>\n<h4 style=\"text-align: justify;\"><span class=\"Apple-converted-space\">\u00a0<\/span><b>21H00 <\/b><b>\u00b7 <\/b><b>2\u00c8ME S\u00c9ANCE<span class=\"Apple-converted-space\">\u00a0<\/span><\/b><\/h4>\n<p><strong><span style=\"font-size: 12pt;\"><em>\u00c7a sera beau From Beyrouth with Love<\/em>\u00a0de Wa\u00ebl Noureddine, France, 2005, 30 mn\u00a0<\/span><\/strong><\/p>\n<p>Tour \u00e0 tour essai po\u00e9tique &amp; chronique \u00e9pistolaire, chant d&#8217;amour \u00e0 une ville aim\u00e9e &amp; ha\u00efe et carnet de retour au pays natal, \u00e0 la premi\u00e8re personne, sur fond d&#8217;\u00e9ruptions chaotiques et de soubresauts de plusieurs sortes, ce film de Wa\u00ebl Noureddine fait partie d&#8217;un triptyque tourn\u00e9 au Liban et au Y\u00e9men, qui continue de nous secouer, plus de 10 ans apr\u00e8s.<\/p>\n<p><strong><span style=\"font-size: 12pt;\"><em>A\u00efnata<\/em>de de Alaa Mansour Liban, 2018, 1h30 mn\u00a0<\/span><\/strong><\/p>\n<p>\u00ab\u00a0<em>Nous sommes \u00e0 A\u00efnata au sud du Liban, l\u00e0 o\u00f9 l&#8217;\u0153il croise l&#8217;eau des sources, l\u00e0 o\u00f9 les fables de la terre d&#8217;Ougarite se m\u00ealent \u00e0 nos mythes et rites modernes. Je tente de d\u00e9finir un point de vue, de cartographier l&#8217;espace propre de chacun. L&#8217;Histoire se raconte, et ses r\u00e9cits se d\u00e9ploient en un territoire, o\u00f9 l\u2019arch\u00e9ologie des temps doit sa survie \u00e0 la fiction<\/em>\u00bb (Alaa Mansour).<br \/>\nEn pr\u00e9sence de la cin\u00e9aste <strong>Alaa Mansour<\/strong>.<\/p>\n<div class=\"page\" style=\"text-align: justify;\" title=\"Page 2\">\n<div class=\"layoutArea\">\n<div class=\"column\"><strong>Besoin d&#8217;information Contacts\u00a0<\/strong>\u00a002 48 50 42 47<\/div>\n<div>\u00a0<\/div>\n<\/div>\n<\/div>\n<p style=\"text-align: justify;\">L\u2019ensemble du programme est consultable <a href=\"http:\/\/bandits-mages.antrepeaux.net\/wp-content\/uploads\/2019\/01\/programme-voixdusud-final-recto-Web.pdf\">ici<\/a><\/p>\n<p>&nbsp;<\/p>\n[\/vc_column_text][\/vc_column][\/vc_row]","protected":false},"excerpt":{"rendered":"<p class=\"qtranxs-available-languages-message qtranxs-available-languages-message-es\">Disculpa, pero esta entrada est\u00e1 disponible s\u00f3lo en <a href=\"https:\/\/bandits-mages.antrepeaux.net\/fr\/wp-json\/wp\/v2\/posts\/12565\" class=\"qtranxs-available-language-link qtranxs-available-language-link-fr\" title=\"FR\">Franc\u00e9s<\/a>. For the sake of viewer convenience, the content is shown below in the alternative language. You may click the link to switch the active language.<\/p>\n<p>Bandits-Mages vous invite \u00e0\u00a0sept s\u00e9ances de cin\u00e9ma IMAGES &#038; VOIX DU SUD,\u00a0programm\u00e9es, compos\u00e9es et pr\u00e9sent\u00e9es par Olivier Hadouchi, chercheur &#038; programmateur\u00a0ind\u00e9pendant, docteur en \u00e9tudes cin\u00e9matographiques.\u00bbPour mieux chanter et documenter le monde avec de l&#8217;audace, de l&#8217;expressivit\u00e9 et de l&#8217;inventivit\u00e9.\u00bb<\/p>\n","protected":false},"author":1,"featured_media":12566,"comment_status":"closed","ping_status":"closed","sticky":false,"template":"","format":"standard","meta":[],"categories":[37,55,40],"tags":[],"_links":{"self":[{"href":"https:\/\/bandits-mages.antrepeaux.net\/es\/wp-json\/wp\/v2\/posts\/12565"}],"collection":[{"href":"https:\/\/bandits-mages.antrepeaux.net\/es\/wp-json\/wp\/v2\/posts"}],"about":[{"href":"https:\/\/bandits-mages.antrepeaux.net\/es\/wp-json\/wp\/v2\/types\/post"}],"author":[{"embeddable":true,"href":"https:\/\/bandits-mages.antrepeaux.net\/es\/wp-json\/wp\/v2\/users\/1"}],"replies":[{"embeddable":true,"href":"https:\/\/bandits-mages.antrepeaux.net\/es\/wp-json\/wp\/v2\/comments?post=12565"}],"version-history":[{"count":8,"href":"https:\/\/bandits-mages.antrepeaux.net\/es\/wp-json\/wp\/v2\/posts\/12565\/revisions"}],"predecessor-version":[{"id":12659,"href":"https:\/\/bandits-mages.antrepeaux.net\/es\/wp-json\/wp\/v2\/posts\/12565\/revisions\/12659"}],"wp:featuredmedia":[{"embeddable":true,"href":"https:\/\/bandits-mages.antrepeaux.net\/es\/wp-json\/wp\/v2\/media\/12566"}],"wp:attachment":[{"href":"https:\/\/bandits-mages.antrepeaux.net\/es\/wp-json\/wp\/v2\/media?parent=12565"}],"wp:term":[{"taxonomy":"category","embeddable":true,"href":"https:\/\/bandits-mages.antrepeaux.net\/es\/wp-json\/wp\/v2\/categories?post=12565"},{"taxonomy":"post_tag","embeddable":true,"href":"https:\/\/bandits-mages.antrepeaux.net\/es\/wp-json\/wp\/v2\/tags?post=12565"}],"curies":[{"name":"wp","href":"https:\/\/api.w.org\/{rel}","templated":true}]}}