{"id":713,"date":"2012-07-12T15:35:55","date_gmt":"2012-07-12T13:35:55","guid":{"rendered":"http:\/\/bandits-mages.antrepeaux.net\/site2015\/?p=713"},"modified":"2015-01-23T16:35:21","modified_gmt":"2015-01-23T15:35:21","slug":"marissa-viani-serrano-ocampo","status":"publish","type":"post","link":"https:\/\/bandits-mages.antrepeaux.net\/en\/blog\/2012\/07\/12\/marissa-viani-serrano-ocampo\/","title":{"rendered":"Marissa Viani Serrano Ocampo"},"content":{"rendered":"<div class=\"AppliStyle4 editoArticle\">Bandits-Mages accueille en r\u00e9sidence, <a href=\"http:\/\/vimeo.com\/user4298416\"><b>Marissa Viani Serrano Ocampo<\/b><\/a>.<\/p>\n<h4 align=\"JUSTIFY\">Projection-rencontre :<br \/>\nLe Jeudi 5 juillet 2012 \u00e0 19h<br \/>\nLe Ha\u00efdouc- Friche culturelle l&#8217;antre-peaux,<\/h4>\n<p>Pr\u00e9sentation d&#8217;une s\u00e9lection de 6 travaux (video, film) et rencontre avec Marissa Viani Serrano Ocampo autour de son projet &#8220;Lunaticus&#8221; dans le cadre de sa r\u00e9sidence \u00e0 Bandits-Mages, en juin \/ juillet et qui sera pr\u00e9sent\u00e9 au festival de Werkleitz (Halle, Allemagne) en octobre 2012.<\/p>\n<p>Le projet &#8220;Lunaticus&#8221; consiste en la r\u00e9alisation de plusieurs vid\u00e9os qui interrogent la relation entre le divin et sa relation avec l&#8217;humain.<br \/>\n&#8220;In the Middle Age, the Divine Disease -formerly known as some neurological or psychiatric disorders- took its name from certain symptoms that the patients suffered in a crisis.<br \/>\nThese symptoms were associated with involuntary body movement, more sensitivity and clarity of thought. Together, they cause to the patient an altered state of reality that lead him in a mystical or divine experience.&#8221;<\/p>\n<\/div>\n<div><\/div>\n<div class=\"AppliStyle3 texteArticle\"><em>Les partenaires du r\u00e9seau EMAN proposent des r\u00e9sidences entre avril et septembre, au Mexique, en Grande Bretagne en Allemagne, aux Pays Bas et en France, soutenus par la commission Europ\u00e9enne Programme Culture 2007\u00ad-2013, El Fondo Nacional para la Cultura y las Artes Mexico, the Goethe Institute Mexico, the Centro Cultural Alem\u00e1n de San Luis Potos\u00ed, the City of Utrecht, the Arts Council of England et the regional municipalities of Saxony\u00ad-Anhalt in Germany. <\/em><br \/>\n<em>Les Artistes europ\u00e9ens qui travaillent dans le champ des arts m\u00e9diatiques et de l\u2019image en mouvement ont \u00e9t\u00e9 invit\u00e9s \u00e0 d\u00e9poser leur candidature pour une r\u00e9sidence de 2 mois au Centro Multimedia in Mexico City et\/ou au Centro de Arte y Nuevas Technologias (CANTE) in San Luis Potosi. <\/em><br \/>\n<em>Les artistes mexicains qui travaillent dans le champ des arts m\u00e9diatiques et de l\u2019image en mouvement, ont \u00e9t\u00e9 invit\u00e9s \u00e0 d\u00e9poser leur candidature pour une r\u00e9sidence de 2 mois at IMPAKT, Utrecht, Netherlands \u037e Bandits-Mages, Bourges, France ; FACT, Liverpool, United Kingdom ou \u00e0 Werkleitz, Centre for Media Arts in Halle, Germany.<\/em><\/div>\n<div class=\"AppliStyle3 texteArticle\"><\/div>\n<div class=\"AppliStyle3 texteArticle\"><a href=\"http:\/\/bandits-mages.antrepeaux.net\/site2015\/wp-content\/uploads\/2015\/01\/EU_flag_cult_FR-01.jpg\"><img loading=\"lazy\" class=\"aligncenter wp-image-714 size-medium\" src=\"http:\/\/bandits-mages.antrepeaux.net\/site2015\/wp-content\/uploads\/2015\/01\/EU_flag_cult_FR-01-300x117.jpg\" alt=\"EU_flag_cult_FR-01\" width=\"300\" height=\"117\" srcset=\"https:\/\/bandits-mages.antrepeaux.net\/wp-content\/uploads\/2015\/01\/EU_flag_cult_FR-01-300x117.jpg 300w, https:\/\/bandits-mages.antrepeaux.net\/wp-content\/uploads\/2015\/01\/EU_flag_cult_FR-01-768x298.jpg 768w, https:\/\/bandits-mages.antrepeaux.net\/wp-content\/uploads\/2015\/01\/EU_flag_cult_FR-01-150x58.jpg 150w, https:\/\/bandits-mages.antrepeaux.net\/wp-content\/uploads\/2015\/01\/EU_flag_cult_FR-01.jpg 826w\" sizes=\"(max-width: 300px) 100vw, 300px\" \/><\/a><\/div>\n","protected":false},"excerpt":{"rendered":"<p>Bandits-Mages accueille en r\u00e9sidence, Marissa Viani Serrano Ocampo. Projection-rencontre : Le Jeudi 5 juillet 2012 \u00e0 19h Le Ha\u00efdouc- Friche culturelle l&#8217;antre-peaux, Pr\u00e9sentation d&#8217;une s\u00e9lection de 6 travaux (video, film) et rencontre avec Marissa Viani Serrano Ocampo autour de son projet &#8220;Lunaticus&#8221; dans le cadre de sa r\u00e9sidence \u00e0 Bandits-Mages, en juin \/ juillet et&hellip;<\/p>\n","protected":false},"author":1,"featured_media":715,"comment_status":"closed","ping_status":"closed","sticky":false,"template":"","format":"standard","meta":[],"categories":[40],"tags":[],"_links":{"self":[{"href":"https:\/\/bandits-mages.antrepeaux.net\/en\/wp-json\/wp\/v2\/posts\/713"}],"collection":[{"href":"https:\/\/bandits-mages.antrepeaux.net\/en\/wp-json\/wp\/v2\/posts"}],"about":[{"href":"https:\/\/bandits-mages.antrepeaux.net\/en\/wp-json\/wp\/v2\/types\/post"}],"author":[{"embeddable":true,"href":"https:\/\/bandits-mages.antrepeaux.net\/en\/wp-json\/wp\/v2\/users\/1"}],"replies":[{"embeddable":true,"href":"https:\/\/bandits-mages.antrepeaux.net\/en\/wp-json\/wp\/v2\/comments?post=713"}],"version-history":[{"count":2,"href":"https:\/\/bandits-mages.antrepeaux.net\/en\/wp-json\/wp\/v2\/posts\/713\/revisions"}],"predecessor-version":[{"id":717,"href":"https:\/\/bandits-mages.antrepeaux.net\/en\/wp-json\/wp\/v2\/posts\/713\/revisions\/717"}],"wp:featuredmedia":[{"embeddable":true,"href":"https:\/\/bandits-mages.antrepeaux.net\/en\/wp-json\/wp\/v2\/media\/715"}],"wp:attachment":[{"href":"https:\/\/bandits-mages.antrepeaux.net\/en\/wp-json\/wp\/v2\/media?parent=713"}],"wp:term":[{"taxonomy":"category","embeddable":true,"href":"https:\/\/bandits-mages.antrepeaux.net\/en\/wp-json\/wp\/v2\/categories?post=713"},{"taxonomy":"post_tag","embeddable":true,"href":"https:\/\/bandits-mages.antrepeaux.net\/en\/wp-json\/wp\/v2\/tags?post=713"}],"curies":[{"name":"wp","href":"https:\/\/api.w.org\/{rel}","templated":true}]}}