{"id":694,"date":"2010-10-07T14:08:09","date_gmt":"2010-10-07T12:08:09","guid":{"rendered":"http:\/\/bandits-mages.antrepeaux.net\/site2015\/?p=694"},"modified":"2015-01-05T14:14:02","modified_gmt":"2015-01-05T13:14:02","slug":"fiona-lindron-hiberna","status":"publish","type":"post","link":"https:\/\/bandits-mages.antrepeaux.net\/en\/blog\/2010\/10\/07\/fiona-lindron-hiberna\/","title":{"rendered":"Fiona Lindron : Hiberna"},"content":{"rendered":"<h3 class=\"AppliStyle5 titreArticle\">\u00a0Avant la catastrophe Apr\u00e8s la catastrophe<\/h3>\n<div class=\"AppliStyle5 titreArticle\"><em>de Fiona Lindron<\/em><\/div>\n<div class=\"AppliStyle5 titreArticle\"><\/div>\n<div class=\"AppliStyle4 editoArticle\">\u00c0\u00a0l&#8217;occasion de &#8220;<i>21000<\/i> &#8211; Exposition urbaine art &amp; design&#8221; \u00e0 Dijon, l\u2019artiste Fiona Lindron, soutenue \u00e0 plusieurs reprises par Bandits-Mages (Vera, r\u00e9sidence 2007, 520 days, soutien \u00e0 la production) et laur\u00e9ate du prix jeune talent du conseil G\u00e9n\u00e9ral de C\u00f4te d\u2019Or 2010 pr\u00e9sentera son installation vid\u00e9o Avant la catastrophe Apr\u00e8s la catastrophe.<\/div>\n<div><\/div>\n<div class=\"AppliStyle3 texteArticle\">Avant la catastrophe Apr\u00e8s la catastrophe est un work in progress, qui a vu le jour au retour du voyage de l\u2019artiste \u00e0 bord d\u2019un thonier dans l\u2019oc\u00e9an Indien, n\u00e9e de cet isolement qui a dur\u00e9 deux mois, entour\u00e9 du cercle bleu et de l\u2019\u00e9quipage.Hiberna, s\u00e9quence vid\u00e9o produite durant la derni\u00e8re r\u00e9sidence de Fiona Lindron \u00e0 Bandits-Mages en mars 2010, vient s\u2019inscrire dans cette installation.<a title=\"Fiona Lindron\" href=\"http:\/\/bandits-mages.antrepeaux.net\/site2015\/haidouc\/2010\/fiona-lindron\">Lire les pr\u00e9c\u00e9dents articles \u00e0 propos de Hiberna.<\/a><\/p>\n<hr \/>\n<p><strong>Mus\u00e9e des Beaux-Arts de Dijon<\/strong><br \/>\nTous les jours (sauf le mardi) de 9h30 \u00e0 18h00.<\/p>\n<p>Esther Hoareau, Fiona Lindron et Annelise Ragno pr\u00e9senteront une s\u00e9lection de vid\u00e9os dans la vitrine de la Boutique du Consortium (16 rue Quentin &#8211; 21000 Dijon), du 7 au 21 octobre.<\/p>\n<\/div>\n","protected":false},"excerpt":{"rendered":"<p>\u00a0Avant la catastrophe Apr\u00e8s la catastrophe de Fiona Lindron \u00c0\u00a0l&#8217;occasion de &#8220;21000 &#8211; Exposition urbaine art &amp; design&#8221; \u00e0 Dijon, l\u2019artiste Fiona Lindron, soutenue \u00e0 plusieurs reprises par Bandits-Mages (Vera, r\u00e9sidence 2007, 520 days, soutien \u00e0 la production) et laur\u00e9ate du prix jeune talent du conseil G\u00e9n\u00e9ral de C\u00f4te d\u2019Or 2010 pr\u00e9sentera son installation vid\u00e9o&hellip;<\/p>\n","protected":false},"author":1,"featured_media":685,"comment_status":"closed","ping_status":"closed","sticky":false,"template":"","format":"standard","meta":[],"categories":[40],"tags":[],"_links":{"self":[{"href":"https:\/\/bandits-mages.antrepeaux.net\/en\/wp-json\/wp\/v2\/posts\/694"}],"collection":[{"href":"https:\/\/bandits-mages.antrepeaux.net\/en\/wp-json\/wp\/v2\/posts"}],"about":[{"href":"https:\/\/bandits-mages.antrepeaux.net\/en\/wp-json\/wp\/v2\/types\/post"}],"author":[{"embeddable":true,"href":"https:\/\/bandits-mages.antrepeaux.net\/en\/wp-json\/wp\/v2\/users\/1"}],"replies":[{"embeddable":true,"href":"https:\/\/bandits-mages.antrepeaux.net\/en\/wp-json\/wp\/v2\/comments?post=694"}],"version-history":[{"count":3,"href":"https:\/\/bandits-mages.antrepeaux.net\/en\/wp-json\/wp\/v2\/posts\/694\/revisions"}],"predecessor-version":[{"id":697,"href":"https:\/\/bandits-mages.antrepeaux.net\/en\/wp-json\/wp\/v2\/posts\/694\/revisions\/697"}],"wp:featuredmedia":[{"embeddable":true,"href":"https:\/\/bandits-mages.antrepeaux.net\/en\/wp-json\/wp\/v2\/media\/685"}],"wp:attachment":[{"href":"https:\/\/bandits-mages.antrepeaux.net\/en\/wp-json\/wp\/v2\/media?parent=694"}],"wp:term":[{"taxonomy":"category","embeddable":true,"href":"https:\/\/bandits-mages.antrepeaux.net\/en\/wp-json\/wp\/v2\/categories?post=694"},{"taxonomy":"post_tag","embeddable":true,"href":"https:\/\/bandits-mages.antrepeaux.net\/en\/wp-json\/wp\/v2\/tags?post=694"}],"curies":[{"name":"wp","href":"https:\/\/api.w.org\/{rel}","templated":true}]}}