{"id":568,"date":"2015-03-29T15:49:38","date_gmt":"2015-03-29T13:49:38","guid":{"rendered":"http:\/\/bandits-mages.antrepeaux.net\/site2015\/?p=568"},"modified":"2015-05-01T11:13:52","modified_gmt":"2015-05-01T09:13:52","slug":"animation-reanimation","status":"publish","type":"post","link":"https:\/\/bandits-mages.antrepeaux.net\/en\/blog\/2015\/03\/29\/animation-reanimation\/","title":{"rendered":"Animation \/ R\u00e9animation"},"content":{"rendered":"<p class=\"p1\"><em>La Maison de la Culture ouvre pour la troisi\u00e8me ann\u00e9e cons\u00e9cutive son cin\u00e9ma \u00e0 Bandits-Mages et \u00e0 l\u2019\u00c9cole nationale sup\u00e9rieure d\u2019art de Bourges. Occasion d\u2019introduire \u00e0 nouveau dans le lieu solennel de la salle de cin\u00e9ma des films aussi singuliers qu\u2019incontournables. Un programme mensuel, \u00ab Animation, r\u00e9animation \u00bb, compos\u00e9 avec \u00c9rik Bullot, cin\u00e9aste, enseignant \u00e0 l\u2019\u00c9cole nationale sup\u00e9rieure d\u2019art de Bourges, est propos\u00e9 \u00e0 destination des \u00e9tudiants et de tous les curieux cin\u00e9philes.<br \/>\n<\/em><em>&#8211; Un verre est offert \u00e0 l\u2019issue de chaque s\u00e9ance.<\/em><\/p>\n<blockquote class=\"p1\"><p><span class=\"s1\">R\u00e9alis\u00e9 en 1914 par Winsor McCay, l\u2019auteur de la bande dessin\u00e9e <\/span><i>Little Nemo<\/i>, l\u2019un des premiers films consacr\u00e9s de l\u2019histoire du dessin anim\u00e9 s\u2019intitule <i>Gertie the Dinosaur<\/i>. L\u2019animal pr\u00e9historique doit r\u00e9pondre aux sollicitations de son cr\u00e9ateur. Saura-t-il se montrer docile ? D\u00e8s ses d\u00e9buts l\u2019objet du dessin anim\u00e9 consiste \u00e0 donner vie \u00e0 un \u00eatre disparu depuis des millions d\u2019ann\u00e9es. Quel est le lien entre l\u2019animation (l\u2019illusion du mouvement et de la manifestation du vivant) et la r\u00e9animation (le retour de la vie, le r\u00e9tablissement de l\u2019hom\u00e9ostasie) ? L\u2019animation suppose-t-elle, de mani\u00e8re structurelle, la r\u00e9animation ?<br \/>\nAu moment o\u00f9 le cin\u00e9ma est entr\u00e9 dans son \u00e2ge postmortem, cette question est d\u2019une br\u00fblante actualit\u00e9. Quelle est la place d\u00e9sormais de l\u2019animation au sein des images en mouvement ? Selon l\u2019hypoth\u00e8se de Lev Manovich \u00e9nonc\u00e9e dans son ouvrage <i>le Langage des nouveaux m\u00e9dias<\/i>, le cin\u00e9matographe, bas\u00e9 sur l\u2019enregistrement photographique continu, n\u2019aura \u00e9t\u00e9 qu\u2019une parenth\u00e8se dans une histoire plus g\u00e9n\u00e9rale, \u00e0 savoir celle de l\u2019animation, des premiers jouets optiques au cin\u00e9ma num\u00e9rique actuel. Qu\u2019en est-il aujourd\u2019hui de la survie du cin\u00e9ma ?<br \/>\nLes films contemporains, en multipliant s\u00e9ances d\u2019hypnose, voyages dans le temps, r\u00eaves embo\u00eet\u00e9s, r\u00e9cits post-mortem, ne cessent d\u2019\u00e9noncer ce paradoxe. Les questions li\u00e9es au couple \u00ab animation, r\u00e9animation \u00bb inqui\u00e8tent en effet les ruptures du lien social, les effets traumatiques dus aux guerres et aux catastrophes, les imp\u00e9ratifs de l\u2019urgence m\u00e9dicale, la sortie du coma, la cause animale, la robotique, le motif de la survie. O\u00f9 passe la limite entre animation et r\u00e9animation ? Comment vivre apr\u00e8s la mort ? O\u00f9 passe, d\u00e9sormais, la fronti\u00e8re du vivant ?<br \/>\nTel est le cadre de cette programmation qui r\u00e9unira aussi bien des films d\u2019auteur, d\u2019animation que des classiques, t\u00e9moignant de la mani\u00e8re dont la question du vivant et de la survie informe le devenir du cin\u00e9ma.<\/p>\n<p>\u00c9rik Bullot<\/p><\/blockquote>\n<h3 class=\"p1 quote-claire\">Programme<\/h3>\n<p>&nbsp;<\/p>\n<p class=\"p1 quote-claire\" style=\"text-align: left;\"><img loading=\"lazy\" class=\"aligncenter wp-image-1004 size-full\" src=\"http:\/\/bandits-mages.antrepeaux.net\/site2015\/wp-content\/uploads\/2015\/01\/001.jpg\" alt=\"001\" width=\"554\" height=\"260\" srcset=\"https:\/\/bandits-mages.antrepeaux.net\/wp-content\/uploads\/2015\/01\/001.jpg 554w, https:\/\/bandits-mages.antrepeaux.net\/wp-content\/uploads\/2015\/01\/001-300x141.jpg 300w, https:\/\/bandits-mages.antrepeaux.net\/wp-content\/uploads\/2015\/01\/001-150x70.jpg 150w\" sizes=\"(max-width: 554px) 100vw, 554px\" \/><span style=\"color: #ff0000;\">23 octobre 2014<\/span><br \/>\n<strong>Le Cirque<\/strong>, Chaplin (1928)<br \/>\n<em>\u00c0 travers les d\u00e9boires d\u2019un vagabond qui provoque le rire \u00e0 son insu, Le Cirque\u00a0offre une fable philosophique sur les vertiges crois\u00e9s de l\u2019automate et de l\u2019animal.<\/em><\/p>\n<p class=\"p1\"><img loading=\"lazy\" class=\"aligncenter wp-image-1005 size-full\" src=\"http:\/\/bandits-mages.antrepeaux.net\/site2015\/wp-content\/uploads\/2015\/01\/002.jpg\" alt=\"002\" width=\"554\" height=\"261\" srcset=\"https:\/\/bandits-mages.antrepeaux.net\/wp-content\/uploads\/2015\/01\/002.jpg 554w, https:\/\/bandits-mages.antrepeaux.net\/wp-content\/uploads\/2015\/01\/002-300x141.jpg 300w, https:\/\/bandits-mages.antrepeaux.net\/wp-content\/uploads\/2015\/01\/002-150x71.jpg 150w\" sizes=\"(max-width: 554px) 100vw, 554px\" \/><\/p>\n<p class=\"p1\" style=\"text-align: left;\"><span class=\"s1\"><span style=\"color: #ff0000;\">20 novembre 2014<\/span><b><br \/>\n<\/b><\/span><span class=\"s2\"><strong>Grizzly Man<\/strong><b>, <\/b><\/span><span class=\"s1\">Werner Herzog (1997)<br \/>\n<\/span><em>Sous la forme d\u2019une enqu\u00eate documentaire, ce film tente d\u2019\u00e9clairer la personnalit\u00e9 complexe de Timothy Treadwell qui v\u00e9cut aupr\u00e8s des grizzlys en Alaska, persuad\u00e9 d\u2019une r\u00e9elle complicit\u00e9 entre l\u2019homme et l\u2019animal.<\/em><\/p>\n<p class=\"p1\"><img loading=\"lazy\" class=\"aligncenter wp-image-1006 size-full\" src=\"http:\/\/bandits-mages.antrepeaux.net\/site2015\/wp-content\/uploads\/2015\/01\/003.jpg\" alt=\"003\" width=\"816\" height=\"385\" srcset=\"https:\/\/bandits-mages.antrepeaux.net\/wp-content\/uploads\/2015\/01\/003.jpg 816w, https:\/\/bandits-mages.antrepeaux.net\/wp-content\/uploads\/2015\/01\/003-300x142.jpg 300w, https:\/\/bandits-mages.antrepeaux.net\/wp-content\/uploads\/2015\/01\/003-768x362.jpg 768w, https:\/\/bandits-mages.antrepeaux.net\/wp-content\/uploads\/2015\/01\/003-150x71.jpg 150w\" sizes=\"(max-width: 816px) 100vw, 816px\" \/><\/p>\n<p class=\"p1\" style=\"text-align: left;\"><span style=\"color: #ff0000;\">18 d\u00e9cembre 2014<\/span><br \/>\n<span class=\"s1\"><strong><i>Shara<\/i><\/strong>, <\/span><span class=\"s2\">Naomi Kawase (2003)<br \/>\n<\/span><em>L\u2019enfant dispara\u00eet. Est-il ravi par les dieux ? Comment surmonter la disparition \u00a0? Par le biais de longues d\u00e9ambulations dans la ville de Nara, Shara croise les motifs du deuil, de l\u2019adoption et de l\u2019enfantement.<\/em><\/p>\n<p class=\"p1\"><img loading=\"lazy\" class=\"aligncenter wp-image-1008 size-full\" src=\"http:\/\/bandits-mages.antrepeaux.net\/site2015\/wp-content\/uploads\/2015\/01\/005.jpg\" alt=\"005\" width=\"554\" height=\"261\" srcset=\"https:\/\/bandits-mages.antrepeaux.net\/wp-content\/uploads\/2015\/01\/005.jpg 554w, https:\/\/bandits-mages.antrepeaux.net\/wp-content\/uploads\/2015\/01\/005-300x141.jpg 300w, https:\/\/bandits-mages.antrepeaux.net\/wp-content\/uploads\/2015\/01\/005-150x71.jpg 150w\" sizes=\"(max-width: 554px) 100vw, 554px\" \/><\/p>\n<p class=\"p1\" style=\"text-align: left;\"><span class=\"s1\"><span style=\"color: #ff0000;\">29 janvier 2015<\/span><br \/>\n<\/span><span class=\"s2\"><strong>Cl\u00e9o de 5 \u00e0 7<\/strong>,<\/span><span class=\"s1\"> Agn\u00e9s Varda (1962)<br \/>\n<\/span><em>\u00ab La carte de la mort peut aussi \u00eatre un signe de renaissance \u00bb dit la voyante dans le prologue du film. Comment rena\u00eetre et se transformer ? La maladie est-elle le signe d\u2019une m\u00e9tamorphose ?<\/em><\/p>\n<p class=\"p1\"><img loading=\"lazy\" class=\"aligncenter wp-image-1007 size-full\" src=\"http:\/\/bandits-mages.antrepeaux.net\/site2015\/wp-content\/uploads\/2015\/01\/004.jpg\" alt=\"004\" width=\"554\" height=\"261\" srcset=\"https:\/\/bandits-mages.antrepeaux.net\/wp-content\/uploads\/2015\/01\/004.jpg 554w, https:\/\/bandits-mages.antrepeaux.net\/wp-content\/uploads\/2015\/01\/004-300x141.jpg 300w, https:\/\/bandits-mages.antrepeaux.net\/wp-content\/uploads\/2015\/01\/004-150x71.jpg 150w\" sizes=\"(max-width: 554px) 100vw, 554px\" \/><\/p>\n<p class=\"p1\" style=\"text-align: left;\"><span style=\"color: #ff0000;\">19 f\u00e9vrier 2015<\/span><br \/>\n<span class=\"s1\"><strong>Valse avec Bachir<\/strong>, <\/span><span class=\"s2\">Ari Folman (2008)<br \/>\n<\/span><em>En vue d\u2019\u00e9clairer d\u2019un jour nouveau les souvenirs li\u00e9s au massacre de Sabra et Chatila, Valse avec Bachir recourt \u00e0 la technique de l\u2019animation. Comment effacer l\u2019amn\u00e9sie ? L\u2019animation induit-elle la r\u00e9animation ?<\/em><\/p>\n<p class=\"p1\"><img loading=\"lazy\" class=\" wp-image-1009 size-full aligncenter\" src=\"http:\/\/bandits-mages.antrepeaux.net\/site2015\/wp-content\/uploads\/2015\/01\/006.jpg\" alt=\"006\" width=\"546\" height=\"261\" srcset=\"https:\/\/bandits-mages.antrepeaux.net\/wp-content\/uploads\/2015\/01\/006.jpg 546w, https:\/\/bandits-mages.antrepeaux.net\/wp-content\/uploads\/2015\/01\/006-300x143.jpg 300w, https:\/\/bandits-mages.antrepeaux.net\/wp-content\/uploads\/2015\/01\/006-150x72.jpg 150w\" sizes=\"(max-width: 546px) 100vw, 546px\" \/><\/p>\n<p class=\"p1\" style=\"text-align: left;\"><span class=\"s1\" style=\"color: #ff0000;\">26 Mars 2015<b><br \/>\n<\/b><\/span><strong><span class=\"s2\">Enter the Void, <\/span><\/strong><span class=\"s1\">Gaspar No\u00e9 (2009)<br \/>\n<\/span><em>\u00ab Sa conscience \u00e9merge alors, et il ne sait pas s\u2019il est mort ou non \u00bb, nous apprend le Livre des morts tib\u00e9tain. Tel est le principe de ce film \u00e9blouissant qui raconte les p\u00e9rip\u00e9ties d\u2019un esprit dans le Tokyo moderne. Comment \u00e9chapper au cycle de la r\u00e9incarnation ?<\/em><\/p>\n<p class=\"p1\" style=\"text-align: left;\"><img loading=\"lazy\" class=\" wp-image-1010 size-full aligncenter\" src=\"http:\/\/bandits-mages.antrepeaux.net\/site2015\/wp-content\/uploads\/2015\/01\/007.jpg\" alt=\"007\" width=\"554\" height=\"261\" srcset=\"https:\/\/bandits-mages.antrepeaux.net\/wp-content\/uploads\/2015\/01\/007.jpg 554w, https:\/\/bandits-mages.antrepeaux.net\/wp-content\/uploads\/2015\/01\/007-300x141.jpg 300w, https:\/\/bandits-mages.antrepeaux.net\/wp-content\/uploads\/2015\/01\/007-150x71.jpg 150w\" sizes=\"(max-width: 554px) 100vw, 554px\" \/><\/p>\n<p class=\"p1\" style=\"text-align: left;\"><span class=\"s1\"><span style=\"color: #ff0000;\">16 avril 2015<\/span><b><br \/>\n<\/b><\/span><span class=\"s2\"><strong><i>Au hasard Balthazar<\/i><\/strong><b>, <\/b><\/span><span class=\"s1\">Robert Bresson (1966)<br \/>\n<\/span><em>\u00c0 travers les p\u00e9rip\u00e9ties et les souffrances d\u2019un \u00e2ne, Au hasard Balthazar brosse les portraits d\u2019une humanit\u00e9 douloureuse. L\u2019animal est-il notre bouc \u00e9missaire ?<\/em><\/p>\n","protected":false},"excerpt":{"rendered":"<p>La Maison de la Culture ouvre pour la troisi\u00e8me ann\u00e9e cons\u00e9cutive son cin\u00e9ma \u00e0 Bandits-Mages et \u00e0 l\u2019\u00c9cole nationale sup\u00e9rieure d\u2019art de Bourges. Occasion d\u2019introduire \u00e0 nouveau dans le lieu solennel de la salle de cin\u00e9ma des films aussi singuliers qu\u2019incontournables. Un programme mensuel, \u00ab Animation, r\u00e9animation \u00bb, compos\u00e9 avec \u00c9rik Bullot, cin\u00e9aste, enseignant \u00e0&hellip;<\/p>\n","protected":false},"author":1,"featured_media":1142,"comment_status":"closed","ping_status":"closed","sticky":false,"template":"","format":"standard","meta":[],"categories":[55,54,38],"tags":[],"_links":{"self":[{"href":"https:\/\/bandits-mages.antrepeaux.net\/en\/wp-json\/wp\/v2\/posts\/568"}],"collection":[{"href":"https:\/\/bandits-mages.antrepeaux.net\/en\/wp-json\/wp\/v2\/posts"}],"about":[{"href":"https:\/\/bandits-mages.antrepeaux.net\/en\/wp-json\/wp\/v2\/types\/post"}],"author":[{"embeddable":true,"href":"https:\/\/bandits-mages.antrepeaux.net\/en\/wp-json\/wp\/v2\/users\/1"}],"replies":[{"embeddable":true,"href":"https:\/\/bandits-mages.antrepeaux.net\/en\/wp-json\/wp\/v2\/comments?post=568"}],"version-history":[{"count":21,"href":"https:\/\/bandits-mages.antrepeaux.net\/en\/wp-json\/wp\/v2\/posts\/568\/revisions"}],"predecessor-version":[{"id":1307,"href":"https:\/\/bandits-mages.antrepeaux.net\/en\/wp-json\/wp\/v2\/posts\/568\/revisions\/1307"}],"wp:featuredmedia":[{"embeddable":true,"href":"https:\/\/bandits-mages.antrepeaux.net\/en\/wp-json\/wp\/v2\/media\/1142"}],"wp:attachment":[{"href":"https:\/\/bandits-mages.antrepeaux.net\/en\/wp-json\/wp\/v2\/media?parent=568"}],"wp:term":[{"taxonomy":"category","embeddable":true,"href":"https:\/\/bandits-mages.antrepeaux.net\/en\/wp-json\/wp\/v2\/categories?post=568"},{"taxonomy":"post_tag","embeddable":true,"href":"https:\/\/bandits-mages.antrepeaux.net\/en\/wp-json\/wp\/v2\/tags?post=568"}],"curies":[{"name":"wp","href":"https:\/\/api.w.org\/{rel}","templated":true}]}}