{"id":4439,"date":"2018-11-30T09:28:58","date_gmt":"2018-11-30T08:28:58","guid":{"rendered":"http:\/\/bandits-mages.antrepeaux.net\/?p=4439"},"modified":"2018-12-26T16:45:56","modified_gmt":"2018-12-26T15:45:56","slug":"projection-du-film-roar-au-cinema-de-la-mcb-le-20-decembre-2018","status":"publish","type":"post","link":"https:\/\/bandits-mages.antrepeaux.net\/en\/blog\/2018\/11\/30\/projection-du-film-roar-au-cinema-de-la-mcb-le-20-decembre-2018\/","title":{"rendered":"Projection du\u00a0film ROAR au cin\u00e9ma de la MCB le 20 d\u00e9cembre 2018"},"content":{"rendered":"<p class=\"qtranxs-available-languages-message qtranxs-available-languages-message-en\">Sorry, this entry is only available in <a href=\"https:\/\/bandits-mages.antrepeaux.net\/fr\/wp-json\/wp\/v2\/posts\/4439\" class=\"qtranxs-available-language-link qtranxs-available-language-link-fr\" title=\"FR\">French<\/a>. For the sake of viewer convenience, the content is shown below in the alternative language. You may click the link to switch the active language.<\/p>[vc_row][vc_column][vc_column_text]\n<p class=\"gmail_default\"><span style=\"font-size: 12pt;\">A L&#8217;occasion de la parution de l&#8217;ouvrage &#8220;Le Cin\u00e9ma des animaux&#8221; de <strong>Camille Brunel<\/strong> au \u00c9ditions UV,\u00a0<span style=\"font-weight: 400;\"><strong>Bandits-Mages<\/strong> vous invite \u00e0 la projection du\u00a0<\/span>film <strong>ROAR<\/strong> de <strong>Noel Marshall<\/strong>\u00a0le 20 d\u00e9cembre 2018 \u00e0 20:30 au cin\u00e9ma de la MCB\u00b0. La projection sera suivie d&#8217;une discussion entre <strong>Jean-Philippe Varin,\u00a0<\/strong>directeur et fondateur des studios Jacana et <strong>Camille Brunel <\/strong>ainsi que\u00a0d&#8217;<strong>Ewen Chardronnet<\/strong><\/span><\/p>\n<h4>A propos du film<\/h4>\n<p><strong>ROAR<\/strong> est un film dramatique am\u00e9ricain de <strong>Noel Marshall<\/strong>, sorti en 1981<\/p>\n<p style=\"text-align: justify;\">Dans le cadre de son \u00e9tude portant sur les f\u00e9lins sauvages, Hank, scientifique am\u00e9ricain, est parti s\u2019installer en Afrique pour vivre parmi ces animaux \u00e0 la r\u00e9putation extr\u00eamement dangereuse. Sa maison est un refuge pour plus d\u2019une centaine de fauves que le chercheur \u00e9l\u00e8ve en toute libert\u00e9. Rest\u00e9s aux \u00c9tats-Unis, sa femme Madelaine et ses enfants Melanie, John et Jerry d\u00e9cident de venir lui rendre visite. Mais \u00e0 leur arriv\u00e9e, Hank n\u2019est pas l\u00e0 pour les accueillir. \u00c0 la place, ils d\u00e9couvrent avec effroi les autres habitants qui, en l\u2019absence du ma\u00eetre de maison, ont totalement pris le contr\u00f4le du lieu.<\/p>\n[\/vc_column_text][\/vc_column][\/vc_row][vc_row][vc_column][vc_column_text]\n<h4 style=\"text-align: justify;\"><span style=\"font-size: 12pt;\"><b>Camille Brunel\u00a0<\/b><\/span><\/h4>\n[\/vc_column_text][\/vc_column][\/vc_row][vc_row][vc_column width=&#8221;2\/3&#8243;][vc_column_text]\n<p style=\"text-align: justify;\">N\u00e9 \u00e0 Ch\u00e2lons-en-Champagne en 1986, Camille Brunel devient v\u00e9g\u00e9tarien le 3 janvier 2014, c\u2019est-\u00e0-dire assez tard. \u00c0 l\u2019\u00e9poque, professeur de lettres et critique, il se lance dans l\u2019observation des animaux au cin\u00e9ma. Ca tombe bien, c\u2019est l\u2019ann\u00e9e de\u00a0<em>No\u00e9<\/em>,\u00a0<em>Still the Water<\/em>,\u00a0<em>La Plan\u00e8te des Singes : l\u2019Affrontement,<\/em>\u00a0et m\u00eame de<em>\u00a0La Ritournelle\u00a0<\/em>de Marc Fitoussi. Ses premiers textes paraissent sur les revues en ligne\u00a0<em>Independencia<\/em>\u00a0et\u00a0<em>Vegactu<\/em>, puis\u00a0<em>Trois Couleurs<\/em>,\u00a0<em>D\u00e9bordements<\/em>\u00a0et\u00a0<em>Le Caf\u00e9 des Images<\/em>.<\/p>\n<p style=\"text-align: justify;\">Il donne alors une conf\u00e9rence sur le v\u00e9g\u00e9tarisme au cin\u00e9ma pour le Forum des Images (o\u00f9 il enseigne \u00e9galement la critique aux lyc\u00e9ens depuis 2016) ou sur\u00a0<em>Chicken Run<\/em>, pour la Veggie Pride. Il voyage en \u00c9cosse, en Normandie, en Colombie-Britannique, et devient v\u00e9gane \u00e0 un moment donn\u00e9, on ne sait pas tr\u00e8s bien quand. Le sauvegardant de la monomanie, le magazine de prospective\u00a0<em>Usbek&amp;Rica<\/em>lui propose, depuis 2012, d\u2019\u00e9crire des articles sur l\u2019avenir du spectacle, de la mort, du sexe, du voyage, de la vieillesse, de la m\u00e9ditation, de l\u2019hygi\u00e8ne dentaire \u2013 et de l\u2019\u00e9thologie, aussi, quand m\u00eame.<\/p>\n<p style=\"text-align: justify;\">Apr\u00e8s avoir publi\u00e9 en 2011, chez Gallimard, un essai romanc\u00e9 intitul\u00e9\u00a0<em><u><a href=\"http:\/\/www.gallimard.fr\/Catalogue\/GALLIMARD\/L-arbalete-Gallimard\/Vie-imaginaire-de-Lautreamont\">Vie imaginaire de Lautr\u00e9amont<\/a><\/u><\/em>, il publie son premier roman aux \u00e9ditions Alma en ao\u00fbt 2018,\u00a0<em><u><a href=\"https:\/\/www.alma-editeur.fr\/la_guerilla_des_animaux.html\">La Gu\u00e9rilla des animaux<\/a><\/u><\/em>. Le h\u00e9ros, financ\u00e9 par Hollywood, y parcourt le monde pour affronter les braconniers. On n\u2019\u00e9chappe pas \u00e0 ses manies.<\/p>\n[\/vc_column_text][\/vc_column][vc_column width=&#8221;1\/3&#8243;][vc_single_image image=&#8221;4447&#8243; img_size=&#8221;large&#8221;][\/vc_column][\/vc_row][vc_row css=&#8221;.vc_custom_1543496465012{padding-top: -15px !important;}&#8221;][vc_column][vc_column_text]\n<h4 style=\"text-align: justify;\"><span style=\"font-size: 12pt;\"><strong>Jean-Philippe Varin<\/strong><\/span><\/h4>\n[\/vc_column_text][\/vc_column][\/vc_row][vc_row][vc_column width=&#8221;2\/3&#8243;][vc_column_text]\n<p>\u200bDepuis toujours, Jean-Philippe Varin \u00e9tudie les animaux. Au point d\u2019en avoir dirig\u00e9 des milliers pour des films, documentaires et publicit\u00e9s dans ses studios de Sologne<\/p>\n<p><strong>Homme de sciences naturelles et photographe professionnel<\/strong><\/p>\n<p style=\"text-align: justify;\"><strong>Jean-Philippe Varin<\/strong> a fait ses \u00e9tudes \u00e0 la facult\u00e9 des sciences de Clermont-Ferrand. Des \u00e9tudes interrompues par la guerre d\u2019Alg\u00e9rie o\u00f9 il fut pendant deux ans et demi lieutenant au 1er r\u00e9giment de chasseurs parachutistes.<br \/>\n<strong>Entre 1964 et 1968<\/strong>, il a travaill\u00e9 pour le centre de recherche sur la migration des mammif\u00e8res et des oiseaux, le laboratoire de physiologie acoustique de l\u2019Inra, le mus\u00e9e La Brea Tar Pit de Los Angeles et le mus\u00e9e de l\u2019anthropologie de Mexico.<br \/>\n<strong>En 1968<\/strong>, il fonde \u00e0 Paris l\u2019agence de presse Jacana sp\u00e9cialis\u00e9e en histoire naturelle. Jusqu\u2019\u00e0 300 photographes comme Yann Arthus Bertrand le rejoignent. L\u2019agence a des bureaux en Europe, au Japon, aux \u00c9tats Unis.<br \/>\n<strong>En 1971<\/strong>, il fonde l\u2019agence de photos Explorer sur la base d\u2019illustrations g\u00e9n\u00e9rales. A l\u2019arriv\u00e9e d\u2019Internet, \u00ab n\u2019ayant aucune formation de gestionnaire \u00bb, il c\u00e8de ses deux soci\u00e9t\u00e9s<br \/>\n<strong>En 1980<\/strong>, il d\u00e9cide de construire des locaux et des \u00e9quipements pour pouvoir filmer ce qui paraissait impossible dans le monde animal. En Sologne, \u00e0 Sainte-Montaine (Cher), il ouvre en 1984 Jacana Wildlife Studios.<br \/>\n<strong>En 2018, \u00e0 78 ans<\/strong>, il lance ses s\u00e9minaires d\u2019entreprises et conf\u00e9rences naturelles pour les collectivit\u00e9s et associations sur les coulisses des tournages animaliers : l\u2019utilisation des drones, des techniques<\/p>\n[\/vc_column_text][\/vc_column][vc_column width=&#8221;1\/3&#8243;][vc_single_image image=&#8221;4448&#8243; img_size=&#8221;large&#8221;][vc_column_text]\n<p><span class=\"desc\">Jean-Philippe Varin \u00e0 Sainte-Montaine, le 13 octobre 2017 . <\/span><span class=\"copy\">Photo Laurent Troude \u00a0\/ <a href=\"https:\/\/next.liberation.fr\/culture\/2017\/01\/06\/jacana-studio-en-voie-d-extinction_1539594\" target=\"_blank\" rel=\"noopener\">Lib\u00e9ration\u00a0<\/a><\/span><\/p>\n[\/vc_column_text][\/vc_column][\/vc_row][vc_row][vc_column][vc_column_text]\n<p><strong>Contacts\u00a0<\/strong><\/p>\n<div class=\"layoutArea\">\n<ul>\n<li class=\"p1\"><strong>Bandits-Mages<\/strong>\u00a0: Olivia EARLE \/ 02 48 50 42 47<\/li>\n<li class=\"p1\"><strong>MCB\u00b0<\/strong> : \u00a002 48 21 29 44 <strong>|<\/strong>\u00a0<strong><a href=\"http:\/\/www.mcbourges.com\/\">http:\/\/www.mcbourges.com<\/a><\/strong><\/li>\n<\/ul>\n<\/div>\n<p>&nbsp;<\/p>\n[\/vc_column_text][\/vc_column][\/vc_row]","protected":false},"excerpt":{"rendered":"<p class=\"qtranxs-available-languages-message qtranxs-available-languages-message-en\">Sorry, this entry is only available in <a href=\"https:\/\/bandits-mages.antrepeaux.net\/fr\/wp-json\/wp\/v2\/posts\/4439\" class=\"qtranxs-available-language-link qtranxs-available-language-link-fr\" title=\"FR\">French<\/a>. For the sake of viewer convenience, the content is shown below in the alternative language. You may click the link to switch the active language.<\/p>\n<p>\u00e0 L&#8217;occasion de la parution de l&#8217;ouvrage &#8220;Le Cin\u00e9ma des animaux&#8221; de Camille Brunel au \u00c9ditions UV Bandits-mages organise la projection du film ROAR de Noel Marshall suivie d&#8217;une discussion entre Jean-Philippe Varin et Camille BrunelProjection du\u00a0film ROAR au cin\u00e9ma de la MCB le 20 d\u00e9cembre 2018<\/p>\n","protected":false},"author":1,"featured_media":4456,"comment_status":"closed","ping_status":"closed","sticky":false,"template":"","format":"standard","meta":[],"categories":[55],"tags":[],"_links":{"self":[{"href":"https:\/\/bandits-mages.antrepeaux.net\/en\/wp-json\/wp\/v2\/posts\/4439"}],"collection":[{"href":"https:\/\/bandits-mages.antrepeaux.net\/en\/wp-json\/wp\/v2\/posts"}],"about":[{"href":"https:\/\/bandits-mages.antrepeaux.net\/en\/wp-json\/wp\/v2\/types\/post"}],"author":[{"embeddable":true,"href":"https:\/\/bandits-mages.antrepeaux.net\/en\/wp-json\/wp\/v2\/users\/1"}],"replies":[{"embeddable":true,"href":"https:\/\/bandits-mages.antrepeaux.net\/en\/wp-json\/wp\/v2\/comments?post=4439"}],"version-history":[{"count":10,"href":"https:\/\/bandits-mages.antrepeaux.net\/en\/wp-json\/wp\/v2\/posts\/4439\/revisions"}],"predecessor-version":[{"id":4516,"href":"https:\/\/bandits-mages.antrepeaux.net\/en\/wp-json\/wp\/v2\/posts\/4439\/revisions\/4516"}],"wp:featuredmedia":[{"embeddable":true,"href":"https:\/\/bandits-mages.antrepeaux.net\/en\/wp-json\/wp\/v2\/media\/4456"}],"wp:attachment":[{"href":"https:\/\/bandits-mages.antrepeaux.net\/en\/wp-json\/wp\/v2\/media?parent=4439"}],"wp:term":[{"taxonomy":"category","embeddable":true,"href":"https:\/\/bandits-mages.antrepeaux.net\/en\/wp-json\/wp\/v2\/categories?post=4439"},{"taxonomy":"post_tag","embeddable":true,"href":"https:\/\/bandits-mages.antrepeaux.net\/en\/wp-json\/wp\/v2\/tags?post=4439"}],"curies":[{"name":"wp","href":"https:\/\/api.w.org\/{rel}","templated":true}]}}