{"id":4413,"date":"2018-11-20T15:58:11","date_gmt":"2018-11-20T14:58:11","guid":{"rendered":"http:\/\/bandits-mages.antrepeaux.net\/?p=4413"},"modified":"2018-11-20T15:58:11","modified_gmt":"2018-11-20T14:58:11","slug":"deviens-jeune-ambassadeur-de-bandits-mages-emmetrop","status":"publish","type":"post","link":"https:\/\/bandits-mages.antrepeaux.net\/en\/blog\/2018\/11\/20\/deviens-jeune-ambassadeur-de-bandits-mages-emmetrop\/","title":{"rendered":"DEVIENS JEUNE AMBASSADEUR DE BANDITS-MAGES &#038; EMMETROP"},"content":{"rendered":"<p class=\"qtranxs-available-languages-message qtranxs-available-languages-message-en\">Sorry, this entry is only available in <a href=\"https:\/\/bandits-mages.antrepeaux.net\/fr\/wp-json\/wp\/v2\/posts\/4413\" class=\"qtranxs-available-language-link qtranxs-available-language-link-fr\" title=\"FR\">French<\/a>. For the sake of viewer convenience, the content is shown below in the alternative language. You may click the link to switch the active language.<\/p><h3 class=\"subtitle_subevent\">DEVENIR JEUNE AMBASSADEUR DES ASSOCIATIONS EMMETROP &amp; BANDITS-MAGES, QU&#8217;EST-CE QUE CELA SIGNIFIE ?<\/h3>\n<div class=\"longdescription_subevent\">\n<p>\u2013 Avoir un acc\u00e8s privil\u00e9gi\u00e9 \u00e0 la programmation (invitations, avant-premi\u00e8res, rencontres artistes et \u00e9quipe\u2026)<br \/>\n\u2013 Soutenir l\u2019association (diffusion de l\u2019information, relais billetterie \u00e0 tarifs r\u00e9duits, partager son exp\u00e9rience)<br \/>\n\u2013 D\u00e9velopper un projet sur-mesure (rencontre dans ton \u00e9tablissement scolaire, mise en place de projets communs avec d\u2019autres jeunes\u2026)<\/p>\n<p>Tu aimerais d\u00e9couvrir les coulisses des associations et rencontrer d\u2019autres jeunes ?<br \/>\nRendez-vous d\u2019information\/Causerie pour \u00e9changer sur le sujet et cr\u00e9er ensemble le projet \u201cJeunes Ambassadeurs\u201d le <strong>mercredi 21 novembre \u00e0 17h au Bar du Nadir<\/strong>.<br \/>\nCe rendez-vous sera suivi d\u2019un concert du groupe I Me Mine, programm\u00e9 en partenariat avec l\u2019association Le Sous-Off-Prod.<\/p>\n<\/div>\n<h2 class=\"tariftitle&quot;\">INFOS<\/h2>\n<p><strong>Inscription &amp; renseignements sur :<\/strong> <a href=\"mailto:actionculturelle@emmetrop.fr\">actionculturelle@emmetrop.fr<\/a><\/p>\n<p><strong>Ce dispositif est ouvert aux jeunes entre 14 et 25 ans \u2013 pour les jeunes en internat, possibilit\u00e9 de mettre en place une convention avec les \u00e9tablissements scolaires.<\/strong><\/p>\n<p>&nbsp;<\/p>","protected":false},"excerpt":{"rendered":"<p>OPEN CALL : EMAP#EMARE 2019<br \/>\nPlease note that the call will close 3rd of December, 12:00 noon at Central European Time!<\/p>\n","protected":false},"author":1,"featured_media":4414,"comment_status":"closed","ping_status":"closed","sticky":false,"template":"","format":"standard","meta":[],"categories":[47,42],"tags":[],"_links":{"self":[{"href":"https:\/\/bandits-mages.antrepeaux.net\/en\/wp-json\/wp\/v2\/posts\/4413"}],"collection":[{"href":"https:\/\/bandits-mages.antrepeaux.net\/en\/wp-json\/wp\/v2\/posts"}],"about":[{"href":"https:\/\/bandits-mages.antrepeaux.net\/en\/wp-json\/wp\/v2\/types\/post"}],"author":[{"embeddable":true,"href":"https:\/\/bandits-mages.antrepeaux.net\/en\/wp-json\/wp\/v2\/users\/1"}],"replies":[{"embeddable":true,"href":"https:\/\/bandits-mages.antrepeaux.net\/en\/wp-json\/wp\/v2\/comments?post=4413"}],"version-history":[{"count":2,"href":"https:\/\/bandits-mages.antrepeaux.net\/en\/wp-json\/wp\/v2\/posts\/4413\/revisions"}],"predecessor-version":[{"id":4416,"href":"https:\/\/bandits-mages.antrepeaux.net\/en\/wp-json\/wp\/v2\/posts\/4413\/revisions\/4416"}],"wp:featuredmedia":[{"embeddable":true,"href":"https:\/\/bandits-mages.antrepeaux.net\/en\/wp-json\/wp\/v2\/media\/4414"}],"wp:attachment":[{"href":"https:\/\/bandits-mages.antrepeaux.net\/en\/wp-json\/wp\/v2\/media?parent=4413"}],"wp:term":[{"taxonomy":"category","embeddable":true,"href":"https:\/\/bandits-mages.antrepeaux.net\/en\/wp-json\/wp\/v2\/categories?post=4413"},{"taxonomy":"post_tag","embeddable":true,"href":"https:\/\/bandits-mages.antrepeaux.net\/en\/wp-json\/wp\/v2\/tags?post=4413"}],"curies":[{"name":"wp","href":"https:\/\/api.w.org\/{rel}","templated":true}]}}