{"id":4227,"date":"2018-10-15T15:58:58","date_gmt":"2018-10-15T13:58:58","guid":{"rendered":"http:\/\/bandits-mages.antrepeaux.net\/?p=4227"},"modified":"2018-10-23T19:52:36","modified_gmt":"2018-10-23T17:52:36","slug":"emmetrop-organise-un-cine-concert-zero-cloverfield-en-partenariat-avec-bandits-mages-le-vendredi-30-novembre-2018","status":"publish","type":"post","link":"https:\/\/bandits-mages.antrepeaux.net\/en\/blog\/2018\/10\/15\/emmetrop-organise-un-cine-concert-zero-cloverfield-en-partenariat-avec-bandits-mages-le-vendredi-30-novembre-2018\/","title":{"rendered":"Emmetrop organise un Cin\u00e9 concert Z\u00ebro &#8220;CLOVERFIELD&#8221; en partenariat avec Bandits-Mages le Vendredi 30 novembre 2018"},"content":{"rendered":"<p class=\"qtranxs-available-languages-message qtranxs-available-languages-message-en\">Sorry, this entry is only available in <a href=\"https:\/\/bandits-mages.antrepeaux.net\/fr\/wp-json\/wp\/v2\/posts\/4227\" class=\"qtranxs-available-language-link qtranxs-available-language-link-fr\" title=\"FR\">French<\/a> and <a href=\"https:\/\/bandits-mages.antrepeaux.net\/es\/wp-json\/wp\/v2\/posts\/4227\" class=\"qtranxs-available-language-link qtranxs-available-language-link-es\" title=\"ES\">European Spanish<\/a>. For the sake of viewer convenience, the content is shown below in this site default language. You may click one of the links to switch the site language to another available language.<\/p>[vc_row][vc_column][vc_column_text]\n<p><span style=\"font-size: 12pt;\">Dans le cadre des <strong>Rencontres Bandits-Mages 2018<\/strong>, <strong>Emmetrop\u00a0<\/strong>organise un Cin\u00e9 concert <strong>Z\u00ebro &#8220;CLOVERFIELD&#8221;\u00a0<\/strong>en partenariat avec <strong>Bandits-Mages\u00a0<\/strong>le Vendredi 30 novembre 2018 \u00e0 partir de 20h30. Le cin\u00e9 concert d\u00e9butera \u00e0 21h00, au Nadir 26 route de la chapelle 18000 Bourges<\/span><\/p>\n<p><strong>Tarifs<\/strong><\/p>\n<p>Plein tarif: \u00a0<strong>8\u20ac<\/strong> \/\/ \u00c9tudiants, ch\u00f4meurs: <strong>5\u20ac<\/strong> \/\/ Adh\u00e9rents Emmetrop et Bandis-Mages: <strong>3\u20ac<\/strong><\/p>\n[\/vc_column_text][\/vc_column][\/vc_row][vc_row][vc_column][vc_single_image image=&#8221;4229&#8243; img_size=&#8221;full&#8221;][\/vc_column][\/vc_row][vc_row][vc_column][vc_column_text]\n<h4>A propos de Z\u00ebro<\/h4>\n<p style=\"text-align: justify;\">Trio lyonnais fond\u00e9 en 2006. Ils enregistrent 6 albums pour le label Ici d\u2019Ailleurs, dont le dernier, Ain\u2019t That Mayhem, vient de para\u00eetre. Difficilement classable, leur musique, souvent qualifi\u00e9e de cin\u00e9matographique, oscille entre rock, noise, ambient ou indus, piochant autant aux Residents qu\u2019\u00e0 MC5, \u00e0 Sun Ra qu\u2019\u00e0 Bernard Herrmann. Depuis 2015, ils partagent fr\u00e9quemment la sc\u00e8ne avec Virginie Despentes et B\u00e9atrice Dalle pour des lectures de Pasolini ou Calaferte. Ils y jouent quelques morceaux de Z\u00ebro, mais \u00e9galement des cr\u00e9ations originales plus orient\u00e9es vers la musique de film. Ils ont \u00e9galement particip\u00e9 \u00e0 la bande originale de Terre et Cendres d\u2019Atiq Rahimi en 2004, Lili Rose de Bruno Ballouard en 2014 et We Blew It de Jean-Baptiste Thoret en 2017. Une coproduction Festival International du Film de La Rochelle et BulCin\u00e9 Avec le soutien de la Sacem<\/p>\n[\/vc_column_text][\/vc_column][\/vc_row][vc_row][vc_column][vc_column_text]\n<div><span class=\"m_-8289056798959363981gmail-m_-5762179458244271114gmail-_5yl5\">D\u00e9tail sur le film ici : <a href=\"https:\/\/festival-larochelle.org\/node\/3206\" target=\"_blank\" rel=\"noopener\">https:\/\/festival-larochelle.org\/node\/3206<\/a><br \/>\n<\/span><\/div>\n<div><span class=\"m_-8289056798959363981gmail-m_-5762179458244271114gmail-_5yl5\">Teaser ici : <a href=\"https:\/\/www.youtube.com\/watch?v=oVq4SNXaXHM\" target=\"_blank\" rel=\"noopener\">https:\/\/www.youtube.com\/watch?v=oVq4SNXaXHM<\/a><br \/>\n<\/span><\/div>\n<div><span class=\"m_-8289056798959363981gmail-m_-5762179458244271114gmail-_5yl5\"><a href=\"https:\/\/zeromusik.bandcamp.com\/\" target=\"_blank\" rel=\"noopener\">https:\/\/zeromusik.bandcamp.com\/<\/a><br \/>\n<\/span><\/div>\n<div><span class=\"m_-8289056798959363981gmail-m_-5762179458244271114gmail-_5yl5\"><a href=\"https:\/\/www.facebook.com\/0musik\/\" target=\"_blank\" rel=\"noopener\">https:\/\/www.facebook.com\/0musik\/<\/a><\/span><\/div>\n[\/vc_column_text][\/vc_column][\/vc_row][vc_row][vc_column][vc_single_image image=&#8221;4166&#8243; img_size=&#8221;medium&#8220;&#8221;][\/vc_column][\/vc_row][vc_row][vc_column][vc_column_text]\n<div style=\"position: relative; height: 0px; width: 100%; padding-bottom: 56.25%;\"><iframe style=\"position: absolute; top: 0; left: 0;\" src=\"https:\/\/emmetrop.placeminute.com\/concert\/zero_cloverfield_cine-concert,1,27409.html?module_paiement&amp;langue=fr\" width=\"100%\" height=\"100%\" frameborder=\"0\" marginwidth=\"0\" marginheight=\"0\"><\/iframe><\/div>\n[\/vc_column_text][\/vc_column][\/vc_row]","protected":false},"excerpt":{"rendered":"<p class=\"qtranxs-available-languages-message qtranxs-available-languages-message-en\">Sorry, this entry is only available in <a href=\"https:\/\/bandits-mages.antrepeaux.net\/fr\/wp-json\/wp\/v2\/posts\/4227\" class=\"qtranxs-available-language-link qtranxs-available-language-link-fr\" title=\"FR\">French<\/a> and <a href=\"https:\/\/bandits-mages.antrepeaux.net\/es\/wp-json\/wp\/v2\/posts\/4227\" class=\"qtranxs-available-language-link qtranxs-available-language-link-es\" title=\"ES\">European Spanish<\/a>. For the sake of viewer convenience, the content is shown below in this site default language. You may click one of the links to switch the site language to another available language.<\/p>\n<p>Dans le cadre des Rencontres Bandits-Mages 2018, Emmetrop\u00a0organise un Cin\u00e9 concert Z\u00ebro &#8220;CLOVERFIELD&#8221;\u00a0en partenariat avec Bandits-Mages\u00a0le Vendredi 30 novembre 2018 \u00e0 partir de 20h30. Le cin\u00e9 concert d\u00e9butera \u00e0 21h00, au Nadir 26 route de la chapelle 18000 Bourges<br \/>\nTarifs<br \/>\nPlein tarif: \u00a08\u20ac \/\/ \u00c9tudiants, ch\u00f4meurs: 5\u20ac \/\/ Adh\u00e9rents Emmetrop et Bandis-Mages: 3\u20ac<\/p>\n","protected":false},"author":1,"featured_media":4229,"comment_status":"closed","ping_status":"closed","sticky":false,"template":"","format":"video","meta":[],"categories":[43],"tags":[],"_links":{"self":[{"href":"https:\/\/bandits-mages.antrepeaux.net\/en\/wp-json\/wp\/v2\/posts\/4227"}],"collection":[{"href":"https:\/\/bandits-mages.antrepeaux.net\/en\/wp-json\/wp\/v2\/posts"}],"about":[{"href":"https:\/\/bandits-mages.antrepeaux.net\/en\/wp-json\/wp\/v2\/types\/post"}],"author":[{"embeddable":true,"href":"https:\/\/bandits-mages.antrepeaux.net\/en\/wp-json\/wp\/v2\/users\/1"}],"replies":[{"embeddable":true,"href":"https:\/\/bandits-mages.antrepeaux.net\/en\/wp-json\/wp\/v2\/comments?post=4227"}],"version-history":[{"count":7,"href":"https:\/\/bandits-mages.antrepeaux.net\/en\/wp-json\/wp\/v2\/posts\/4227\/revisions"}],"predecessor-version":[{"id":4234,"href":"https:\/\/bandits-mages.antrepeaux.net\/en\/wp-json\/wp\/v2\/posts\/4227\/revisions\/4234"}],"wp:featuredmedia":[{"embeddable":true,"href":"https:\/\/bandits-mages.antrepeaux.net\/en\/wp-json\/wp\/v2\/media\/4229"}],"wp:attachment":[{"href":"https:\/\/bandits-mages.antrepeaux.net\/en\/wp-json\/wp\/v2\/media?parent=4227"}],"wp:term":[{"taxonomy":"category","embeddable":true,"href":"https:\/\/bandits-mages.antrepeaux.net\/en\/wp-json\/wp\/v2\/categories?post=4227"},{"taxonomy":"post_tag","embeddable":true,"href":"https:\/\/bandits-mages.antrepeaux.net\/en\/wp-json\/wp\/v2\/tags?post=4227"}],"curies":[{"name":"wp","href":"https:\/\/api.w.org\/{rel}","templated":true}]}}