{"id":4129,"date":"2018-09-19T16:40:51","date_gmt":"2018-09-19T14:40:51","guid":{"rendered":"http:\/\/bandits-mages.antrepeaux.net\/?p=4129"},"modified":"2018-09-19T16:45:24","modified_gmt":"2018-09-19T14:45:24","slug":"organiser-le-chaos-bandits-mages-veronique-hubert-inauguration-de-lantre-peaux","status":"publish","type":"post","link":"https:\/\/bandits-mages.antrepeaux.net\/en\/blog\/2018\/09\/19\/organiser-le-chaos-bandits-mages-veronique-hubert-inauguration-de-lantre-peaux\/","title":{"rendered":"\u00ab ORGANISER LE CHAOS #&#8230;: BANDITS-MAGES \u00bb \u2026  \/\/ V\u00e9ronique HUBERT Inauguration de l&#8217;Antre-peaux"},"content":{"rendered":"<p class=\"qtranxs-available-languages-message qtranxs-available-languages-message-en\">Sorry, this entry is only available in <a href=\"https:\/\/bandits-mages.antrepeaux.net\/fr\/wp-json\/wp\/v2\/posts\/4129\" class=\"qtranxs-available-language-link qtranxs-available-language-link-fr\" title=\"FR\">French<\/a>. For the sake of viewer convenience, the content is shown below in the alternative language. You may click the link to switch the active language.<\/p>[vc_row][vc_column][vc_column_text]\n<p style=\"text-align: justify;\"><span style=\"font-size: 12pt;\"><span style=\"font-weight: 400;\">A l\u2019occasion de l\u2019inauguration de la <\/span><span style=\"font-weight: 400;\"><strong>Friche l&#8217;Antre-Peaux, le 29 septembre 2018<\/strong>, <strong>Bandits-Mages<\/strong> invite l\u2019artiste <strong>V\u00e9ronique HUBERT<\/strong>, et nous propose<\/span><span style=\"font-weight: 400;\"> un mix-performance qui m\u00eale cin\u00e9ma-musique-dialogues<\/span><span style=\"font-weight: 400;\"> durant la projection <\/span><span style=\"font-weight: 400;\">des modules \u00ab\u00a0<\/span><span style=\"font-weight: 400;\"><strong>ORGANISER LE CHAOS #&#8230;: BANDITS-MAGES<\/strong>\u00a0\u00bb<\/span> <span style=\"font-weight: 400;\">r\u00e9alis\u00e9s lors de sa r\u00e9sidence \u00e0 Bourges d\u00e9but juillet. <\/span><\/span><\/p>\n<p style=\"text-align: justify;\"><strong>V\u00e9ronique HUBERT<\/strong><span style=\"font-weight: 400;\"> nous invite \u00e0 un\u00a0mix festif performatif\u00a0qui\u00a0m\u00eale\u00a0des images de films en tous genres,\u00a0o\u00f9 la chor\u00e9graphie et les combats asiatiques se r\u00e9pondent, ainsi que\u00a0des\u00a0rythmes,\u00a0sons, des extraits de bandes originales. La violence et l\u2019absurdit\u00e9 des corps pensants, s\u2019emm\u00ealent sans se priver d\u2019humour\u00a0dans un direct festif\u00a0:\u00a0l\u2019image, le mouvement des femmes r\u00e9actives et des individus opprim\u00e9s ou en en marge, pr\u00e9sents au cin\u00e9ma, dans la danse et dans l\u2019art, rythment\u00a0cette s\u00e9rie d&#8217;\u00e9pisodes.\u00a0<\/span><\/p>\n<p style=\"text-align: justify;\"><span style=\"font-weight: 400;\">Bon bal et frottons nous les un-es aux autres dans\u00a0nos\u00a0diff\u00e9rentes\u00a0danses !\u00a0<\/span><\/p>\n<p style=\"text-align: justify;\"><span style=\"font-weight: 400;\">D\u00e9couvrir le mix Utopia fait son cin\u00e9ma\u00a0:\u00a0<\/span><\/p>\n<div id=\"video\"><iframe src=\"https:\/\/player.vimeo.com\/video\/139838556?app_id=122963\" width=\"650\" height=\"366\"  title=\"Festival danse Autre Regard 2015 - Utopia Fait Son Cinema\" webkitallowfullscreen mozallowfullscreen allowfullscreen><\/iframe><\/div>\n<p>&nbsp;<\/p>\n<p style=\"text-align: justify;\"><span style=\"font-weight: 400;\">La Carte blanche \u00ab\u00a0<strong>CORRESPONDANCES #2<\/strong>\u00a0\u00bb est une continuation logique de ce travail dans la mise en commun des (re)sources et des \u00e9nergies, l\u2019occasion pour <\/span><b>V\u00e9ronique HUBERT<\/b><span style=\"font-weight: 400;\"> d\u2019inviter deux artistes <\/span><b>Fanny ADLER<\/b><span style=\"font-weight: 400;\"> et <\/span><b>CHARDON<\/b><span style=\"font-weight: 400;\">, avec qui elle l\u2019a l&#8217;habitude de travailler depuis de nombreuses ann\u00e9es, et d\u2019investir \u00e0 nouveau dans une soir\u00e9e aux multiples \u00ab\u00a0happenings artistiques<\/span><\/p>\n<p style=\"text-align: justify;\"><span style=\"font-weight: 400;\">Plus que jamais il semble important d&#8217;activer les pens\u00e9es bruyantes des corps\u00a0cr\u00e9ateurs endurants faces aux oppressions grimpantes et brutales. V\u00e9ronique HUBERT d\u00e9cide de r\u00e9unir ces artistes en leur donnant une enti\u00e8re libert\u00e9 dans ce lieu fort, la Friche l&#8217;Antre-Peaux \u00e0 Bourges. <\/span><\/p>\n<p style=\"text-align: justify;\"><span style=\"font-weight: 400;\">Ce qui les r\u00e9unit\u00a0: leurs correspondances de qualit\u00e9s dans leurs postures et leurs traductions artistiques d&#8217;un certain contexte commun, d&#8217;une existence contemporaine. Leur \u00e9nergie, leur g\u00e9n\u00e9rosit\u00e9 et leur endurance, toutes g\u00e9n\u00e9rations confondues. Les artistes envahiront l&#8217;espace de la Friche l&#8217;Antre-Peaux dans un croisement d&#8217;actions performatives, de concerts, d&#8217;installations, et pour finir, par un mix festif d\u00e9foulatoire. <\/span><\/p>\n<p style=\"text-align: justify;\"><span style=\"font-weight: 400;\">Certaines propositions auront lieu \u00e0 une heure pr\u00e9cise selon un programme d\u00e9fini, d&#8217;autres se d\u00e9rouleront tout au long de la soir\u00e9e, dispers\u00e9es dans les espaces multiples de ce lieu g\u00e9n\u00e9reux. <\/span><\/p>\n<p style=\"text-align: justify;\"><span style=\"font-weight: 400;\">Souhaitons nous un moment in\u00e9dit fort et une belle correspondance avec les visiteurs qui viendront d\u00e9couvrir cette multitude cr\u00e9atrice.<\/span><\/p>\n[\/vc_column_text][\/vc_column][\/vc_row][vc_row][vc_column][vc_column_text]\n<p style=\"text-align: justify;\"><span style=\"font-size: 12pt;\"><b>V\u00e9ronique HUBERT <\/b><span style=\"font-weight: 400;\">plasticienne travaille sur Paris, en banlieue et ailleurs.\u00a0<\/span><\/span><\/p>\n<p style=\"text-align: justify;\"><span style=\"font-weight: 400;\">Elle met en sc\u00e8ne des personnages fictifs depuis 1996, comme la f\u00e9e UTOPIA que l&#8217;on retrouve dans\u00a0des dessins, des photographies, des \u00e9ditions web, des installations ou des vid\u00e9os\u00a0et\u00a0qui sont diffus\u00e9s\u00a0dans divers lieux publics : galeries, centres d&#8217;art, centres chor\u00e9graphiques, festivals, cin\u00e9mas&#8230; La polymorphie de sa recherche se fonde aussi sur la complicit\u00e9 avec d&#8217;autres artistes, son entourage voire avec les publics\u00a0: Elle peut proposer de collectionner des portraits flous aux objets nets (DERRI\u00c8RE), ainsi que des lectures courtes film\u00e9es (UNE PAGE), le tout mis en lignes sur son site web et\/ou expos\u00e9 r\u00e9guli\u00e8rement. Par ailleurs\u00a0\u00ab\u00a0<\/span><i><span style=\"font-weight: 400;\">Parce que la coh\u00e9rence de mon travail r\u00e9clame de faire entrer les &#8220;autres cerveaux&#8221; dans le jeu, j\u2019organise depuis 1996 des \u00e9v\u00e8nements\u00a0d&#8217;actions\u00a0artistiques dans divers lieux mus\u00e9aux ou festifs.Y ont particip\u00e9 un nombre\u00a0cons\u00e9quent\u00a0d&#8217;artistes, d&#8217;\u00e9crivains-nes,\u00a0d&#8217;auteur-es\u00a0depuis\u00a01996.\u00a0<\/span><\/i><span style=\"font-weight: 400;\">\u00bb\u00a0Ces \u00e9v\u00e8nements nomm\u00e9s \u00ab\u00a0Lectures\u00a0?\u00a0\u00bb, \u00ab\u00a0Pretext\u00a0\u00bb ou plus r\u00e9cemment \u00ab\u00a0CORRESPONDANCES\u00a0\u00bb m\u00ealent sans hi\u00e9rarchie dict\u00e9e les actions et cr\u00e9ations. Des lieux f\u00e9d\u00e9rateurs comme Beaubourg, le Batofar ou la STATION Gare des Mines ont accueilli ces organisations ponctuelles riches en propositions plurielles.<\/span><\/p>\n<p style=\"text-align: justify;\"><span style=\"font-weight: 400;\">En 2015 elle cr\u00e9e avec<strong> Fr\u00e9d\u00e9ric H\u00e9ritier, Alain Bernardini, Val\u00e9rie Jouve, Roberto Martinez<\/strong> et <strong>V\u00e9ronique Boudier<\/strong> l&#8217;association <strong>LE NOYAU<\/strong>. Ce collectif artistique\u00a0<\/span><span style=\"font-weight: 400;\">a pour but la production, la diffusion, l\u2019\u00e9dition et la promotion d\u2019\u00e9v\u00e9nements artistiques\u00a0ainsi que la vente des \u0153uvres aupr\u00e8s du public collectionneur, ceci enti\u00e8rement g\u00e9r\u00e9 par les artistes eux-m\u00eames.<\/span><\/p>\n<p><span style=\"font-weight: 400;\">Toutes les informations sont disponibles sur le site :\u00a0<\/span><a href=\"http:\/\/veroniquehubert.com\/\"><span style=\"font-weight: 400;\">veroniquehubert.com<\/span><\/a><span style=\"font-weight: 400;\">\u00a0ou\u00a0<\/span><a href=\"http:\/\/le-noyau.net\/\"><span style=\"font-weight: 400;\">le-noyau.net<\/span><\/a><\/p>\n[\/vc_column_text][\/vc_column][\/vc_row][vc_row][vc_column width=&#8221;2\/3&#8243;][vc_column_text]\n<p><span style=\"font-size: 12pt;\"> <b>CHARDON\u00a0: VINCENT MADAME \/\/ FRAN\u00c7OIS JACOB \/\/ NICOLAS GILLAIZEAU<\/b><\/span><\/p>\n<p style=\"text-align: justify;\"><em><span style=\"font-weight: 400;\">\u00ab\u00a0Faire sonner l\u2019h\u00e9ritage post-punk, se distinguer par des textes en fran\u00e7ais -engrenages po\u00e9tiques et fulgurances rock-, faire s\u2019envoler une plume musicale, romantique et acide, se couvrir d\u2019un manteau \u00e9lectrique piqu\u00e9 d\u2019onirisme, de mots crus (parfois cruels), mensonges, secrets d\u00e9livr\u00e9s. Se marier sous une pluie \u00e9lectronique \u00e0 coups de guitares en pi\u00e8ces mont\u00e9es, synth\u00e9tiseurs, BAR et cymbales virtuelles\u2026CHARDON, Trio \u00e9lectro-rock parisien, s\u2019est d\u00e9cid\u00e9 \u00e0 \u00eatre un peu tout cela \u00e0 la fois ; des mots sinc\u00e8res et des musiques gagnant du terrain pour des concerts en sueur et des soir\u00e9es un poil d\u00e9cal\u00e9es\u2026\u00a0\u00bb<\/span><\/em><\/p>\n<p><a href=\"https:\/\/www.facebook.com\/chardon.legroupe\/\"><span style=\"font-weight: 400;\">https:\/\/www.facebook.com\/chardon.legroupe\/<\/span><\/a><br \/>\n<a href=\"http:\/\/chardon-band.tumblr.com\/\"><span style=\"font-weight: 400;\">http:\/\/chardon-band.tumblr.com<\/span><\/a><\/p>\n<p><a href=\"https:\/\/chardonmusic.bandcamp.com\/releases\"><span style=\"font-weight: 400;\">https:\/\/chardonmusic.bandcamp.com\/releases<\/span><\/a><\/p>\n<p>&nbsp;<\/p>\n[\/vc_column_text][\/vc_column][vc_column width=&#8221;1\/3&#8243;][vc_single_image image=&#8221;4132&#8243; img_size=&#8221;large&#8221;][\/vc_column][\/vc_row][vc_row][vc_column width=&#8221;2\/3&#8243;][vc_column_text]\n<p><span style=\"font-size: 12pt;\"> <b>Fanny ADLER<\/b><\/span><\/p>\n<p style=\"text-align: justify;\"><span style=\"font-weight: 400;\">Fanny Adler a longtemps film\u00e9, mis en sc\u00e8ne son intimit\u00e9. Avec des moyens d\u2019une extr\u00eame simplicit\u00e9, tout en douceur, lenteur, banalit\u00e9 de ce qui donn\u00e9 \u00e0 voir, elle disait le d\u00e9sir, l\u2019autre, la famille, la mort, la joie autour d\u2019elle, autour de nous.<\/span><\/p>\n<p style=\"text-align: justify;\"><span style=\"font-weight: 400;\">Des fictions \u00e0 partir de rien qui suscitaient le trouble, installaient la dilution, la nonchalance, la nostalgie, du suspens.<\/span><\/p>\n<p style=\"text-align: justify;\"><span style=\"font-weight: 400;\">Quelques indices pour provoquer des envol\u00e9es, du flottement. <\/span><\/p>\n<p style=\"text-align: justify;\"><span style=\"font-weight: 400;\">Des visions, des temps \u00e9tir\u00e9s, un mode de construction des images du r\u00eave, montrer tout en cachant comme une fa\u00e7on de tamiser le r\u00e9el.<\/span><\/p>\n<p style=\"text-align: justify;\"><span style=\"font-weight: 400;\">Depuis 2007, elle collabore au travail de Vincent Madame, performer et musicien, pr\u00eatant sa voix aux relectures d\u2019oeuvres litt\u00e9raires embl\u00e9matiques de la marge et du d\u00e9sir, lectures musicales en duo et exp\u00e9rimentations sonores et vocales.<\/span><\/p>\n<p style=\"text-align: justify;\"><span style=\"font-weight: 400;\">Revenant \u00e0 ces premi\u00e8res amours apr\u00e8s, elle m\u00e8ne en parall\u00e8le un travail photographique. <\/span><\/p>\n<p style=\"text-align: justify;\"><span style=\"font-weight: 400;\">Via l\u2019argentique, le noir et blanc et le polaro\u00efd, elle improvise des natures mortes au hasard de ses marches, fixe des paysages au cr\u00e9puscule, arpente des campagnes aust\u00e8res et myst\u00e9rieuses. <\/span><\/p>\n<p style=\"text-align: justify;\"><span style=\"font-weight: 400;\">Elle guette le clair-obscur des grottes et des abris, les derni\u00e8res lueurs de la journ\u00e9e qui redessinent les objets, les chemins et les b\u00eates, juste avant le coucher du soleil. <\/span><\/p>\n<p style=\"text-align: justify;\"><span style=\"font-weight: 400;\">Fanny Adler use de stratag\u00e8mes pour m\u00e9tamorphoser le jour en nuit, le quotidien en rituel magique.<\/span><\/p>\n[\/vc_column_text][\/vc_column][vc_column width=&#8221;1\/3&#8243;][vc_single_image image=&#8221;4133&#8243; img_size=&#8221;large&#8221;][\/vc_column][\/vc_row][vc_row][vc_column width=&#8221;1\/2&#8243;][vc_column_text]\n<p>Pour plus d&#8217;infos contactez <strong>Olivia EARLE<\/strong> au <strong>+33 (0)2 48 50 42 47<\/strong><\/p>\n[\/vc_column_text][\/vc_column][vc_column width=&#8221;1\/2&#8243;][vc_single_image image=&#8221;4042&#8243; img_size=&#8221;fulle&#8221;][vc_btn title=&#8221;D\u00e9couvrez le programme complet&#8221; style=&#8221;flat&#8221; color=&#8221;black&#8221; link=&#8221;url:http%3A%2F%2Fbandits-mages.antrepeaux.net%2Fblog%2F2018%2F08%2F06%2Flantre-fait-peaux-neuves-inauguration-rehabilitation%2F|||&#8221;][\/vc_column][\/vc_row]","protected":false},"excerpt":{"rendered":"<p class=\"qtranxs-available-languages-message qtranxs-available-languages-message-en\">Sorry, this entry is only available in <a href=\"https:\/\/bandits-mages.antrepeaux.net\/fr\/wp-json\/wp\/v2\/posts\/4129\" class=\"qtranxs-available-language-link qtranxs-available-language-link-fr\" title=\"FR\">French<\/a>. For the sake of viewer convenience, the content is shown below in the alternative language. You may click the link to switch the active language.<\/p>\n<p>A l\u2019occasion de l\u2019inauguration de la Friche l&#8217;Antre-Peaux, le 29 septembre 2018, Bandits-Mages invite l\u2019artiste V\u00e9ronique HUBERT, et nous propose un mix-performance qui m\u00eale cin\u00e9ma-musique-dialogues durant la projection des modules \u00ab\u00a0ORGANISER LE CHAOS #&#8230;: BANDITS-MAGES\u00a0\u00bb r\u00e9alis\u00e9s lors de sa r\u00e9sidence \u00e0 Bourges d\u00e9but juillet.<\/p>\n","protected":false},"author":1,"featured_media":4049,"comment_status":"closed","ping_status":"closed","sticky":false,"template":"","format":"standard","meta":[],"categories":[37,40],"tags":[],"_links":{"self":[{"href":"https:\/\/bandits-mages.antrepeaux.net\/en\/wp-json\/wp\/v2\/posts\/4129"}],"collection":[{"href":"https:\/\/bandits-mages.antrepeaux.net\/en\/wp-json\/wp\/v2\/posts"}],"about":[{"href":"https:\/\/bandits-mages.antrepeaux.net\/en\/wp-json\/wp\/v2\/types\/post"}],"author":[{"embeddable":true,"href":"https:\/\/bandits-mages.antrepeaux.net\/en\/wp-json\/wp\/v2\/users\/1"}],"replies":[{"embeddable":true,"href":"https:\/\/bandits-mages.antrepeaux.net\/en\/wp-json\/wp\/v2\/comments?post=4129"}],"version-history":[{"count":4,"href":"https:\/\/bandits-mages.antrepeaux.net\/en\/wp-json\/wp\/v2\/posts\/4129\/revisions"}],"predecessor-version":[{"id":4136,"href":"https:\/\/bandits-mages.antrepeaux.net\/en\/wp-json\/wp\/v2\/posts\/4129\/revisions\/4136"}],"wp:featuredmedia":[{"embeddable":true,"href":"https:\/\/bandits-mages.antrepeaux.net\/en\/wp-json\/wp\/v2\/media\/4049"}],"wp:attachment":[{"href":"https:\/\/bandits-mages.antrepeaux.net\/en\/wp-json\/wp\/v2\/media?parent=4129"}],"wp:term":[{"taxonomy":"category","embeddable":true,"href":"https:\/\/bandits-mages.antrepeaux.net\/en\/wp-json\/wp\/v2\/categories?post=4129"},{"taxonomy":"post_tag","embeddable":true,"href":"https:\/\/bandits-mages.antrepeaux.net\/en\/wp-json\/wp\/v2\/tags?post=4129"}],"curies":[{"name":"wp","href":"https:\/\/api.w.org\/{rel}","templated":true}]}}