{"id":4037,"date":"2018-08-06T15:49:31","date_gmt":"2018-08-06T13:49:31","guid":{"rendered":"http:\/\/bandits-mages.antrepeaux.net\/?p=4037"},"modified":"2018-12-10T12:56:23","modified_gmt":"2018-12-10T11:56:23","slug":"lantre-fait-peaux-neuves-inauguration-rehabilitation","status":"publish","type":"post","link":"https:\/\/bandits-mages.antrepeaux.net\/en\/blog\/2018\/08\/06\/lantre-fait-peaux-neuves-inauguration-rehabilitation\/","title":{"rendered":"L&#8217;ANTRE FAIT PEAUX NEUVES \/ INAUGURATION R\u00c9HABILITATION"},"content":{"rendered":"<p class=\"qtranxs-available-languages-message qtranxs-available-languages-message-en\">Sorry, this entry is only available in <a href=\"https:\/\/bandits-mages.antrepeaux.net\/fr\/wp-json\/wp\/v2\/posts\/4037\" class=\"qtranxs-available-language-link qtranxs-available-language-link-fr\" title=\"FR\">French<\/a>. For the sake of viewer convenience, the content is shown below in the alternative language. You may click the link to switch the active language.<\/p>[vc_row][vc_column width=&#8221;2\/3&#8243;][vc_column_text]\n<h2>INAUGURATION R\u00c9HABILITATION \u2022 BOURGES<\/h2>\n<h3>EN COPRODUCTION AVEC EMMETROP<\/h3>\n<div>\n<p style=\"text-align: justify;\"><span style=\"font-size: 12pt;\">Apr\u00e8s quatre ann\u00e9es de travaux de r\u00e9habilitation, les associations Emmetrop et Bandits-Mages ont le plaisir de vous pr\u00e9senter les nouveaux espaces de cr\u00e9ation, de pratique, de production et d\u2019\u00e9ducation artistique de la friche Antre-peaux \u00e0 Bourges.<\/span><\/p>\n<p style=\"text-align: justify;\"><span style=\"font-size: 12pt;\">Une renaissance pour notre lieu-projet pionnier en r\u00e9gion Centre-Val de Loire.<\/span><\/p>\n<\/div>\n[\/vc_column_text][vc_column_text]\n<div>\n<p style=\"text-align: justify;\">Chancres urbains, friches, usines, gares, abattoirs,\u2026 d\u00e9saffect\u00e9s ont tout d\u2019abord constitu\u00e9 une r\u00e9ponse en urgence, des abris de fortune face \u00e0 l\u2019explosion des comportements, des aspirations et des pratiques artistiques, associatives et activistes du d\u00e9but des ann\u00e9es 80.<br \/>\nAujourd\u2019hui, ces h\u00e9t\u00e9rotopies, vaisseaux fant\u00f4mes, tapis volants, tentes d\u2019indiens, terrains vagues, friches artistiques,\u2026 poursuivent en France et ailleurs l\u2019\u00e9laboration d\u2019autres possibles, continuent \u00e0 r\u00eaver et construire des \u00eelots de \u00ab\u00a0tout monde\u00a0\u00bb, exp\u00e9rimentent concr\u00e8tement, au risque du r\u00e9el, leurs intuitions, tentatives et questionnements pour \u00e9tablir de nouvelles relations entre arts, territoires et populations.<br \/>\nBienvenue \u00e0 cette longue et \u00e9clectique journ\u00e9e du 29 septembre 2018\u2026 une inauguration officielle, des spectacles, des installations sonores et visuelles, des concerts et autres agitations sur le dance floor.<br \/>\nUne programmation que nous avons voulue exceptionnelle, truff\u00e9e de p\u00e9pites et de diamants.<br \/>\nUne f\u00eate en forme de rituel de transition, puisque qu\u2019on ne pend plus que rarement la cr\u00e9maill\u00e8re.<br \/>\nEt le lendemain matin, ils nous faudra, toujours, avec acharnement, passion et cr\u00e9ativit\u00e9, serrer les boulons ensemble en fabrique permanente de nos vies et de nos savoirs situ\u00e9s, comme les ouvriers de l\u2019entreprise Leiseing ici m\u00eame en leur temps et les \u0153uvriers de l\u2019Antre-peaux d\u2019aujourd\u2019hui, ceux d\u2019Emmetrop, de Bandits-Mages et ceux n\u00e9s des multiples alliances fertiles avec des \u00e9nergies et des projets d\u2019ici et d\u2019ailleurs.<\/p>\n<p style=\"text-align: right;\">Erik NOULETTE, the old \u2013 timer<\/p>\n<\/div>\n<p>&nbsp;<\/p>\n[\/vc_column_text][\/vc_column][vc_column width=&#8221;1\/3&#8243;][vc_single_image image=&#8221;4042&#8243; img_size=&#8221;full&#8221;][vc_btn title=&#8221;T\u00e9l\u00e9charger l&#8217;affiche&#8221; style=&#8221;flat&#8221; color=&#8221;black&#8221; i_icon_fontawesome=&#8221;fa fa-file-pdf-o&#8221; add_icon=&#8221;true&#8221; link=&#8221;url:http%3A%2F%2Fbandits-mages.antrepeaux.net%2Fwp-content%2Fuploads%2F2018%2F08%2FAFFICHE_antrefaitpeauneuve_29sept.pdf||target:%20_blank|rel:nofollow&#8221;][\/vc_column][\/vc_row][vc_row][vc_column][\/vc_column][\/vc_row][vc_row][vc_column][vc_column_text]\n<h2>PROGRAMME DE LA JOURN\u00c9E<br \/>\n<span style=\"font-size: 10pt;\"><strong><em>Sous r\u00e9serve de modifications<\/em><\/strong><\/span><\/h2>\n<h4>FRICHE ANTRE-PEAUX<\/h4>\n<p><strong>16h\u00a0:<\/strong> Ouverture<br \/>\n<strong>17h\u00a0:<\/strong> Discours officiels<br \/>\n<strong>18h\u00a0<\/strong>: Pot de la Ville de Bourges<br \/>\n<strong>21h\u00a0:<\/strong> #mapping <strong>M Kid<\/strong><\/p>\n<h4>TRANSPALETTE<\/h4>\n<p><strong>d\u00e8s 16h<\/strong><br \/>\n<strong>RDC\u00a0:<\/strong> #cr\u00e9ations sonores \u2013 Carte blanche au <strong>Collectif Arth\u00e9sis<\/strong>, Post-dipl\u00f4me son de l\u2019ENSA<br \/>\n<strong>1er \u00e9tage\u00a0:<\/strong> #exposition photo \u2013 Restitution de l\u2019atelier <strong><em>\u201cPhotographier l\u2019Architecture\u201d<\/em><\/strong> men\u00e9 par <strong>Eric Mengual<\/strong><br \/>\n#exposition photo \u2013 Travail photographique des <strong>\u00e9l\u00e8ves de l\u2019\u00c9pide<\/strong> de Bourges, autour des peintures murales de la friche Antre-peaux<br \/>\n<strong>2\u00e8me \u00e9tage\u00a0:<\/strong> Espace <strong>LAB<\/strong><br \/>\n#installation vid\u00e9o \u2013 <strong><i>Baba Vanga,<\/i> <b>Aleksandra Niemczyk\u00a0avec le soutien d&#8217;Europe Creative<\/b><\/strong><strong><b><img loading=\"lazy\" class=\"wp-image-3426 alignright\" src=\"http:\/\/bandits-mages.antrepeaux.net\/wp-content\/uploads\/2018\/01\/creative-europe-logo_0-300x75.png\" alt=\"\" width=\"148\" height=\"37\" srcset=\"https:\/\/bandits-mages.antrepeaux.net\/wp-content\/uploads\/2018\/01\/creative-europe-logo_0-300x75.png 300w, https:\/\/bandits-mages.antrepeaux.net\/wp-content\/uploads\/2018\/01\/creative-europe-logo_0-768x193.png 768w, https:\/\/bandits-mages.antrepeaux.net\/wp-content\/uploads\/2018\/01\/creative-europe-logo_0-150x38.png 150w, https:\/\/bandits-mages.antrepeaux.net\/wp-content\/uploads\/2018\/01\/creative-europe-logo_0.png 780w\" sizes=\"(max-width: 148px) 100vw, 148px\" \/><\/b><\/strong><\/p>\n<p>&nbsp;<\/p>\n<p>#installations radio \u2013 <strong>Radio Radio et rAAdio cAArgo \u2013 Collectif Arth\u00e9sis<\/strong>, Post-dipl\u00f4me son de l\u2019ENSA<br \/>\n<strong>20h\u00a0:<\/strong> #fresque sonore \u2013 <em><strong>Face A #DIASTASE COSMIQUE<\/strong><\/em>, <strong>Collectif Arth\u00e9sis<\/strong>, Post-dipl\u00f4me son de l\u2019ENSA<\/p>\n<h4>HA\u00cfDOUC<\/h4>\n<p><strong>17h <\/strong>#installation radio permanente<strong><em> Constellation 68, ceci n\u2019est pas une archive<\/em>, rAAdio cAArgo<br \/>\n18h :<\/strong> #mix <i><strong>Organiser le chaos 1-6<\/strong>,\u00a0<\/i><b> V\u00e9ronique Hubert<br \/>\n<\/b><strong>19h30 :<\/strong> #ab\u00eeme <b>Fanny Adler<br \/>\n<\/b><strong>21h :<\/strong> #mix <i><strong>Correspondances#2 &gt; chaos &amp; squaws<\/strong>,<\/i> <b>V\u00e9ronique Hubert<br \/>\n<\/b><strong>22h30 : <\/strong>#concert<strong><em> <b>CHARDON<\/b><\/em><\/strong> \u2013<strong> <b>Vincent Madame<\/b><\/strong><\/p>\n<h4>\u25ba <strong>INTER-PLATEAUX<\/strong><\/h4>\n<p>#mix \u2013 <strong>vhubert<\/strong><\/p>\n<h4>HOULOC\u00c8NE<\/h4>\n<p><strong>20h\u00a0:<\/strong> #danse \u2013 <em><strong>Dub Love<\/strong><\/em><br \/>\n<strong>Cie Vlovajob Pru \u2013 Cecilia Bengolea &amp; Fran\u00e7ois Chaignaud<br \/>\n<\/strong>Powered by<strong> Dawa Hifi<br \/>\n<\/strong>Sur place 15\u20ac<br \/>\n\u00c9tudiants, ch\u00f4meurs 13\u20ac<br \/>\nAdh\u00e9rents (Emmetrop et Bandits-Mages) 10\u20ac<br \/>\nLocation Emmetrop, Black Gold, Fnac, Placeminute 13\u20ac hors frais<\/p>\n<h4>NADIR<\/h4>\n<p><strong>21h30\u00a0:<\/strong> #lecture musicale \u2013 L&#8217;inondation.<br \/>\n<strong>Jean-Claude Dreyfus<br \/>\n<\/strong>Sur place 13\u20ac<br \/>\n\u00c9tudiants, ch\u00f4meurs 10\u20ac<br \/>\nAdh\u00e9rents (Emmetrop et Bandits-Mages) 8\u20ac<br \/>\nLocation Emmetrop, Black Gold, Fnac, Placeminute 10\u20ac hors frais<br \/>\n<strong>23h30\u00a0:<\/strong> #concert \u2013 <strong>Les T\u00e9tines Noires + Christeene + Infecticide + Rebeka Warrior<\/strong><em> (sous r\u00e9serve)<\/em><strong><br \/>\n<\/strong>Tarif unique 5\u20ac<br \/>\nLocation Emmetrop, Black Gold, Fnac, Placeminute 5\u20ac hors frais*<br \/>\n<strong><em>La r\u00e9gion Centre-Val de Loire soutient ce concert qui permet ce tarif unique.<\/em><\/strong><\/p>\n<h4>ESPACE P\u00c9DAGOGIQUE<\/h4>\n<p><b>Chlo\u00e9 Desmoineaux<br \/>\n<\/b><strong>14h \u00e0 16h :<\/strong> #atelier<i><strong> Pr\u00e9sentation de l\u2019univers du jeu vid\u00e9o alternatif, ind\u00e9pendant et exp\u00e9rimental<\/strong><br \/>\n<\/i><strong>16h \u00e0 20h :<\/strong> Espace open d\u00e9mo jeux vid\u00e9o alternatifs et pr\u00e9sentation de cycle d\u2019ateliers 2019<br \/>\nEntr\u00e9e libre<\/p>\n[\/vc_column_text][\/vc_column][\/vc_row][vc_row][vc_column][vc_btn title=&#8221;T\u00e9l\u00e9charger le programme&#8221; style=&#8221;flat&#8221; color=&#8221;black&#8221; size=&#8221;sm&#8221; i_icon_fontawesome=&#8221;fa fa-file-pdf-o&#8221; add_icon=&#8221;true&#8221; link=&#8221;url:http%3A%2F%2Fbandits-mages.antrepeaux.net%2Fwp-content%2Fuploads%2F2018%2F12%2FBROCHURE_4-4_29sept-FINAL4-web.pdf||target:%20_blank|rel:nofollow&#8221;][\/vc_column][\/vc_row][vc_row][vc_column][vc_raw_html]JTNDZGl2JTIwc3R5bGUlM0QlMjJwb3NpdGlvbiUzQXJlbGF0aXZlJTNCaGVpZ2h0JTNBMHB4JTNCd2lkdGglM0ExMDAlMjUlM0JwYWRkaW5nLWJvdHRvbSUzQTU2LjI1JTI1JTNCJTIyJTNFJTNDaWZyYW1lJTIwZnJhbWVib3JkZXIlM0QlMjIwJTIyJTIwbWFyZ2luaGVpZ2h0JTNEJTIyMCUyMiUyMG1hcmdpbndpZHRoJTNEJTIyMCUyMiUyMHNyYyUzRCUyMmh0dHBzJTNBJTJGJTJGZW1tZXRyb3AucGxhY2VtaW51dGUuY29tJTJGZmVzdGl2YWwlMkZsX2FudHJlX2ZhaXRfcGVhdXhfbmV1dmVzX2luYXVndXJhdGlvbl9yZWhhYmlsaXRhdGlvbl9hbnRyZV9wZWF1eCUyQzElMkMyNjc4OS5odG1sJTNGbW9kdWxlX3BhaWVtZW50JTI2bGFuZ3VlJTNEZnIlMjIlMjBoZWlnaHQlM0QlMjIxMDAlMjUlMjIlMjB3aWR0aCUzRCUyMjEwMCUyNSUyMiUyMHN0eWxlJTNEJTIycG9zaXRpb24lM0FhYnNvbHV0ZSUzQnRvcCUzQTAlM0JsZWZ0JTNBMCUzQiUyMiUzRSUzQyUyRmlmcmFtZSUzRSUzQyUyRmRpdiUzRQ==[\/vc_raw_html][\/vc_column][\/vc_row]","protected":false},"excerpt":{"rendered":"<p class=\"qtranxs-available-languages-message qtranxs-available-languages-message-en\">Sorry, this entry is only available in <a href=\"https:\/\/bandits-mages.antrepeaux.net\/fr\/wp-json\/wp\/v2\/posts\/4037\" class=\"qtranxs-available-language-link qtranxs-available-language-link-fr\" title=\"FR\">French<\/a>. For the sake of viewer convenience, the content is shown below in the alternative language. You may click the link to switch the active language.<\/p>\n<p>Apr\u00e8s quatre ann\u00e9es de travaux de r\u00e9habilitation, les associations Emmetrop et Bandits-Mages ont le plaisir de vous pr\u00e9senter les nouveaux espaces de cr\u00e9ation, de pratique, de production et d\u2019\u00e9ducation artistique de la friche Antre-peaux \u00e0 Bourges.<br \/>\nUne renaissance pour notre lieu-projet pionnier en r\u00e9gion Centre-Val de Loire.<\/p>\n","protected":false},"author":1,"featured_media":4040,"comment_status":"closed","ping_status":"closed","sticky":false,"template":"","format":"standard","meta":[],"categories":[47,38],"tags":[],"_links":{"self":[{"href":"https:\/\/bandits-mages.antrepeaux.net\/en\/wp-json\/wp\/v2\/posts\/4037"}],"collection":[{"href":"https:\/\/bandits-mages.antrepeaux.net\/en\/wp-json\/wp\/v2\/posts"}],"about":[{"href":"https:\/\/bandits-mages.antrepeaux.net\/en\/wp-json\/wp\/v2\/types\/post"}],"author":[{"embeddable":true,"href":"https:\/\/bandits-mages.antrepeaux.net\/en\/wp-json\/wp\/v2\/users\/1"}],"replies":[{"embeddable":true,"href":"https:\/\/bandits-mages.antrepeaux.net\/en\/wp-json\/wp\/v2\/comments?post=4037"}],"version-history":[{"count":21,"href":"https:\/\/bandits-mages.antrepeaux.net\/en\/wp-json\/wp\/v2\/posts\/4037\/revisions"}],"predecessor-version":[{"id":4126,"href":"https:\/\/bandits-mages.antrepeaux.net\/en\/wp-json\/wp\/v2\/posts\/4037\/revisions\/4126"}],"wp:featuredmedia":[{"embeddable":true,"href":"https:\/\/bandits-mages.antrepeaux.net\/en\/wp-json\/wp\/v2\/media\/4040"}],"wp:attachment":[{"href":"https:\/\/bandits-mages.antrepeaux.net\/en\/wp-json\/wp\/v2\/media?parent=4037"}],"wp:term":[{"taxonomy":"category","embeddable":true,"href":"https:\/\/bandits-mages.antrepeaux.net\/en\/wp-json\/wp\/v2\/categories?post=4037"},{"taxonomy":"post_tag","embeddable":true,"href":"https:\/\/bandits-mages.antrepeaux.net\/en\/wp-json\/wp\/v2\/tags?post=4037"}],"curies":[{"name":"wp","href":"https:\/\/api.w.org\/{rel}","templated":true}]}}