{"id":3815,"date":"2018-05-31T14:25:51","date_gmt":"2018-05-31T12:25:51","guid":{"rendered":"http:\/\/bandits-mages.antrepeaux.net\/?p=3815"},"modified":"2018-06-11T13:56:43","modified_gmt":"2018-06-11T11:56:43","slug":"le-cinema-le-rio-a-saint-florent-sur-cher-invite-bandits-mages-a-sa-seance-speciale-mai-68-le-16-juin-2018-des-19h00","status":"publish","type":"post","link":"https:\/\/bandits-mages.antrepeaux.net\/en\/blog\/2018\/05\/31\/le-cinema-le-rio-a-saint-florent-sur-cher-invite-bandits-mages-a-sa-seance-speciale-mai-68-le-16-juin-2018-des-19h00\/","title":{"rendered":"Le cin\u00e9ma le Rio \u00e0 Saint-Florent-sur-Cher, invite BANDITS-MAGES \u00e0 sa s\u00e9ance sp\u00e9ciale MAI 68, le 15 juin 2018 d\u00e8s 19h00."},"content":{"rendered":"<p class=\"qtranxs-available-languages-message qtranxs-available-languages-message-en\">Sorry, this entry is only available in <a href=\"https:\/\/bandits-mages.antrepeaux.net\/fr\/wp-json\/wp\/v2\/posts\/3815\" class=\"qtranxs-available-language-link qtranxs-available-language-link-fr\" title=\"FR\">French<\/a>. For the sake of viewer convenience, the content is shown below in the alternative language. You may click the link to switch the active language.<\/p><p><span style=\"font-size: 12pt;\">Le cin\u00e9ma le Rio \u00e0 Saint-Florent-sur-Cher organise une soir\u00e9e :\u00a0S\u00c9ANCE SP\u00c9CIALE MAI 68, le 15 juin 2018 d\u00e8s 19h00. Pens\u00e9e dans un esprit de partage et de convivialit\u00e9, en partenariat avec l\u2019union locale <strong>CGT<\/strong> de Saint Florent sur Cher, l\u2019association <strong>BANDITS-MAGES<\/strong> et<strong> CICLIC<\/strong>. Lors de cette soir\u00e9e il sera question du point de vue des salari\u00e9s en lutte et d\u2019un \u00e9largissement d&#8217;une vision de 68 aux luttes internationales.<\/span><\/p>\n<p><span style=\"font-size: 12pt;\">Le programme\u00a0<\/span><\/p>\n<p><strong><span style=\"font-size: 12pt;\">19h\u00a0: Ouverture des portes<\/span><br \/>\n<\/strong><strong>Casse-cro\u00fbte offert par l\u2019Union locale CGT de Saint Florent<\/strong><\/p>\n<p><span style=\"font-size: 12pt;\"><strong>19h20\u00a0: Pr\u00e9sentation du d\u00e9roulement de la soir\u00e9e, des partenaires et des intervenants\u00a0<\/strong><\/span><\/p>\n<p><span style=\"font-size: 12pt;\"><strong>19h30\u00a0: Cin\u00e9-Concert avec Vincent Faucheux (dur\u00e9e\u00a0: environ 50 min)<\/strong><\/span><\/p>\n<p><strong>Mai 68 \u00e0 Tours\u00a0<br \/>\n<\/strong>Un film de <strong>Jean Burmann<\/strong> &#8211;\u00a01968 \u2013 France \u2013 Documentaire \u2013 22min45 \u2013 Couleur<br \/>\n<u>R\u00e9sum\u00e9<\/u>\u00a0: Ce film documente l\u2019ambiance de gr\u00e8ve dans la ville de Tours durant les \u00e9v\u00e9nements de Mai 68.<\/p>\n<p><strong>Cin\u00e9-tract<br \/>\n<\/strong>Films d\u2019Anonyme &#8211;\u00a01968 &#8211;\u00a0France &#8211;\u00a0Documentaire &#8211;\u00a028 min &#8211; Noir et Blanc<br \/>\n<u>R\u00e9sum\u00e9<\/u>\u00a0: Sept Films r\u00e9alis\u00e9s \u00e0 partir de documents photographiques de l\u2019actualit\u00e9 nationale et internationale. L\u2019exp\u00e9rience des cin\u00e9-tracts a \u00e9t\u00e9 lanc\u00e9e en mai et juin 1968 \u00e0 l\u2019initiative du cin\u00e9aste Chris Marker.<\/p>\n<p><span style=\"font-size: 12pt;\"><strong>20h30\u00a0: Pr\u00e9sentation de la programmation par Catherine Roud\u00e9.<br \/>\n<\/strong><\/span><strong>20h40\u00a0: Programmation (dur\u00e9e\u00a0:1h16)<\/strong><\/p>\n<p><strong>Nouvelle Soci\u00e9t\u00e9, Episode 5\u00a0: <em>Kelton\u00a0<\/em><\/strong><\/p>\n<p><img loading=\"lazy\" class=\"size-medium wp-image-3819 alignright\" src=\"http:\/\/bandits-mages.antrepeaux.net\/wp-content\/uploads\/2018\/05\/NOUVELLE-SOCIETE-300x238.jpg\" alt=\"NOUVELLE-SOCIETE\" width=\"300\" height=\"238\" srcset=\"https:\/\/bandits-mages.antrepeaux.net\/wp-content\/uploads\/2018\/05\/NOUVELLE-SOCIETE-300x238.jpg 300w, https:\/\/bandits-mages.antrepeaux.net\/wp-content\/uploads\/2018\/05\/NOUVELLE-SOCIETE-768x609.jpg 768w, https:\/\/bandits-mages.antrepeaux.net\/wp-content\/uploads\/2018\/05\/NOUVELLE-SOCIETE-150x119.jpg 150w, https:\/\/bandits-mages.antrepeaux.net\/wp-content\/uploads\/2018\/05\/NOUVELLE-SOCIETE.jpg 950w\" sizes=\"(max-width: 300px) 100vw, 300px\" \/><\/p>\n<p><strong><em><br \/>\n<\/em><\/strong>Un film du <strong>Groupe Medvedkine de Besan\u00e7on<\/strong> &#8211;\u00a01969-1970 &#8211;\u00a0France &#8211;\u00a0Documentaire &#8211;\u00a08 mn &#8211; Noir et Blanc<br \/>\n<u>R\u00e9sum\u00e9<\/u>\u00a0: Les conditions de travail dans l\u2019horlogerie Kelton-Timex\u2009: les ouvri\u00e8res travaillant \u00e0 un rythme effr\u00e9n\u00e9, les \u00e9vanouissements, les accidents et en guise de prime de la nouvelle soci\u00e9t\u00e9, Sylvie Vartan venant chanter \u00e0 l\u2019usine.<\/p>\n<p><strong><em>Le Cheminot\u00a0<br \/>\n<\/em><\/strong>Un film de <strong>Fernand Moskowicz<\/strong> &#8211;\u00a01968 &#8211;\u00a0France &#8211;\u00a0Documentaire &#8211;\u00a025 mn &#8211;\u00a0Noir et Blanc<br \/>\n<u>R\u00e9sum\u00e9<\/u>\u00a0: En Mai 68, un cheminot gr\u00e9viste du Sud-Ouest, militant CFDT, d\u00e9couvre la Sorbonne occup\u00e9e et tente de nouer un dialogue avec des \u00e9tudiants.<\/p>\n<p><strong><em>Chili<br \/>\n<\/em><\/strong>Un film de <strong>Paul Bourron<\/strong> &#8211;\u00a0\u00a01974 &#8211; \u00a0France, Chili &#8211; \u00a0Documentaire &#8211; 16 mn &#8211; Noir et Blanc<br \/>\n<u>R\u00e9sum\u00e9<\/u>\u00a0: Chili, 1973. Un montage de photographies c\u00e9l\u00e8bres retracent les \u00e9v\u00e9nements qui virent \u00e0 l\u2019an\u00e9antissement de la d\u00e9mocratie et l\u2019instauration du r\u00e9gime totalitaire de Pinochet.<\/p>\n<p><strong><em>Lip 5\u00a0: Christiane et Monique<br \/>\n<\/em><\/strong>Un film de<strong> Carole Roussopoulos &#8211;\u00a0<\/strong>1976 -France &#8211; Documentaire &#8211; 30min 25 &#8211; Noir et blanc<br \/>\n<u>R\u00e9sum\u00e9<\/u>\u00a0: Cette vid\u00e9o, tourn\u00e9e par la r\u00e9alisatrice avec son groupe Video Out pendant la gr\u00e8ve des usines Lip, met en avant le r\u00f4le des femmes dans une usine en lutte.<\/p>\n<p><span style=\"font-size: 12pt;\"><strong>22h\u00a0: Intervention de Catherine Roud\u00e9 suivi d\u2019un \u00e9change avec le public<\/strong><\/span><\/p>\n<p><u>Intervenants<\/u>\u00a0:\u00a0<\/p>\n<ul>\n<li><strong>Catherine Roud\u00e9<\/strong>, docteure de l\u2019Universit\u00e9 Paris I Panth\u00e9on-Sorbonne, chercheuse associ\u00e9e \u00e0 l\u2019\u00e9quipe d\u2019accueil d\u2019Histoire culturelle et sociale de l\u2019art (HiCSA)\u00a0<\/li>\n<li><strong>Vincent Faucheux<\/strong>, chanteur<\/li>\n<\/ul>\n<p><u>Prix<\/u>\u00a0: 7\u20ac plein tarif &#8211;\u00a05,50\u20ac tarif r\u00e9duit &#8211;\u00a0\u00a04\u20ac moins de 14 ans<\/p>\n<p><u>Lieu<\/u>\u00a0: Cin\u00e9ma le Rio<br \/>\nRue Jean Moulin<br \/>\n18400 Saint-Florent-sur-Cher<br \/>\nTel\u00a0: 02 48 55 02 21<\/p>\n<p><img loading=\"lazy\" class=\"alignnone wp-image-3848 size-full\" src=\"http:\/\/bandits-mages.antrepeaux.net\/wp-content\/uploads\/2018\/05\/BM-Mai68-Banniere.jpg\" alt=\"Banieres pour cin\u00e9ma 68\" width=\"1975\" height=\"168\" srcset=\"https:\/\/bandits-mages.antrepeaux.net\/wp-content\/uploads\/2018\/05\/BM-Mai68-Banniere.jpg 1975w, https:\/\/bandits-mages.antrepeaux.net\/wp-content\/uploads\/2018\/05\/BM-Mai68-Banniere-300x26.jpg 300w, https:\/\/bandits-mages.antrepeaux.net\/wp-content\/uploads\/2018\/05\/BM-Mai68-Banniere-768x65.jpg 768w, https:\/\/bandits-mages.antrepeaux.net\/wp-content\/uploads\/2018\/05\/BM-Mai68-Banniere-1024x87.jpg 1024w, https:\/\/bandits-mages.antrepeaux.net\/wp-content\/uploads\/2018\/05\/BM-Mai68-Banniere-150x13.jpg 150w\" sizes=\"(max-width: 1975px) 100vw, 1975px\" \/><\/p>","protected":false},"excerpt":{"rendered":"<p class=\"qtranxs-available-languages-message qtranxs-available-languages-message-en\">Sorry, this entry is only available in <a href=\"https:\/\/bandits-mages.antrepeaux.net\/fr\/wp-json\/wp\/v2\/posts\/3815\" class=\"qtranxs-available-language-link qtranxs-available-language-link-fr\" title=\"FR\">French<\/a>. For the sake of viewer convenience, the content is shown below in the alternative language. You may click the link to switch the active language.<\/p>\n<p>Le cin\u00e9ma le Rio \u00e0 Saint-Florent-sur-Cher organise une soir\u00e9e :\u00a0S\u00c9ANCE SP\u00c9CIALE MAI 68, le 15 juin 2018 d\u00e8s 19h00. Pens\u00e9e dans un esprit de partage et de convivialit\u00e9, en partenariat avec l\u2019union locale CGT de Saint Florent sur Cher, l\u2019association BANDITS-MAGES et CICLIC. Lors de cette soir\u00e9e il sera question du point de vue des salari\u00e9s en lutte et d\u2019un \u00e9largissement d&#8217;une vision de 68 aux luttes internationales.<\/p>\n","protected":false},"author":1,"featured_media":3817,"comment_status":"closed","ping_status":"closed","sticky":false,"template":"","format":"standard","meta":[],"categories":[55,47,38],"tags":[],"_links":{"self":[{"href":"https:\/\/bandits-mages.antrepeaux.net\/en\/wp-json\/wp\/v2\/posts\/3815"}],"collection":[{"href":"https:\/\/bandits-mages.antrepeaux.net\/en\/wp-json\/wp\/v2\/posts"}],"about":[{"href":"https:\/\/bandits-mages.antrepeaux.net\/en\/wp-json\/wp\/v2\/types\/post"}],"author":[{"embeddable":true,"href":"https:\/\/bandits-mages.antrepeaux.net\/en\/wp-json\/wp\/v2\/users\/1"}],"replies":[{"embeddable":true,"href":"https:\/\/bandits-mages.antrepeaux.net\/en\/wp-json\/wp\/v2\/comments?post=3815"}],"version-history":[{"count":6,"href":"https:\/\/bandits-mages.antrepeaux.net\/en\/wp-json\/wp\/v2\/posts\/3815\/revisions"}],"predecessor-version":[{"id":3849,"href":"https:\/\/bandits-mages.antrepeaux.net\/en\/wp-json\/wp\/v2\/posts\/3815\/revisions\/3849"}],"wp:featuredmedia":[{"embeddable":true,"href":"https:\/\/bandits-mages.antrepeaux.net\/en\/wp-json\/wp\/v2\/media\/3817"}],"wp:attachment":[{"href":"https:\/\/bandits-mages.antrepeaux.net\/en\/wp-json\/wp\/v2\/media?parent=3815"}],"wp:term":[{"taxonomy":"category","embeddable":true,"href":"https:\/\/bandits-mages.antrepeaux.net\/en\/wp-json\/wp\/v2\/categories?post=3815"},{"taxonomy":"post_tag","embeddable":true,"href":"https:\/\/bandits-mages.antrepeaux.net\/en\/wp-json\/wp\/v2\/tags?post=3815"}],"curies":[{"name":"wp","href":"https:\/\/api.w.org\/{rel}","templated":true}]}}