{"id":3738,"date":"2018-05-09T18:24:35","date_gmt":"2018-05-09T16:24:35","guid":{"rendered":"http:\/\/bandits-mages.antrepeaux.net\/?p=3738"},"modified":"2018-05-24T15:12:17","modified_gmt":"2018-05-24T13:12:17","slug":"restitution-de-latelier-de-magali-sanheira-le-25-et-26-mai-2018","status":"publish","type":"post","link":"https:\/\/bandits-mages.antrepeaux.net\/en\/blog\/2018\/05\/09\/restitution-de-latelier-de-magali-sanheira-le-25-et-26-mai-2018\/","title":{"rendered":"Restitution de l\u2019atelier Galaxie non identifi\u00e9e &#8211; 25 et 26 mai 2018"},"content":{"rendered":"<p class=\"qtranxs-available-languages-message qtranxs-available-languages-message-en\">Sorry, this entry is only available in <a href=\"https:\/\/bandits-mages.antrepeaux.net\/fr\/wp-json\/wp\/v2\/posts\/3738\" class=\"qtranxs-available-language-link qtranxs-available-language-link-fr\" title=\"FR\">French<\/a>. For the sake of viewer convenience, the content is shown below in the alternative language. You may click the link to switch the active language.<\/p>[vc_row][vc_column][vc_column_text]\n<p style=\"text-align: justify;\"><span style=\"font-size: 12pt;\">Dans le cadre de L&#8217;Odyss\u00e9e Festival d&#8217;aventures sonores qui se d\u00e9roule du 23 au 26 mai, <strong>BANDITS-MAGES\u00a0<\/strong>vous invite \u00e0 la restitution de l\u2019atelier de cr\u00e9ation plastique et sonore autour du th\u00e8me de l\u2019espace, imagin\u00e9 par <strong>Magali Sanheira\u00a0<\/strong>avec les \u00e9l\u00e8ves du <strong>coll\u00e8ge Voltaire\u00a0<\/strong>\u00e0 <strong>Saint-Florent-Sur-Cher<\/strong>. Les <strong>25 et 26 mai\u00a0<\/strong>\u00a0au Ha\u00efdouc &#8211; 26, route de la chapelle, 18000 Bourges.\u00a0<\/span><\/p>\n<p><span style=\"font-size: 12pt;\">Vendredi 25 mai de <strong>14h00 &#8211; 21h00<\/strong> \/\/\u00a0<\/span><span style=\"font-size: 12pt;\">Samedi\u00a026 mai de <strong>18h00 &#8211; 21h00\u00a0<\/strong><\/span><\/p>\n<p style=\"text-align: justify;\"><span style=\"font-size: 12pt;\">Depuis plusieurs mois, dans le cadre de\u00a0<strong>Lez\u2019arts \u00f4 coll\u00e8ge\u00a0<\/strong>soutenu par le d\u00e9partement,\u00a0les \u00e9l\u00e8ves de 4<sup>\u00e8me\u00a0<\/sup>et 3<sup>\u00e8me\u00a0<\/sup>ont d\u00e9velopp\u00e9 une pratique de l\u2019\u00e9coute avec une s\u00e9lection d\u2019\u0153uvres sonores ax\u00e9e sur la musique \u00e9lectro-acoustique et la musique concr\u00e8te. Puis ils ont \u00e9t\u00e9 amen\u00e9s \u00e0 travailler la repr\u00e9sentation du son au travers du dessin.<\/span><\/p>\n<h4><strong>Galaxie non identifi\u00e9e<\/strong><\/h4>\n<p>Une galaxie est un assemblage circulaire d&#8217;\u00e9toiles, de poussi\u00e8res, de mati\u00e8re noire et<u>\u00a0<\/u>d\u2019\u00e9nergie qui se lib\u00e8re.<\/p>\n<p>Ce travail collectif donnera lieu \u00e0 deux installations et une vid\u00e9o:<\/p>\n<p><strong><em>\u00c9clats.<\/em><\/strong> 3 panneaux de bois (1,40m x 1,40m), charbon, bande son.<\/p>\n<p>Dessin amplifi\u00e9 : action sur 3 panneaux de bois amplifi\u00e9s avec des microphones g\u00e9n\u00e9rant une composition graphique et simultan\u00e9ment sa propre bande sonore.<\/p>\n<p><strong><em>R\u00e9percutions.<\/em><\/strong> Installation.<\/p>\n<p>S\u00e9ries de dessins spacialis\u00e9s, inspir\u00e9es par des sons de notre environnement.<span class=\"Apple-converted-space\">\u00a0<\/span><\/p>\n<p><strong>Galaxie non identifi\u00e9e. <\/strong>Vid\u00e9o en boucle, 3 min. R\u00e9alisation :\u00a0<strong>Quentin Aurat.<\/strong><\/p>\n<p>Documentation du travail en atelier men\u00e9 par Magali Sanheira.<\/p>\n[\/vc_column_text][\/vc_column][\/vc_row][vc_row][vc_column width=&#8221;1\/2&#8243;][vc_column_text]\n<p><span style=\"font-size: 12pt;\"><strong> Les \u00e9l\u00e8ves de 4\u00e8me<\/strong><\/span><\/p>\n<p>AMICHAUD In\u00e8s \/\u00a0DAGOIS\u00a0Manon \/\u00a0LAFORME\u00a0L\u00e9o \/\u00a0LOUGLAYAL\u00a0Jaad \/\u00a0MARMILLON Morgan \/\u00a0MYRON Louna \/\u00a0SEBA Nordine \/\u00a0THIBAULT Marina\/\u00a0VERNEUIL Luca<\/p>\n[\/vc_column_text][\/vc_column][vc_column width=&#8221;1\/2&#8243;][vc_column_text]\n<p><span style=\"font-size: 12pt;\"><strong> Les \u00e9l\u00e8ves de 3\u00e8me<\/strong><\/span><\/p>\n<p>FERREIRA James \/ \u00a0GAZEL Kathleen \/\u00a0GUIDI\u00a0Oc\u00e9ane \/\u00a0JUBENOT Matt\u00e9o \/\u00a0LEDESMA\u00a0Manuel \/\u00a0MERIOT\u00a0\u00a0Flavien \/\u00a0MIGUEL GARCIA\u00a0Alicia \/\u00a0POQUEREAU Clayton \/\u00a0SA\u00cf Yannis<\/p>\n[\/vc_column_text][\/vc_column][\/vc_row][vc_row][vc_column][vc_column_text]\n<p><strong>Ouvert au public \/\/ Participation libre<\/strong><\/p>\n<p style=\"text-align: justify;\"><span style=\"font-size: 12pt;\">Pour plus d&#8217;informations contacter<strong>\u00a0<a href=\"mailto:production@bandits-mages.com\" target=\"_blank\" rel=\"noopener\">Olivia EARLE par mail<\/a><\/strong> \/\/ Ligne direct +<strong>33 9 81 85 74 49<\/strong><\/span><\/p>\n[\/vc_column_text][\/vc_column][\/vc_row][vc_row][vc_column width=&#8221;2\/3&#8243;][vc_column_text]\n<p><span style=\"font-size: 12pt;\"><strong>A propos de Magali Sanheira<\/strong><\/span><\/p>\n[\/vc_column_text][vc_column_text]\n<p style=\"text-align: justify;\">Ma pratique s\u2019inscrit dans un champ multidisciplinaire.<\/p>\n<p>Dans une qu\u00eate de sens, il y a un va-et-vient constant entre le sujet abord\u00e9 et le choix des outils et des mati\u00e8res.<\/p>\n<p style=\"text-align: justify;\">La rencontre fortuite avec un objet abandonn\u00e9 est souvent l\u2019\u00e9l\u00e9ment d\u00e9clencheur.<\/p>\n<p>Mon rapport \u00e0 la musique est instinctif.<\/p>\n<p style=\"text-align: justify;\">Audiophile, j\u2019int\u00e8gre le son dans ma pratique comme un mat\u00e9riau sculptural \u00e0 part enti\u00e8re, me permettant de travailler sur une dimension suppl\u00e9mentaire : l\u2019espace acoustique.<\/p>\n[\/vc_column_text][\/vc_column][vc_column width=&#8221;1\/3&#8243;][vc_single_image image=&#8221;3757&#8243; img_size=&#8221;medium&#8221; add_caption=&#8221;yes&#8221;][\/vc_column][\/vc_row][vc_row][vc_column][vc_column_text]\n<p style=\"text-align: justify;\">Je d\u00e9veloppe une recherche autour de formes et de volumes g\u00e9om\u00e9triques simples, voire \u00e9l\u00e9mentaires, des formes arch\u00e9typales.<\/p>\n<p>Je proc\u00e8de \u00e0 des captations environnementales en glanant des objets et des sons ici et l\u00e0. Puis c\u2019est \u00e0 partir de ces fragments que je vais diss\u00e9quer et analyser des processus de fonctionnement qui nous entourent.<\/p>\n<p>Ainsi, je renverse, d\u00e9monte, re-combine ces divers objets et mat\u00e9riaux comme pour expliquer des logiques.<\/p>\n<p>Celles de certains arch\u00e9types mythologiques o\u00f9 je me suis plus particuli\u00e8rement int\u00e9ress\u00e9e \u00e0 des figures f\u00e9minines, celles qui s\u2019opposent, les r\u00e8gles d\u2019un jeu o\u00f9 toute victoire est obsol\u00e8te, ou encore pour cartographier des territoires o\u00f9 la d\u00e9rive n\u2019a pour but que la mise en place d\u2019une nouvelle strat\u00e9gie d\u2019occupation po\u00e9tique du territoire.<\/p>\n<p style=\"text-align: justify;\">J\u2019explore des techniques artisanales in\u00e9dites lorsque n\u00e9cessaire, d\u00e9tourne des technologies industrielles, et transforme des restes pour souvent les laisser bruts.<\/p>\n<p style=\"text-align: justify;\">Ces objets tentent d\u2019interroger les syst\u00e8mes d\u2019une soci\u00e9t\u00e9 fond\u00e9e sur la violence, l\u2019obsolescence programm\u00e9e, la vitesse, la chute, le leurre, et notre relation \u00e0 l\u2019autre dans cette soci\u00e9t\u00e9.<\/p>\n<p style=\"text-align: justify;\">Ces objets qui se rattachent \u00e0 des histoires, ou \u00e0 des \u00e9v\u00e9nements qui marquent l\u2019histoire qui se fait, puisent dans leur potentiel narratif pour proposer d\u2019autres futurs possibles.<\/p>\n[\/vc_column_text][vc_btn title=&#8221;Visitez le site &#8221; style=&#8221;flat&#8221; color=&#8221;black&#8221; size=&#8221;sm&#8221; i_icon_fontawesome=&#8221;fa fa-file-pdf-o&#8221; add_icon=&#8221;true&#8221; link=&#8221;url:http%3A%2F%2Fmagalisanheira.org||target:%20_blank|&#8221;][\/vc_column][\/vc_row]","protected":false},"excerpt":{"rendered":"<p>BANDITS-MAGES\u00a0propose aux \u00e9tudiants de l\u2019ENSA de Bourges\u00a0une rencontre\u00a0le\u00a026 mars \u00e0 12h00 \u00e0 la caf\u00e9t\u00e9ria de l&#8217;\u00e9cole, avec l\u2019artiste\u00a0Paula PIN&#8230;<\/p>\n","protected":false},"author":1,"featured_media":3740,"comment_status":"closed","ping_status":"closed","sticky":false,"template":"","format":"standard","meta":[],"categories":[40,42],"tags":[],"_links":{"self":[{"href":"https:\/\/bandits-mages.antrepeaux.net\/en\/wp-json\/wp\/v2\/posts\/3738"}],"collection":[{"href":"https:\/\/bandits-mages.antrepeaux.net\/en\/wp-json\/wp\/v2\/posts"}],"about":[{"href":"https:\/\/bandits-mages.antrepeaux.net\/en\/wp-json\/wp\/v2\/types\/post"}],"author":[{"embeddable":true,"href":"https:\/\/bandits-mages.antrepeaux.net\/en\/wp-json\/wp\/v2\/users\/1"}],"replies":[{"embeddable":true,"href":"https:\/\/bandits-mages.antrepeaux.net\/en\/wp-json\/wp\/v2\/comments?post=3738"}],"version-history":[{"count":15,"href":"https:\/\/bandits-mages.antrepeaux.net\/en\/wp-json\/wp\/v2\/posts\/3738\/revisions"}],"predecessor-version":[{"id":3793,"href":"https:\/\/bandits-mages.antrepeaux.net\/en\/wp-json\/wp\/v2\/posts\/3738\/revisions\/3793"}],"wp:featuredmedia":[{"embeddable":true,"href":"https:\/\/bandits-mages.antrepeaux.net\/en\/wp-json\/wp\/v2\/media\/3740"}],"wp:attachment":[{"href":"https:\/\/bandits-mages.antrepeaux.net\/en\/wp-json\/wp\/v2\/media?parent=3738"}],"wp:term":[{"taxonomy":"category","embeddable":true,"href":"https:\/\/bandits-mages.antrepeaux.net\/en\/wp-json\/wp\/v2\/categories?post=3738"},{"taxonomy":"post_tag","embeddable":true,"href":"https:\/\/bandits-mages.antrepeaux.net\/en\/wp-json\/wp\/v2\/tags?post=3738"}],"curies":[{"name":"wp","href":"https:\/\/api.w.org\/{rel}","templated":true}]}}