{"id":3486,"date":"2018-02-26T12:56:37","date_gmt":"2018-02-26T11:56:37","guid":{"rendered":"http:\/\/bandits-mages.antrepeaux.net\/?p=3486"},"modified":"2018-05-10T04:32:08","modified_gmt":"2018-05-10T02:32:08","slug":"european-media-artists-in-residence-exchange-emare-artistes-selectionnes-2018","status":"publish","type":"post","link":"https:\/\/bandits-mages.antrepeaux.net\/en\/blog\/2018\/02\/26\/european-media-artists-in-residence-exchange-emare-artistes-selectionnes-2018\/","title":{"rendered":"European Media Artists in Residence Exchange (EMARE) Selected Artists 2018"},"content":{"rendered":"<p><span style=\"font-weight: 400;\">We are proud to announce the selection of the first round of EMARE artists of the new launched European Media Art Platform (EMAP). 500 artists from 43 countries submitted their proposal to the call. With the generous support of EU\u2019s Creative Europe programme EMAP is going to host eleven European media artists and groups altogether in the eleven countries of the EMAP members this year:<\/span><\/p>\n<ul>\n<li><span style=\"font-weight: 400;\">Ars Electronica, Linz, Austria<\/span><a href=\"http:\/\/www.aec.at\" target=\"_blank\" rel=\"noopener\"> <span style=\"font-weight: 400;\">http:\/\/www.aec.at<\/span><\/a><span style=\"font-weight: 400;\">: \u00a0<\/span><b>Robertina \u0160ebjani\u010d &amp; Gjino \u0160uti\u0107, Slovenia \/ Croatia<\/b><\/li>\n<li><span style=\"font-weight: 400;\">Bandits-Mages, Bourges, France<\/span><a href=\"http:\/\/bandits-mages.antrepeaux.net\/\" target=\"_blank\" rel=\"noopener\"> <span style=\"font-weight: 400;\">http:\/\/bandits-mages.antrepeaux.net<\/span><\/a><span style=\"font-weight: 400;\">: \u00a0<\/span><b>Aleksandra Niemczyk, Poland \/ United Kingdom<\/b><\/li>\n<li><span style=\"font-weight: 400;\">Foundation for Art &amp; Creative Technology, Liverpool, United Kingdom<\/span><a href=\"http:\/\/www.fact.co.uk\/\" target=\"_blank\" rel=\"noopener\"> <span style=\"font-weight: 400;\">http:\/\/www.fact.co.uk<\/span><\/a><span style=\"font-weight: 400;\">:\u00a0<\/span><b>Robertas Narkus, Lithuania<\/b><\/li>\n<li><span style=\"font-weight: 400;\">IMPAKT, Utrecht, Netherlands<\/span><a href=\"http:\/\/www.impakt.nl\/\" target=\"_blank\" rel=\"noopener\"> <span style=\"font-weight: 400;\">http:\/\/www.impakt.nl<\/span><\/a><span style=\"font-weight: 400;\">:\u00a0<\/span><b>Anna Ridler, United Kingdom<\/b><\/li>\n<li><span style=\"font-weight: 400;\">Kontejner, Zagreb, Croatia<\/span><a href=\"http:\/\/www.kontejner.org\" target=\"_blank\" rel=\"noopener\"> <span style=\"font-weight: 400;\">http:\/\/www.kontejner.org<\/span><\/a><span style=\"font-weight: 400;\">:\u00a0<\/span><b>Adam Donovan &amp; Katrin Hochschuh, Austria \/ Switzerland<\/b><\/li>\n<li><span style=\"font-weight: 400;\">LaBoral Centro de Arte y Creaci\u00f3n Indstrial, Gij\u00f3n, Spain<\/span><a href=\"http:\/\/www.laboralcentrodearte.org\" target=\"_blank\" rel=\"noopener\"> <span style=\"font-weight: 400;\">http:\/\/www.laboralcentrodearte.org<\/span><\/a><span style=\"font-weight: 400;\">:\u00a0<\/span><b>Anna Dumitriu &amp; Alex May, United Kingdom<\/b><\/li>\n<li><span style=\"font-weight: 400;\">M-Cult, Helsinki, Finland<\/span><a href=\"http:\/\/www.m-cult.org\" target=\"_blank\" rel=\"noopener\"> <span style=\"font-weight: 400;\">http:\/\/www.m-cult.org<\/span><\/a><span style=\"font-weight: 400;\">:\u00a0<\/span><b>Chlo\u00e9 Galibert-La\u00een\u00e9, France &amp; Kevin B. Lee, USA \/ Germany<\/b><\/li>\n<li><span style=\"font-weight: 400;\">Onassis Cultural Centre, Athens, Greece<\/span><a href=\"http:\/\/www.sgt.gr\" target=\"_blank\" rel=\"noopener\"> <span style=\"font-weight: 400;\">http:\/\/www.sgt.gr<\/span><\/a><span style=\"font-weight: 400;\">:\u00a0<\/span><b>Kentaro Kumanomido &amp; Thomas Anthony Owen, USA \/ Germany<\/b><\/li>\n<li><span style=\"font-weight: 400;\">RIXC, Riga, Latvia<\/span><a href=\"http:\/\/www.rixc.org\" target=\"_blank\" rel=\"noopener\"> <span style=\"font-weight: 400;\">http:\/\/www.rixc.org<\/span><\/a><span style=\"font-weight: 400;\">:\u00a0<\/span><b>Karen Lancel &amp; Hermen Maat, the Netherlands<\/b><\/li>\n<li><span style=\"font-weight: 400;\">WRO Art Center, Wroclaw, Poland<\/span><a href=\"http:\/\/www.wrocenter.pl\" target=\"_blank\" rel=\"noopener\"> <span style=\"font-weight: 400;\">http:\/\/www.wrocenter.pl<\/span><\/a><span style=\"font-weight: 400;\">:\u00a0<\/span><b>Taavi Suisalu, Estonia<\/b><\/li>\n<li><span style=\"font-weight: 400;\">Werkleitz Center for Media Art, Halle (Saale), Germany<\/span><a href=\"http:\/\/werkleitz.de\" target=\"_blank\" rel=\"noopener\"> <span style=\"font-weight: 400;\">http:\/\/werkleitz.de<\/span><\/a><span style=\"font-weight: 400;\">:\u00a0<\/span><b>Douglas Fishbone, United Kingdom<\/b><\/li>\n<\/ul>\n<p><span style=\"font-weight: 400;\">EMAP \/ EMARE will offer two months production residencies for European Artists working in the fields of digital media, including Internet and computer-based artists, filmmakers, and those working in media based performance, sound or video.<br \/>\n <\/span><\/p>\n<p><span style=\"font-weight: 400;\">EMARE includes a grant of 3.000,- Euros, project budget of 4.000,- Euros, free accommodation, travel expenses up to 500,- Euros, free access to the technical facilities and media labs within the host institution, consulting by production and market experts and a professional presentation as well as the option to participate in exhibition tours at our members festivals. In 2018 EMARE group shows will be presented at Ars Electronica in September in Linz, Austria, Impakt in Utrecht, the Netherlands in Oktober\/November\/December and Bandits-Mages Festival in Bourges, France in November.<br \/>\n <\/span><\/p>\n<p><b>The next call for applications will be launched at Ars Electronica Festival in September 2018.<\/b><b><br \/>\n <\/b><b>Contact for any further questions: <\/b><span style=\"font-weight: 400;\">Werkleitz Gesellschaft e.V. \/ EMARE \/ Coordination: Marcie Jost \/ Schleifweg 6 \/ D-06114 Halle (Saale) phone: 49 68246-0 \/ fax: -29 \/ emare@werkleitz.de \/<\/span><a href=\"http:\/\/www.emare.eu\"> <span style=\"font-weight: 400;\">www.emare.eu<\/span><\/a><\/p>","protected":false},"excerpt":{"rendered":"<p class=\"qtranxs-available-languages-message qtranxs-available-languages-message-en\">Sorry, this entry is only available in <a href=\"https:\/\/bandits-mages.antrepeaux.net\/fr\/wp-json\/wp\/v2\/posts\/3486\" class=\"qtranxs-available-language-link qtranxs-available-language-link-fr\" title=\"FR\">French<\/a>. For the sake of viewer convenience, the content is shown below in the alternative language. You may click the link to switch the active language.<\/p>\n<p>Nous sommes particuli\u00e8rement fiers de vous pr\u00e9senter la liste des artistes s\u00e9lectionn\u00e9s lors du premier lancement de la nouvelle plateforme EMAP (European media art plateform). 500 artistes venant de 43 pays avaient r\u00e9pondu \u00e0 l&#8217;appel et propos\u00e9 leur projet. Gr\u00e2ce \u00e0 l&#8217;aide g\u00e9n\u00e9reuse de l&#8217;Europe accord\u00e9e dans le cadre du programme d&#8217;aide \u00e0 la cr\u00e9ation, EMAP va pouvoir accueillir 11 artistes vid\u00e9astes et groupes dans les 11 pays qui, cette ann\u00e9e, participent au projet.<\/p>\n","protected":false},"author":1,"featured_media":3492,"comment_status":"closed","ping_status":"closed","sticky":false,"template":"","format":"standard","meta":[],"categories":[48,125,206],"tags":[],"_links":{"self":[{"href":"https:\/\/bandits-mages.antrepeaux.net\/en\/wp-json\/wp\/v2\/posts\/3486"}],"collection":[{"href":"https:\/\/bandits-mages.antrepeaux.net\/en\/wp-json\/wp\/v2\/posts"}],"about":[{"href":"https:\/\/bandits-mages.antrepeaux.net\/en\/wp-json\/wp\/v2\/types\/post"}],"author":[{"embeddable":true,"href":"https:\/\/bandits-mages.antrepeaux.net\/en\/wp-json\/wp\/v2\/users\/1"}],"replies":[{"embeddable":true,"href":"https:\/\/bandits-mages.antrepeaux.net\/en\/wp-json\/wp\/v2\/comments?post=3486"}],"version-history":[{"count":6,"href":"https:\/\/bandits-mages.antrepeaux.net\/en\/wp-json\/wp\/v2\/posts\/3486\/revisions"}],"predecessor-version":[{"id":3493,"href":"https:\/\/bandits-mages.antrepeaux.net\/en\/wp-json\/wp\/v2\/posts\/3486\/revisions\/3493"}],"wp:featuredmedia":[{"embeddable":true,"href":"https:\/\/bandits-mages.antrepeaux.net\/en\/wp-json\/wp\/v2\/media\/3492"}],"wp:attachment":[{"href":"https:\/\/bandits-mages.antrepeaux.net\/en\/wp-json\/wp\/v2\/media?parent=3486"}],"wp:term":[{"taxonomy":"category","embeddable":true,"href":"https:\/\/bandits-mages.antrepeaux.net\/en\/wp-json\/wp\/v2\/categories?post=3486"},{"taxonomy":"post_tag","embeddable":true,"href":"https:\/\/bandits-mages.antrepeaux.net\/en\/wp-json\/wp\/v2\/tags?post=3486"}],"curies":[{"name":"wp","href":"https:\/\/api.w.org\/{rel}","templated":true}]}}