{"id":3471,"date":"2018-02-27T16:32:30","date_gmt":"2018-02-27T15:32:30","guid":{"rendered":"http:\/\/bandits-mages.antrepeaux.net\/?p=3471"},"modified":"2018-03-19T11:30:38","modified_gmt":"2018-03-19T10:30:38","slug":"trans-border-les-enseignements-de-nathalie-magnan-au-mucem-du-12-au-18-mars","status":"publish","type":"post","link":"https:\/\/bandits-mages.antrepeaux.net\/en\/blog\/2018\/02\/27\/trans-border-les-enseignements-de-nathalie-magnan-au-mucem-du-12-au-18-mars\/","title":{"rendered":"TRANS\/\/BORDER, NATHALIE MAGNAN\u2019S TEACHINGS, 12 TO 18 MARCH 18"},"content":{"rendered":"[vc_row][vc_column][vc_column_text]\n<div style=\"text-align: justify;\" align=\"left\"><span style=\"font-size: 12pt;\"><strong>Nathalie Magnan&#8217;s<\/strong> works have repeatedly crossed and met with\u00a0 <strong>Bandits-Mages<\/strong>&#8216; actions thus, giving birth to regular collaborations. This resulted in an interesting influence of the artist and media theorist on a part of the association&#8217;s\u00a0 activities and involment. That&#8217;s why <strong>Bandits-Mages<\/strong> is a natural partner of <strong>Tans\/\/Border, the Nathalie Magnan&#8217;s teaching<\/strong>,\u00a0 which will take place at The Mucem in Marseille from <strong>march 16<sup>th<\/sup> to 18<sup>th<\/sup> 2018.<\/strong><\/span><\/div>\n<p style=\"text-align: justify;\"><!--more--><\/p>\n<div style=\"text-align: justify;\" align=\"left\">\n<p>This event examines borders, all kinds of borders; it takes in navigation, cartography, networks, information, communication and media, human\/animal\/machine relationships, cyberfeminism, new families, modes of reproduction, communication between the living and the dead, the rights of nature, in a spirit of ecological concern and with feminist and emancipation perspectives.<\/p>\n<p><strong>TRANS \/\/ BORDER<\/strong> takes the work of Nathalie Magnan as its point of departure and looks at the relevance of her work through the creations and research of a number of artists, scientists, (h)acktivists and students who are continuing to cultivate the territories she was exploring.<\/p>\n<p><strong>TRANS \/\/ BORDER<\/strong> consists of:<br \/>\n \u2013 transdisciplinary meetings \u2013 arts, sciences, technologies,<br \/>\n \u2013 addressing a wide public,<br \/>\n \u2013 on contemporary issues,<br \/>\n \u2013 providing opportunities for exchange between artists, researchers, students and all citizens,<br \/>\n \u2013 uniting the efforts of some forty personalities from several European countries and the United States, and a dozen art schools (France and Belgium) associated with the event.<\/p>\n<p><strong>Nathalie Magnan (1956-2016)<br \/>\n <\/strong>A media theorist, pioneer of cyberfeminism, filmmaker and navigator, she was also a generous teacher with an undisciplined spirit: she communicated to young artists that art can be the practice of freedom.<\/p>\n<p>Attached to Marseille and the Mediterranean by both birth and heart, she was constantly forging links between the United States, France and Europe.<\/p>\n<p>Her studies at the University of California at Santa Cruz allowed her to join a chosen family that would stay close to her all through her life, a family of Cultural Studies, postcolonial studies, queer movements, tactical media and cyberfeminism.<\/p>\n<p>Returning to France in 1990, she wrote for GaiPied magazine, made films for Canal +, published two books with the publisher Ensba, translated Donna Haraway into French, created and co-moderated forums and discussion lists, and organized cyberfeminist events. She taught at several universities, in France and abroad. She began teaching in art schools in 1998. In 2004, she created Sailing for geeks, a project in which she combined sailing on the sea and sailing (surfing) on the internet.<\/p>\n<p>She was an artist of relationships. She worked on the permeability of borders, on land, at sea, between the sexes, between species \u2026 and in our hearts.<\/p>\n<\/div>\n<p style=\"text-align: justify;\">Du 12 au 18 mars, ils se retrouvent au Mucem. \u00c0 travers tables rondes, projections, performances, installation et ateliers, TRANS\/\/BORDER questionne les limites, d\u00e9place les fronti\u00e8res\u00a0: entre arts, sciences, technologies et \u00e9cologie, mais aussi en mer M\u00e9diterran\u00e9e, dans l\u2019espace cybern\u00e9tique, entre les sexes, entre les esp\u00e8ces, entre les vivants et les morts\u2026 Autant de domaines de recherche mal connus du grand public, et pourtant essentiels \u00e0 la compr\u00e9hension du monde qui vient.\u00a0Le dernier \u00ab\u00a0acte\u00a0\u00bb de Nathalie Magnan a \u00e9t\u00e9 d\u2019appeler l\u2019attention sur celles et ceux qui, chaque jour, tentent de traverser la M\u00e9diterran\u00e9e au p\u00e9ril de leur vie. Pour r\u00e9pondre \u00e0 ce v\u0153u, nous vous proposons de soutenir l\u2019association civile de sauvetage en mer SOS MEDITERRANEE :\u00a0 <a href=\"http:\/\/bit.ly\/2hpvb9Z\" target=\"_blank\" rel=\"noopener\">http:\/\/bit.ly\/2hpvb9Z<\/a><\/p>\n<p align=\"justify\"><span lang=\"en\"><b>Exhibition<\/b><\/span><span lang=\"en\"><br \/>\n <\/span><\/p>\n<p align=\"left\"><span lang=\"en\"><b>From March 16 to 18 from 11 am to 9 pm<\/b><\/span><span lang=\"en\"><br \/>\n <\/span><span lang=\"en\"><i>Mucem \u2013 J4 Forum \u2013 Free admission<\/i><\/span><\/p>\n<p align=\"left\"><b>Les (Cyber)mondes de Nathalie Magnan<\/b><br \/>\n <span lang=\"en\">The (cyber)worlds of Nathalie Magnan<\/span><span lang=\"en\"><br \/>\n <\/span><\/p>\n<p align=\"left\"><span lang=\"en\"><img loading=\"lazy\" class=\"alignnone wp-image-3494 size-full\" title=\"bandits-mages-dataviz_Magnan\" src=\"http:\/\/dev3.myetic.org\/wp-content\/uploads\/2018\/02\/bandits-mages-dataviz_Magnan.jpg\" alt=\"bandits-mages-dataviz_Magnan\" width=\"1024\" height=\"426\" \/><br \/>\n This exhibition invites us to meander through space and cyberspace to discover various works (films, photos, lectures, texts) by Nathalie Magnan and by others who share her approach: sound, film and digital works by Isabelle Arvers, Chlo\u00e9 Desmoineaux, Louise Drulhe, Maria Ptqk for the Virtual Space of the Jeu de Paume, Quimera Rosa, Ilana Salama Ortar, maps and videos of the anti-Atlas of frontiers selected by Isabelle Arvers <\/span><span lang=\"en\">(works by Harckiektura<\/span><span lang=\"en\">, <\/span><em><span lang=\"en\">Charles Heller, Simona Koch, Nicolas Lambert)<\/span><\/em><em><span lang=\"en\">,<\/span><\/em><span lang=\"en\"> as well as work by students of art schools in Aix-en-Provence, Arles, Brussels (Erg), Lyon, Metz, Poitiers, St. Etienne, Strasbourg, Toulon, Tourcoing-Dunkerque and the University of Rennes 2.<br \/>\n <\/span><\/p>\n<p align=\"left\"><b>Roundtables, screenings and performances<br \/>\n <\/b><span lang=\"en\"><b>From March 16 to 18, from 11 am<\/b><\/span><\/p>\n<p><span lang=\"en\"><b>Friday March 16 from 11 am to 1 pm<\/b><\/span><span lang=\"en\"><br \/>\n <\/span><span lang=\"en\"><i>Mucem \u2013 Auditorium \u2013 Free admission<\/i><\/span><\/p>\n<p align=\"left\"><span lang=\"fr-FR\"><b>Archives priv\u00e9es contemporaines : quel traitement ? quel devenir ?<\/b><\/span><span lang=\"fr-FR\"><br \/>\n <\/span><span lang=\"en\">(Contemporary private archives: what treatment? what future?)<\/span><\/p>\n<p>Projection and round tables<br \/>\n The archives of Nathalie Magnan testify to the richness and diversity of her works (films, photos, texts, internet sites) as well as the originality of her sources (an outstanding library and a video library). They will be deposited at the BnF, National Library of France, and also in part at INA, the National Audiovisual Institute. An opportunity to open the debate on the treatment of contemporary private archives, through projection and discussion.<\/p>\n<p><span lang=\"en\"><b>Nathalie Magnan, th\u00e9oricienne des m\u00e9dias<\/b><\/span><span lang=\"en\"> (Nathalie Magnan, media theorist)<\/span><span lang=\"en\"><br \/>\n Christophe Ecoffet, Cyril Thomas, Gilles Beaujard (France, 2012, 12 min)<\/span><\/p>\n<p>Interview with Nathalie Magnan, done by the magazine <span lang=\"en\"><i>Monstre<\/i><\/span><span lang=\"en\"> as part of a <\/span><span lang=\"en\"><i>carte blanche<\/i><\/span><span lang=\"en\"> at the MacVal museum. Organized into four short sequences, this film is a very effective introduction to Nathalie Magnan\u2019s thought and action.<br \/>\n <\/span><span lang=\"en\"><b><br \/>\n <\/b><\/span><span lang=\"en\"><b>Les Fronti\u00e8res du genre<\/b><\/span><span lang=\"en\"> (Gender Frontiers)<\/span><span lang=\"en\"><br \/>\n With Emilie Blanc, Adam Evrard, Valentin Gleyze and Adeline Lem\u00e9nager (doctoral students, in history and art criticism \u2013 University of Rennes 2), Elvan Zabunyan (professor and historian of contemporary art \u2013 University of Rennes 2)<\/span><\/p>\n<p>The PhD students at the University of Rennes 2 will talk about their work on Nathalie Magnan\u2019s archives, and particularly her major role in disseminating North American feminist and queer thought in France, based on the articles she wrote for the magazine <span lang=\"en\"><i>Gai Pied<\/i><\/span><span lang=\"en\"> in 1992.<\/span><\/p>\n<p><span lang=\"en\"><b>Le Traitement des archives<\/b><\/span><span lang=\"en\"> (Archive Processing)<\/span><span lang=\"en\"><br \/>\n With Ewen Chardronnet (artist), Alain Carou (BnF), Catherine Gonnard (INA), Pascal Neveux (director, Frac PACA), Catherine Lord (artist, writer),<\/span><\/p>\n<p>After a presentation of Nathalie Magnan\u2019s archives in data-visualization, this roundtable tackles, on a more general level, issues related to their collection, conservation and promotion. Questions everyone may have to face one day.<\/p>\n<p><span lang=\"en\"><b>Friday, March 16 from 3 to 6.30 pm<\/b><\/span><span lang=\"en\"><br \/>\n <\/span><span lang=\"en\"><i>Mucem \u2013 Auditorium \u2013 Free Admission<\/i><\/span><span lang=\"en\"><br \/>\n <\/span><span lang=\"en\"><b>Fronti\u00e8res et technologies en mer M\u00e9diterran\u00e9e<\/b><\/span><span lang=\"en\"> (Frontiers and technologies in the Mediterranean Sea)<\/span><span lang=\"en\"><br \/>\n <\/span><span lang=\"en\">Concept<\/span><span lang=\"en\">, animation: Isabelle Arvers (curator)<\/span><\/p>\n<p><a href=\"http:\/\/www.kareron.com\/wp-content\/uploads\/2017\/12\/Capture-d%E2%80%99e%CC%81cran-2018-01-26-a%CC%80-15.23.49.png\"><img loading=\"lazy\" class=\"size-medium wp-image-1837 aligncenter\" src=\"http:\/\/www.kareron.com\/wp-content\/uploads\/2017\/12\/Capture-d%E2%80%99e%CC%81cran-2018-01-26-a%CC%80-15.23.49-300x231.png\" alt=\"Capture d\u2019\u00e9cran 2018-01-26 \u00e0 15.23.49\" width=\"500\" height=\"350\" \/><\/a>Round tables<br \/>\n A symbolic border and wall, but also a sea with a high media profile, the Mediterranean is today the tragic site of a migrant crisis. What laws are applicable at sea and to migrants? What confrontation is possible between the technologies for control of maritime traffic by the States, the open source and DIY technologies of artist and activist collectives, and those used by the migrants to communicate during their crossing?<\/p>\n<p>3 pm<br \/>\n <span lang=\"en\"><b>Les technologies de contr\u00f4le et le droit en mer<\/b><\/span><span lang=\"en\"> (Monitoring technologies and the law of the sea)<\/span><span lang=\"en\"><br \/>\n With Charles Heller (Watch the Med), Malin Bj\u00f6rk (MEP), Violaine Carr\u00e8re (Gisti), Erwan Follezou (SOS MEDITERRANEE)<\/span><\/p>\n<p>The European Union\u2019s perception of its external (and internal) borders is increasingly governed by a paradigm of security: borders as barriers, which must be \u201cprotected\u201d. The instruments to control and, in many cases, to close the borders are being developed: physical fences, biometric data, military technologies, etc. What is the law of the sea? And how is it applied?<\/p>\n<p>5 pm<br \/>\n <span lang=\"en\"><b>Les Technologies alternatives et open source<\/b><\/span><span lang=\"en\"> (Alternative and open source technologies)<\/span><span lang=\"en\"><br \/>\n With Nicola Triscott (Arts Catalyst), Pablo DeSoto (architect and researcher), Tim Boykett (Time\u2019s up Research), Marthe Van Dessel (Seed Journey Project)<\/span><\/p>\n<p>The maritime and fluvial spaces, formerly places of exchange, trade and communication, are transformed into barriers and fences. Artists, researchers and activists analyze these security policies and experiment with alternatives (technological, cartographic, etc.) in order to reactivate the movement of people and knowledge.<\/p>\n<p>Pablo DeSoto and Nathalie Magnan met in 2005 in the Strait of Gibraltar, an area that mirrors these transformations: DeSoto organized Fadaiat, an event linking the two shores of the Mediterranean, Magnan contributing with <span lang=\"en\"><i>Sailing for Geeks<\/i><\/span><span lang=\"en\">, associating sailing on the sea and navigating on the web, with Nicola Triscott as crew.<\/span><\/p>\n<p align=\"left\"><span lang=\"en\"><b>Saturday March 17 from 11 am to 7 pm<\/b><\/span><span lang=\"en\"><br \/>\n <\/span><span lang=\"en\"><i>Mucem \u2013 Auditorium \u2013 Free Admission<\/i><\/span><span lang=\"en\"><br \/>\n <\/span><span lang=\"en\"><b>Zelig RTM \u2013 (H)acktivismes : l\u2019information veut toujours \u00eatre libre<\/b><\/span><span lang=\"en\"> (Zelig RTM \u2013 (H)acktivisms: information always wants to be free)<\/span><span lang=\"en\"><br \/>\n Concept, coordination: Peggy Pierrot (independent researcher), Philippe Rivi\u00e8re (journalist)<\/span><\/p>\n<p><img loading=\"lazy\" class=\"alignnone size-medium wp-image-1789\" src=\"http:\/\/www.kareron.com\/wp-content\/uploads\/2017\/12\/L-DRULHE-img01-300x202.jpg\" alt=\"L DRULHE-img01\" width=\"600\" height=\"400\" \/><br \/>\n What is the link between feminist\/LGBT words and practices and technological issues (internet, software, technical tools)? Since the 2016 US election, the internet can be seen as a weapon of \u201cmass disinformation\u201d. The binary opposition of the years 1990-2000 between \u201cmass media\u201d and \u201calternative media\u201d must today be reevaluated. In the age of omniscient social networks and \u201csmart phones\u201d, a critical analysis of the internet is essential.<\/p>\n<p>11 h<br \/>\n <span lang=\"en\"><b>Internautes<\/b><\/span><span lang=\"en\"> (Web surfers)<\/span><span lang=\"en\"><br \/>\n by Nathalie Magnan (1995, 13 min)<\/span><\/p>\n<p>Reflection on the internet, its history, its uses and its political consequences. An effective montage of interviews and archive footage, made in 1995 for Canal+\u2019s <span lang=\"en\"><i>La Nuit Cyber<\/i><\/span><span lang=\"en\">.<\/span><\/p>\n<p><span lang=\"en\"><b>Communaut\u00e9s de m\u00e9dias tactiques actives aujourd\u2019hui<\/b><\/span><span lang=\"en\"> (Tactical media communities active today)<\/span><span lang=\"en\"><br \/>\n With Aris Papatheodorou (Samizdat Network), Philippe Rivi\u00e8re (visionscarto), Marie Lechner (Ga\u00eet\u00e9 lyrique), Geert Lovink (media theorist)<\/span><\/p>\n<p>In the face of an increasingly centralized and monitored internet, artists and hacktivists are devising multiple projects to get out of the cloud and reactivate the original idea of a peer network, by developing their own circumvention tools and their own local mini-grids.<\/p>\n<p><span lang=\"en\"><b>3 pm<br \/>\n <\/b><\/span><span lang=\"en\"><b>Chelsea<\/b><\/span><span lang=\"en\"><br \/>\n By Anne Laforet (artist)<\/span><\/p>\n<p><span lang=\"en\"><i>Chelsea<\/i><\/span><span lang=\"en\"> is a performance for, and about, Chelsea Manning, combining documentary and personal approaches. A symbolic performance dealing with issues related to gender, databases, the repression of whistleblowers and hackers.<\/span><\/p>\n<p><span lang=\"en\"><b>Libert\u00e9s et surveillance \u00e0 l\u2019\u00e8re du num\u00e9rique<\/b><\/span><span lang=\"en\"> (Freedoms and surveillance in the digital age)<\/span><span lang=\"en\"><br \/>\n With Seda G\u00fcrses (researcher, member of the artists\u2019 collective Constant), Nicolas Malev\u00e9 (artist, developer), Jean-Marc Manach (investigative journalist), Rayna Stamboliyska (consultant and independent researcher)<\/span><\/p>\n<p>How can recent developments in software engineering practice force us to change our concepts of surveillance? Is the idea for software manufacturers to get to know users better, or to capture and \u201cmercantalize\u201d their behavior? Are machines better able than humans to detect our sexual orientation through the use of facial recognition technologies? Is the world we live in Orwellian or Kafkaesque? Points of view may diverge. They will be discussed. These questions concern us.<\/p>\n<p>5 pm<br \/>\n <span lang=\"en\"><b>Atlas critique d\u2019Internet<\/b><\/span><span lang=\"en\"> (Critical Atlas of the Internet)<\/span><span lang=\"en\"><br \/>\n by Louise Drulhe (artist)<\/span><\/p>\n<p>Louise Drulhe presents her plastic and theoretical research work through her <span lang=\"en\"><i>Critical Atlas of the Internet<\/i><\/span><span lang=\"en\">: the objective is to use spatial analysis as a key to understanding social, political and economic issues on the internet.<\/span><\/p>\n<p><span lang=\"en\"><b>L\u2019Internet critique, entre (des)illusions et sp\u00e9culations<\/b><\/span><span lang=\"en\"> (The critical internet, between (dis)illusion and speculation)<\/span><span lang=\"en\"><br \/>\n With Patrice Riemens (geographer), Jacques Servin (The Yes Men), Spider Alex (Gender and Technology Institute), Valentin Lacambre (internet pioneer, co-founder of the website, altern.org)<\/span><\/p>\n<p>Criticism of the internet and \u201cpatriarchal and capitalist\u201d ICTs is not simply the domain of mini-communities of specialists. Beyond criticism, the current panorama of post-colonial cyberfeminisms shows how new ways of inhabiting cyberspace are being imagined and how innovative movements are developing that we should pay attention to \u2013 and join.<\/p>\n<p><span lang=\"en\"><b>Sunday, March 18, from 11 am to 5 pm<\/b><\/span><span lang=\"en\"><br \/>\n <\/span><span lang=\"en\"><i>Mucem \u2013 Auditorium \u2013 Free Admission<\/i><\/span><span lang=\"en\"><br \/>\n <\/span><span lang=\"en\"><b>Very symbiotic ! Pour des savoirs situ\u00e9s<\/b><\/span><span lang=\"en\"> (Very symbiotic! For situated knowledges)<\/span><span lang=\"en\"><br \/>\n Concept, animation: Chlo\u00e9 Desmoineaux (artist)<\/span><br \/>\n <img loading=\"lazy\" class=\"alignnone size-medium wp-image-1790\" src=\"http:\/\/www.kareron.com\/wp-content\/uploads\/2017\/12\/P1080394-300x225.jpg\" alt=\"P1080394\" width=\"600\" height=\"350\" \/><br \/>\n The notion of \u201csituated knowledges\u201d is taken from an article by Donna Haraway. She defends \u201cthe privilege of the plural perspective\u201d. In her last essay <span lang=\"en\"><i>Staying with the Trouble<\/i><\/span><span lang=\"en\">, the American zoologist and philosopher draws on Ursula Le Guin\u2019s science fiction novel, <\/span><span lang=\"en\"><i>The Author of the Acacia Seeds<\/i><\/span><span lang=\"en\">, to think about emerging from the Anthropocene (the geological epoch of humans\u2019 irreversible impact on their environment) and entering the chthulucene (a time when the planet is<\/span> <span lang=\"en\">considered a sympoietic system associating all manifestations of life). Difficult, but possible.<\/span><\/p>\n<p>11 am<br \/>\n <span lang=\"en\"><b>Donna Haraway: Story Telling for Earthly Survival<\/b><\/span><span lang=\"en\"><br \/>\n by Fabrizio Terranova (France \/ Belgium, 2016, 2h01)<br \/>\n Fabrizio Terranova will be present.<\/span><br \/>\n <img loading=\"lazy\" class=\"alignnone wp-image-3500 size-full\" src=\"http:\/\/dev3.myetic.org\/wp-content\/uploads\/2018\/02\/haraway_chthulu-2.jpg\" alt=\"haraway_chthulu\" width=\"780\" height=\"439\" \/><br \/>\n A distinguished philosopher, primatologist and feminist, Donna Haraway has shaken up the social sciences and contemporary philosophy. She is an incredible storyteller who has depicted in her books fabulous worlds populated by transfuturist species. Nathalie Magnan was her student and assistant at the University of California at Santa Cruz. She introduced her work in France by translating the Cyborg Manifesto.<\/p>\n<p align=\"left\">3 pm<\/p>\n<p align=\"left\"><b>Donna Haraway Reads the National Geographic of Primates.<br \/>\n <\/b>by Nathalie Magnan (1987, 27min.)<\/p>\n<p align=\"left\">National Geographic is a magazine but also an institution. What image of the world does it convey through the analysis of a series of articles about primates in Africa?<\/p>\n<p align=\"left\"><span lang=\"fr-FR\"><b>Humains, machines, fleuves, algues et vers marins : vers une nouvelle symbiose ?<\/b><\/span> (Humans, machines, rivers, algae and marine worms\u00a0: towards a new symbiosis\u00a0?)<\/p>\n<p align=\"left\">With Ewen Chardronnet (artist), Xavier Bailly (research engineer), Emilie Hache (philosopher), Vinciane Despret (philosopher, present at the debate via skype), Jean-Paul Fereira (mayor of Awala-Yalimapo)<\/p>\n<p align=\"left\">This round table brings together five personalities, five clearly \u201csituated\u201d points of view for a feminist approach of ecological and scientific themes. The idea is to think about symbiosis and blur the boundaries between nature and culture, male and female, human and animal, organism and machine, body and spirit, between the living and the dead, between reality and fiction; to question identities and modes of reproduction, etc.<\/p>\n<p><a name=\"evening\"><\/a><\/p>\n<p align=\"left\"><span lang=\"en\"><b>Evening events<\/b><\/span><\/p>\n<p><span lang=\"en\"><b>Friday March 16 at 8.30 pm<\/b><\/span><span lang=\"en\"><br \/>\n <\/span><span lang=\"en\"><i>Mucem \u2013 Auditorium \u2013 Free Admission<\/i><\/span><span lang=\"en\"><br \/>\n <\/span><span lang=\"en\"><b>\u00c9cosexe<\/b><\/span><span lang=\"en\"><br \/>\n <a href=\"http:\/\/www.kareron.com\/wp-content\/uploads\/2018\/01\/Capture-d%E2%80%99e%CC%81cran-2018-01-26-a%CC%80-15.10.58.png\"><img loading=\"lazy\" class=\"alignnone size-medium wp-image-1836\" src=\"http:\/\/www.kareron.com\/wp-content\/uploads\/2018\/01\/Capture-d%E2%80%99e%CC%81cran-2018-01-26-a%CC%80-15.10.58-300x202.png\" alt=\"Capture d\u2019\u00e9cran 2018-01-26 \u00e0 15.10.58\" width=\"600\" height=\"350\" \/><\/a><br \/>\n Artists and partners in life, Annie Sprinkle and Beth Stephens contribute to the development of the ecosexual movement through art, theory, practice and activism. They are working to make the environmental movement a little sexier, more fun and diverse. Since 2005 they have \u201cperformed\u201d their marriage to the Earth: huge ceremonies inviting everyone to unite with earth, sky, sea, coal, sun, snow, etc. An original approach and thought, illustrated with a screening of <\/span><span lang=\"en\"><i>Goodbye Gauley Mountain.<br \/>\n <\/i><\/span><span lang=\"en\"><br \/>\n <\/span><span lang=\"en\"><b>Une introduction \u00e0 l\u2019\u00e9cosexualit\u00e9<\/b><\/span><span lang=\"en\"> (An introduction to ecosexuality)<\/span><span lang=\"en\"><br \/>\n With Paul Preciado (philosopher), Eric Noulette (Emmetrop association), Isabelle Carlier (Bandits-Mages association)<\/span><\/p>\n<p>What if we change our relationship to the Earth, no longer considered our \u201cmother\u201d but as our love-object, or even our lover? Three personalities from the art world, variously involved in this movement, talk about their research and their actions.<\/p>\n<p><span lang=\"en\"><b>Goodbye Gauley Mountain<\/b><\/span><span lang=\"en\"><br \/>\n by Beth Stephens (United States, 2014, 1h10) (English with French subtitles)<\/span><\/p>\n<p>With forcefulness, humor and artistic imagination, Beth Stephens and Annie Sprinkle, two ecosexual lovers, pledge to save the mountains of West Virginia, threatened by the coal mining industry. This film tells of their love, their activism, their struggle, culminating in their marriage to the Appalachians.<\/p>\n<p>Courtesy of Annie Sprinkle and Beth Stephens<\/p>\n<p><span lang=\"en\"><b>Saturday March 17, from 9 pm to 1am<\/b><\/span><span lang=\"en\"><br \/>\n <\/span><span lang=\"en\"><i>Mucem \u2013 J4 Hall \u2013 Free Admission<\/i><\/span><span lang=\"en\"><br \/>\n <\/span><span lang=\"en\"><b>VJing<\/b><\/span><span lang=\"en\"><br \/>\n <a href=\"http:\/\/www.kareron.com\/wp-content\/uploads\/2018\/01\/Capture-d%E2%80%99e%CC%81cran-2018-01-26-a%CC%80-15.11.21.png\"><img loading=\"lazy\" class=\"alignnone size-medium wp-image-1835\" src=\"http:\/\/www.kareron.com\/wp-content\/uploads\/2018\/01\/Capture-d%E2%80%99e%CC%81cran-2018-01-26-a%CC%80-15.11.21-300x197.png\" alt=\"Capture d\u2019\u00e9cran 2018-01-26 \u00e0 15.11.21\" width=\"600\" height=\"400\" \/><\/a><br \/>\n This evening devoted to the art of VJing, a hybrid and transdisciplinary practice, combines creation and manipulation of images in real time, in synchronization with sound. With its counter-current artistic and esthetic choices, this type of visual performance offers an alternative to dominant discourse, even in the party sphere. It commits us to shared responsibility for images.<\/span><\/p>\n<p><span lang=\"en\"><b>Lesborama<\/b><\/span><span lang=\"en\"><br \/>\n by Nathalie Magnan (1995, 30 min)<br \/>\n Presented by Alain Burosse, producer<\/span><\/p>\n<p>Is there a lesbian culture? This is the question explored in this film, a brilliant montage mixing images from all periods (1912-1995) from both auteur and mainstream films with interviews of famous (or not) lesbians from all over the world. A film aired in 1995 as part of Canal+\u2019s first Gay Night.<br \/>\n Presentation by Alain Burosse, producer of the film and of Gay Night.<\/p>\n<p><span lang=\"en\"><b>VJing Party<\/b><\/span><span lang=\"en\"><br \/>\n With the students of the Metz art school, A-li-ce (artist) and Violaine Higelin (artist)<\/span><\/p>\n<p>During this evening, A-li-ce, Violaine Higelin and the students of the Metz art school will each present a mix of material consisting of the visual and sound archives of Nathalie Magnan, selected during a workshop led by Isabelle Carlier (Bandits-Mages).<\/p>\n<p><span lang=\"en\"><b>Sunday, March 18 at 7 pm<\/b><\/span><span lang=\"en\"><br \/>\n <\/span><span lang=\"en\"><i>Mucem \u2013 Auditorium \u2013 Free Admission<\/i><\/span><span lang=\"en\"><br \/>\n <\/span><span lang=\"en\"><b>Despentes<\/b><\/span><span lang=\"en\"><br \/>\n <\/span><\/p>\n<p align=\"left\"><span lang=\"en\"><b>Baise-moi (Rape me)<\/b><\/span><span lang=\"en\"><br \/>\n by Virginie Despentes and Coralie Trinh Thi (France, 2000, 1h15).<br \/>\n <a href=\"http:\/\/www.kareron.com\/wp-content\/uploads\/2018\/01\/Capture-d%E2%80%99e%CC%81cran-2018-01-26-a%CC%80-16.13.50.png\"><img loading=\"lazy\" class=\"alignnone size-medium wp-image-1851\" src=\"http:\/\/www.kareron.com\/wp-content\/uploads\/2018\/01\/Capture-d%E2%80%99e%CC%81cran-2018-01-26-a%CC%80-16.13.50-300x166.png\" alt=\"Capture d\u2019\u00e9cran 2018-01-26 \u00e0 16.13.50\" width=\"600\" height=\"400\" \/><\/a><br \/>\n Virginie Despentes will attend (to be confirmed).<\/span><\/p>\n<p>Adapted from the eponymous novel by Virginie Despentes, this bloody road movie follows Nadine and Manu, two young women determined to emerge triumphant from a rape. No justification, no victimization. Highly controversial when it was released, threatened with an X rating, the film prompted the July 12, 2001 decree that amended the censorship committee rules. <span lang=\"en\"><i>Baise-moi<\/i><\/span><span lang=\"en\"> is a female film, violent and liberating.<br \/>\n Adults only (18+)<br \/>\n With the kind support of Pan-Europ\u00e9enne<\/span><\/p>\n<p><b>Workshops<\/b> \u2013 March 12 to 15 (Mucem\/I2MP and Zinc)<\/p>\n<p align=\"left\"><b>March 12, 13, 14 and 15 from 6 pm to 9 pm <\/b><i>Mucem \/i2MP\u00a0<\/i><i>Free admission (within limits of available places)<br \/>\n <\/i><i>Registration required (for two sessions minimum) to: i2mp@mucem.org<\/i><\/p>\n<p align=\"left\"><b>Very symbiotic! Introduction to Donna Haraway\u2019s thought<br \/>\n <\/b>Presented by Helen Torres (social scientist, educator, Barcelona)<\/p>\n<p><a href=\"http:\/\/www.kareron.com\/wp-content\/uploads\/2018\/01\/Capture-d%E2%80%99e%CC%81cran-2018-01-26-a%CC%80-16.13.33.png\"><img loading=\"lazy\" class=\"size-medium wp-image-1852 aligncenter\" src=\"http:\/\/www.kareron.com\/wp-content\/uploads\/2018\/01\/Capture-d%E2%80%99e%CC%81cran-2018-01-26-a%CC%80-16.13.33-300x208.png\" alt=\"Capture d\u2019\u00e9cran 2018-01-26 \u00e0 16.13.33\" width=\"500\" height=\"350\" \/><\/a><\/p>\n<p align=\"left\">American biologist, philosopher and science historian Donna Haraway invites us to think about the Anthropocene, the geological epoch of the irreversible impact of humankind on the environment, and to bring on the Chthulucene, the era when the planet is appreciated as a sympoetic system associating all manifestations of life.<\/p>\n<p align=\"left\">March 12 session<br \/>\n Figuration in Donna Haraway\u2019s thought: diffraction as a metaphor for a critical consciousness engaged in the creation of difference(s).<\/p>\n<p align=\"left\">March 13 session<br \/>\n The acronyms SF: string figures, science fiction and speculative fables as a method of thought and action.<\/p>\n<p align=\"left\">March 14 session<br \/>\n The Chtulucene Manifesto: chthonic forces, Gaia, symbiosis and responsibility.<\/p>\n<p align=\"left\">March 15 session<br \/>\n Make kin not babies! Haraway\u2019s tentacular thought in art: other poetics and politics for the coming world.<\/p>\n<p align=\"left\"><b>March 14 and 15 from 11 am<\/b><\/p>\n<p align=\"left\"><i>Outside the walls at ZINC (Friche la Belle de mai)<br \/>\n <\/i><i>Admission free (within limits of available places)<br \/>\n <\/i><i>Registration required at: <a href=\"mailto:transborder@zinclafriche.org\">transborder@zinclafriche.org<\/a><\/i><\/p>\n<p>&nbsp;<\/p>\n<p>&nbsp;<\/p>\n[\/vc_column_text][vc_column_text]\n<p style=\"text-align: justify;\"><span class=\"s4\"><strong>\u00ab\u00a0TRANS\/\/BORDER, Les Enseignements de Nathalie Magnan\u00a0\u00bb<\/strong>, est une production Kareron, en partenariat avec le Mucem, Bandits-Mages, De la mule au web, u<\/span><span class=\"s1\">ne coproduction ZINC \u2013 Arts et cultures num\u00e9riques et Reso-nance Num\u00e9rique, dans le cadre du projet <i>Risk Change<\/i>, cofinanc\u00e9 par le programme Europe Cr\u00e9ative de l\u2019Union Europ\u00e9enne. <\/span><span class=\"s1\">Autres partenariats\u00a0: Biblioth\u00e8que nationale de France, FRAC Provence-Alpes-C\u00f4te d\u2019Azur, Opera mundi, Galerie nationale du Jeu de Paume, ESAAIX, ENSA Bourges, ERG Bruxelles, ENSA Paris-Cergy, ENSBA Lyon, ESADMM Marseille, ESA Lorraine, Villa Arson Nice, EESI Poitiers-Angoul\u00eame, HEAR Strasbourg, ESAD Toulon Provence M\u00e9diterran\u00e9e, ES\u00c4 Tourcoing-Dunkerque, Universit\u00e9 Rennes 2, L\u2019\u00c9cole(s) du Sud.<\/span><\/p>\n[\/vc_column_text][\/vc_column][\/vc_row][vc_row][vc_column][vc_column_text]\n<a href=\"http:\/\/bandits-mages.antrepeaux.net\/wp-content\/uploads\/2018\/03\/TRANSBORDER-ENGLISH-Program-8F\u00c9V18.pdf\" class=\"symple-button medium blue   aligninline\" target=\"_blank\" title=\"Donwload the press kit\"  rel=\"\"><span class=\"symple-button-inner\" ><span class=\"symple-button-icon-left fa fa-file-pdf-o\"><\/span>T\u00e9l\u00e9charger le dossier de presse<\/span><\/a>\n[\/vc_column_text][\/vc_column][\/vc_row]","protected":false},"excerpt":{"rendered":"<p>Nathalie Magnan&#8217;s works have repeatedly crossed and met with Bandits-Mages&#8217; actions thus, giving birth to regular collaborations. This resulted in an interesting influence of the artist and media theorist on a part of the association&#8217;s activities and involment. That&#8217;s why Bandits-Mages is a natural partner of Tans\/\/Border, the Nathalie Magnan&#8217;s teaching, which will take place at The Mucem in Marseille from march 16th to 18th 2018.<\/p>\n","protected":false},"author":1,"featured_media":3481,"comment_status":"closed","ping_status":"closed","sticky":false,"template":"","format":"standard","meta":[],"categories":[38],"tags":[],"_links":{"self":[{"href":"https:\/\/bandits-mages.antrepeaux.net\/en\/wp-json\/wp\/v2\/posts\/3471"}],"collection":[{"href":"https:\/\/bandits-mages.antrepeaux.net\/en\/wp-json\/wp\/v2\/posts"}],"about":[{"href":"https:\/\/bandits-mages.antrepeaux.net\/en\/wp-json\/wp\/v2\/types\/post"}],"author":[{"embeddable":true,"href":"https:\/\/bandits-mages.antrepeaux.net\/en\/wp-json\/wp\/v2\/users\/1"}],"replies":[{"embeddable":true,"href":"https:\/\/bandits-mages.antrepeaux.net\/en\/wp-json\/wp\/v2\/comments?post=3471"}],"version-history":[{"count":15,"href":"https:\/\/bandits-mages.antrepeaux.net\/en\/wp-json\/wp\/v2\/posts\/3471\/revisions"}],"predecessor-version":[{"id":3537,"href":"https:\/\/bandits-mages.antrepeaux.net\/en\/wp-json\/wp\/v2\/posts\/3471\/revisions\/3537"}],"wp:featuredmedia":[{"embeddable":true,"href":"https:\/\/bandits-mages.antrepeaux.net\/en\/wp-json\/wp\/v2\/media\/3481"}],"wp:attachment":[{"href":"https:\/\/bandits-mages.antrepeaux.net\/en\/wp-json\/wp\/v2\/media?parent=3471"}],"wp:term":[{"taxonomy":"category","embeddable":true,"href":"https:\/\/bandits-mages.antrepeaux.net\/en\/wp-json\/wp\/v2\/categories?post=3471"},{"taxonomy":"post_tag","embeddable":true,"href":"https:\/\/bandits-mages.antrepeaux.net\/en\/wp-json\/wp\/v2\/tags?post=3471"}],"curies":[{"name":"wp","href":"https:\/\/api.w.org\/{rel}","templated":true}]}}