{"id":3346,"date":"2017-11-06T13:49:47","date_gmt":"2017-11-06T12:49:47","guid":{"rendered":"http:\/\/bandits-mages.antrepeaux.net\/?p=3346"},"modified":"2017-11-16T11:31:20","modified_gmt":"2017-11-16T10:31:20","slug":"seance-cinema-de-mcb-claudia-von-alemann","status":"publish","type":"post","link":"https:\/\/bandits-mages.antrepeaux.net\/en\/blog\/2017\/11\/06\/seance-cinema-de-mcb-claudia-von-alemann\/","title":{"rendered":"S\u00c9ANCE AU CIN\u00c9MA DE LA MCB\u00b0 \u2014 Claudia von Alemann"},"content":{"rendered":"<p class=\"qtranxs-available-languages-message qtranxs-available-languages-message-en\">Sorry, this entry is only available in <a href=\"https:\/\/bandits-mages.antrepeaux.net\/fr\/wp-json\/wp\/v2\/posts\/3346\" class=\"qtranxs-available-language-link qtranxs-available-language-link-fr\" title=\"FR\">French<\/a>. For the sake of viewer convenience, the content is shown below in the alternative language. You may click the link to switch the active language.<\/p><p><strong>Mercredi 15 novembre \u00e0 21h00<\/strong>.\u00a0<br \/>\n <span style=\"color: #000000;\">Soir\u00e9e con\u00e7ue par Olivier Hadouchi<br \/>\n <\/span><\/p>\n<p><span style=\"color: #000000;\">Claudia Von Alemann est une cine\u0301aste allemande ayant su concilier une approche f\u00e9ministe et internationaliste comme le remarquait la programmatrice Madeleine BERNSTORFF.<\/span><\/p>\n<p><span style=\"color: #000000;\">????\ufe0f\u00a0AU PROGRAMME ????\ufe0f<\/span><\/p>\n<p><span style=\"color: #000000;\">\u25aa\ufe0f<em>Ce n\u2019est qu\u2019un d\u00e9but continuons le combat,<\/em> 1968, 45\u2019.<br \/>\n Film sur le mouvement de mai 68 en France, sur le Centre Universitaire Exp\u00e9rimental de Vincennes nouvellement cr\u00e9e, sur les \u00c9tats G\u00e9n\u00e9raux du Cin\u00e9ma avec la pr\u00e9sence de Godard, sur la question de savoir si le cin\u00e9ma militant peut contribuer \u00e0 changer le monde.<\/span><\/p>\n<p><span style=\"color: #000000;\">\u25aa\ufe0f <em>Die Frau mit der Kamera. Portrait der Fotografin Abisag Tu\u0308llmann<\/em>, 2016.<br \/>\n 92\u2019 s\/w et couleur \/ VO allemande, sous-titres fran\u00e7ais, anglais, espagnol \/ Allemagne<br \/>\n Un portrait de son amie Abisag Tu\u0308lmann, grande photographe dont le travail pose un regard sensible et profond sur le XXe si\u00e8cle et ses bouleversements. D\u00e8s 1965, Claudia von Aleemann, n\u00e9e en 1943, a \u00e9t\u00e9 li\u00e9e \u00e0 Abisag Tu\u0308llmann jusqu\u2019\u00e0 la mort de celle-ci en 1996 tant sur le plan amical qu\u2019artistique. De cette amiti\u00e9 est n\u00e9 ce film qui pose la question suivante : comment le cin\u00e9ma, image-mouvement, pour reprendre la formule de Deleuze, peut-il mettre en sc\u00e8ne la photographie de nature statique sans trahir cette sp\u00e9cificit\u00e9 ?\u00a0<br \/>\n <\/span><\/p>\n<p><span style=\"color: #000000; font-size: 12pt;\">Tarif unique : 4\u20ac<\/span><\/p>\n<p><span style=\"color: #000000;\">Un verre vous sera offert \u00e0 l&#8217;issue de la s\u00e9ance pour prolonger la rencontre.<br \/>\n <\/span><span style=\"color: #000000; font-size: 10pt;\">Toute la programmation de Travers\u00e9es Ren@rde ici : <\/span><a style=\"font-size: 10pt;\" href=\"http:\/\/traversees-renarde.fr\/\">http:\/\/traversees-renarde.fr\/<\/a><\/p>\n<div class=\"layoutArea\">\n<ul>\n<li class=\"p1\"><span style=\"color: #000000; font-size: 10pt;\"><strong>Bandits-Mages<\/strong>\u00a0:\u00a002 48 50 42 47<\/span><\/li>\n<li class=\"p1\"><span style=\"color: #000000; font-size: 10pt;\"><strong>MCB\u00b0<\/strong> : \u00a002 48 21 29 44 <strong>|<\/strong>\u00a0<strong><a href=\"http:\/\/www.mcbourges.com\/\">http:\/\/www.mcbourges.com<\/a><\/strong><\/span><\/li>\n<\/ul>\n<\/div>\n<p><span style=\"color: #000000; font-size: 10pt;\">L&#8217;ensemble du programme de la MCB\u00b0 est consultable <a href=\"http:\/\/bandits-mages.antrepeaux.net\/wp-content\/uploads\/2017\/09\/FINAL-WEBProg_MCB_2017-2018-1.pdf\">ici<\/a><\/span><\/p>\n<p>&nbsp;<\/p>\n<p>&nbsp;<\/p>","protected":false},"excerpt":{"rendered":"<p>Sorry, this entry is only available in French. For the sake of viewer convenience, the content is shown below in the alternative language. You may click the link to switch the active language.Mercredi 15 novembre \u00e0 21h00.\u00a0 Soir\u00e9e con\u00e7ue par Olivier Hadouchi Claudia Von Alemann est une cine\u0301aste allemande ayant su concilier une approche f\u00e9ministe&hellip;<\/p>\n","protected":false},"author":1,"featured_media":3347,"comment_status":"closed","ping_status":"closed","sticky":false,"template":"","format":"standard","meta":[],"categories":[55,47,38,207],"tags":[],"_links":{"self":[{"href":"https:\/\/bandits-mages.antrepeaux.net\/en\/wp-json\/wp\/v2\/posts\/3346"}],"collection":[{"href":"https:\/\/bandits-mages.antrepeaux.net\/en\/wp-json\/wp\/v2\/posts"}],"about":[{"href":"https:\/\/bandits-mages.antrepeaux.net\/en\/wp-json\/wp\/v2\/types\/post"}],"author":[{"embeddable":true,"href":"https:\/\/bandits-mages.antrepeaux.net\/en\/wp-json\/wp\/v2\/users\/1"}],"replies":[{"embeddable":true,"href":"https:\/\/bandits-mages.antrepeaux.net\/en\/wp-json\/wp\/v2\/comments?post=3346"}],"version-history":[{"count":4,"href":"https:\/\/bandits-mages.antrepeaux.net\/en\/wp-json\/wp\/v2\/posts\/3346\/revisions"}],"predecessor-version":[{"id":3372,"href":"https:\/\/bandits-mages.antrepeaux.net\/en\/wp-json\/wp\/v2\/posts\/3346\/revisions\/3372"}],"wp:featuredmedia":[{"embeddable":true,"href":"https:\/\/bandits-mages.antrepeaux.net\/en\/wp-json\/wp\/v2\/media\/3347"}],"wp:attachment":[{"href":"https:\/\/bandits-mages.antrepeaux.net\/en\/wp-json\/wp\/v2\/media?parent=3346"}],"wp:term":[{"taxonomy":"category","embeddable":true,"href":"https:\/\/bandits-mages.antrepeaux.net\/en\/wp-json\/wp\/v2\/categories?post=3346"},{"taxonomy":"post_tag","embeddable":true,"href":"https:\/\/bandits-mages.antrepeaux.net\/en\/wp-json\/wp\/v2\/tags?post=3346"}],"curies":[{"name":"wp","href":"https:\/\/api.w.org\/{rel}","templated":true}]}}