{"id":3209,"date":"2017-10-11T16:44:07","date_gmt":"2017-10-11T14:44:07","guid":{"rendered":"http:\/\/bandits-mages.antrepeaux.net\/?p=3209"},"modified":"2017-11-06T15:15:41","modified_gmt":"2017-11-06T14:15:41","slug":"appel-a-participation-stagiaires-benevoles","status":"publish","type":"post","link":"https:\/\/bandits-mages.antrepeaux.net\/en\/blog\/2017\/10\/11\/appel-a-participation-stagiaires-benevoles\/","title":{"rendered":"APPEL \u00c0 PARTICIPATION STAGIAIRES \/ B\u00c9N\u00c9VOLES"},"content":{"rendered":"<p class=\"qtranxs-available-languages-message qtranxs-available-languages-message-en\">Sorry, this entry is only available in <a href=\"https:\/\/bandits-mages.antrepeaux.net\/fr\/wp-json\/wp\/v2\/posts\/3209\" class=\"qtranxs-available-language-link qtranxs-available-language-link-fr\" title=\"FR\">French<\/a>. For the sake of viewer convenience, the content is shown below in the alternative language. You may click the link to switch the active language.<\/p><p>Pour\u00a0<a href=\"http:\/\/traversees-renarde.fr\/\"><strong>Travers\u00e9es Ren@rde<\/strong><\/a>, Bandits-Mages imagine cette ann\u00e9e, rejoint par les esprits inventifs de <a href=\"https:\/\/labomedia.org\">Labom\u00e9dia<\/a>, un proc\u00e9d\u00e9 technico-chamanique pour construire ensemble une exp\u00e9rience esth\u00e9tique que nous qualifions \u201cde la non s\u00e9paration\u201d.\u00a0Un dispositif circulaire multi-\u00e9crans permet de faire co-exister des films issus de <a href=\"https:\/\/www.centrepompidou.fr\/cpv\/resource\/cpgkqM6\/rn9AnE\">Fonds vid\u00e9o du Centre Georges Pompidou<\/a>, du Fonds d\u2019archives de Bandits-Mages ou encore du Fonds de films amateurs de <a href=\"http:\/\/memoire.ciclic.fr\/\">M\u00e9moire\/ciclic<\/a> mis en place par la R\u00e9gion Centre.<\/p>\n<p>\u00c0 cette occasion, Bandits- Mages sollicite cette ann\u00e9e la participation d&#8217;\u00e9tudiants ou toute personne cherchant \u00e0 travers un stage ou une mission b\u00e9n\u00e9vole une exp\u00e9rience de <strong>r\u00e9gie technique<\/strong>, d&#8217;<strong>accueil du public<\/strong> et de <strong>m\u00e9diation active<\/strong> au sein d&#8217;un environnement de\u00a0cr\u00e9ation collective \u00a0et d&#8217;un contexte de monstration unique d&#8217;\u0153uvres vid\u00e9o.\u00a0<\/p>\n<p>L&#8217;ensemble de la programmation des <strong>Travers\u00e9es Ren@rde<\/strong> organis\u00e9e avec nos amis d&#8217;<a href=\"http:\/\/www.emmetrop.fr\">Emmetrop<\/a> et de <a href=\"http:\/\/www.ensa-bourges.fr\/index.php\/en\/la-box\/la-box-presentation\">La Box<\/a> est consultable\u00a0<a href=\"http:\/\/traversees-renarde.fr\/\">ici<\/a>\u00a0<\/p>\n<p><strong>P\u00e9riode de stage \/ b\u00e9n\u00e9volat :<\/strong>\u00a0du 2 au 19 novembre inclus<br \/>\n <span style=\"color: #999999;\"><br \/>\n <span style=\"color: #000000;\"><strong>Gratifications pr\u00e9vues \u00e0 l&#8217;issue du stage<\/strong><\/span><\/span><\/p>\n<p><span style=\"color: #000000;\"><span style=\"color: #999999;\"><strong>Inscriptions\u00a0<br \/>\n <\/strong>Remplissez le<span style=\"font-size: 12pt;\"><strong> <a href=\"http:\/\/bandits-mages.antrepeaux.net\/stages\/\">formulaire<\/a><\/strong><\/span><br \/>\n <\/span><\/span><\/p>\n<p><img loading=\"lazy\" class=\"wp-image-3281 alignleft\" src=\"http:\/\/bandits-mages.antrepeaux.net\/wp-content\/uploads\/2017\/10\/image001-237x300.jpg\" alt=\"\" width=\"275\" height=\"348\" srcset=\"https:\/\/bandits-mages.antrepeaux.net\/wp-content\/uploads\/2017\/10\/image001-237x300.jpg 237w, https:\/\/bandits-mages.antrepeaux.net\/wp-content\/uploads\/2017\/10\/image001-118x150.jpg 118w, https:\/\/bandits-mages.antrepeaux.net\/wp-content\/uploads\/2017\/10\/image001.jpg 530w\" sizes=\"(max-width: 275px) 100vw, 275px\" \/><\/p>\n<p>&nbsp;<\/p>\n<p><strong>Coordination :<\/strong><a href=\"production@bandits-mages.com\"> Olivia Earle <\/a><br \/>\n <strong>Deadline :<\/strong> 27 octobre 2017<\/p>\n<p><span style=\"font-size: 12pt;\"><strong> \u00a0<\/strong><\/span><a href=\"http:\/\/bandits-mages.antrepeaux.net\/contact\/\" target=\"_blank\" rel=\"noopener\">Contact<\/a><\/p>\n<p><em>L&#8217;association Bandits-Mages b\u00e9n\u00e9ficie du soutien de la DRAC Centre\/Val de Loire, de la R\u00e9gion Centre\/Val de Loire, du D\u00e9partement du Cher et de la Ville de Bourges.<\/em><\/p>\n<p>&nbsp;<\/p>","protected":false},"excerpt":{"rendered":"<p>Sorry, this entry is only available in French. For the sake of viewer convenience, the content is shown below in the alternative language. You may click the link to switch the active language.Pour\u00a0Travers\u00e9es Ren@rde, Bandits-Mages imagine cette ann\u00e9e, rejoint par les esprits inventifs de Labom\u00e9dia, un proc\u00e9d\u00e9 technico-chamanique pour construire ensemble une exp\u00e9rience esth\u00e9tique que&hellip;<\/p>\n","protected":false},"author":1,"featured_media":3272,"comment_status":"closed","ping_status":"closed","sticky":false,"template":"","format":"standard","meta":[],"categories":[129,59,43],"tags":[],"_links":{"self":[{"href":"https:\/\/bandits-mages.antrepeaux.net\/en\/wp-json\/wp\/v2\/posts\/3209"}],"collection":[{"href":"https:\/\/bandits-mages.antrepeaux.net\/en\/wp-json\/wp\/v2\/posts"}],"about":[{"href":"https:\/\/bandits-mages.antrepeaux.net\/en\/wp-json\/wp\/v2\/types\/post"}],"author":[{"embeddable":true,"href":"https:\/\/bandits-mages.antrepeaux.net\/en\/wp-json\/wp\/v2\/users\/1"}],"replies":[{"embeddable":true,"href":"https:\/\/bandits-mages.antrepeaux.net\/en\/wp-json\/wp\/v2\/comments?post=3209"}],"version-history":[{"count":12,"href":"https:\/\/bandits-mages.antrepeaux.net\/en\/wp-json\/wp\/v2\/posts\/3209\/revisions"}],"predecessor-version":[{"id":3363,"href":"https:\/\/bandits-mages.antrepeaux.net\/en\/wp-json\/wp\/v2\/posts\/3209\/revisions\/3363"}],"wp:featuredmedia":[{"embeddable":true,"href":"https:\/\/bandits-mages.antrepeaux.net\/en\/wp-json\/wp\/v2\/media\/3272"}],"wp:attachment":[{"href":"https:\/\/bandits-mages.antrepeaux.net\/en\/wp-json\/wp\/v2\/media?parent=3209"}],"wp:term":[{"taxonomy":"category","embeddable":true,"href":"https:\/\/bandits-mages.antrepeaux.net\/en\/wp-json\/wp\/v2\/categories?post=3209"},{"taxonomy":"post_tag","embeddable":true,"href":"https:\/\/bandits-mages.antrepeaux.net\/en\/wp-json\/wp\/v2\/tags?post=3209"}],"curies":[{"name":"wp","href":"https:\/\/api.w.org\/{rel}","templated":true}]}}