{"id":2436,"date":"2017-01-18T16:41:31","date_gmt":"2017-01-18T15:41:31","guid":{"rendered":"http:\/\/bandits-mages.antrepeaux.net\/?p=2436"},"modified":"2017-02-15T11:58:34","modified_gmt":"2017-02-15T10:58:34","slug":"days-of-past-future-seance-4-mark-leckey-anai%cc%88s-prosai%cc%88c","status":"publish","type":"post","link":"https:\/\/bandits-mages.antrepeaux.net\/en\/blog\/2017\/01\/18\/days-of-past-future-seance-4-mark-leckey-anai%cc%88s-prosai%cc%88c\/","title":{"rendered":"DAYS OF PAST FUTURE | S\u00e9ance 4 : MARK LECKEY ET ANA\u00efS PROSA\u00efC"},"content":{"rendered":"<p class=\"qtranxs-available-languages-message qtranxs-available-languages-message-en\">Sorry, this entry is only available in <a href=\"https:\/\/bandits-mages.antrepeaux.net\/fr\/wp-json\/wp\/v2\/posts\/2436\" class=\"qtranxs-available-language-link qtranxs-available-language-link-fr\" title=\"FR\">French<\/a>. For the sake of viewer convenience, the content is shown below in the alternative language. You may click the link to switch the active language.<\/p><blockquote>\n<p class=\"p1\"><em>La pr\u00e9sence du pass\u00e9 sera-t-elle perceptible dans l\u2019avenir ?<\/em><\/p>\n<p class=\"p1\"><em>Vasarely,<\/em><\/p>\n<p class=\"p1\"><em>dans\u00a0<\/em><em>Le Cellulo\u00efd et le marbre<\/em><em> d\u2019\u00c9ric Rohmer.<\/em><\/p>\n<\/blockquote>\n<p><strong><strong><span style=\"color: #008080;\">FILMS PR\u00c9SENT\u00c9S<\/span><\/strong><\/strong><\/p>\n<ul>\n<li>\n<p class=\"p1\"><em><span style=\"color: #008080;\">Fiorucci made me Hardcore<\/span><\/em> de <strong>Mark Leckey<\/strong><\/p>\n<\/li>\n<li>\n<p class=\"p1\"><em><span style=\"color: #008080;\">\u00c9liane Radigue, L\u2019\u00c9coute virtuose<\/span><\/em> d&#8217;<strong>Ana\u00efs Prosa\u00efc<\/strong><\/p>\n<\/li>\n<\/ul>\n<p>Une soir\u00e9e post-dipl\u00f4me Arts et Cr\u00e9ation Sonore : <strong>Arthesis\u00a0de l\u2019Ensa de Bourges<\/strong><\/p>\n<div class=\"page\" title=\"Page 2\">\n<div class=\"layoutArea\">\n<div class=\"column\">\n<p><strong>Date et horaire<\/strong>\u00a0: Jeudi 9 f\u00e9vrier \u2013 21H00<\/p>\n<\/div>\n<\/div>\n<\/div>\n<p class=\"p1\"><strong>Lieu<\/strong> : cin\u00e9ma de la Maison de la Culture de Bourges,\u00a012 boulevard Cl\u00e9menceau, 18000 Bourges<\/p>\n<p class=\"p1\"><strong>Tarif unique pour chaque s\u00e9ance<\/strong>\u00a0: 4\u20ac<\/p>\n<p class=\"p1\"><strong><span style=\"color: #008080;\">SYNOPSIS<\/span><\/strong><\/p>\n<p class=\"p1\"><em><span style=\"color: #008080;\">Fiorucci made me Hardcore \u00b7 15 min \u00b7 1999<\/span><\/em><\/p>\n<p class=\"p2\">Dans le film <em>Fiorucci made me Hardcore<\/em>, <strong>Leckey<\/strong> assemble des s\u00e9quences vid\u00e9o alt\u00e9r\u00e9es de bo\u00eetes de nuit \u00e0 une fusion de sons, dans le but d\u2019explorer la vie nocturne de la contre-culture, r\u00e9v\u00e9lant la poignante \u00e9nergie entre clubbers et leurs aspirations socio-\u00e9conomiques.<\/p>\n<p class=\"p1\"><em><span style=\"color: #008080;\">\u00c9liane Radigue, L\u2019\u00c9coute virtuose \u2022 61 min \u2022 2011<\/span><\/em><\/p>\n<p class=\"p2\">Le portrait intime d\u2019une pionni\u00e8re des musiques \u00e9lectroniques. De 1967 \u00e0 2000, <strong>\u00c9liane Radigue<\/strong> a compos\u00e9 une vingtaine d\u2019\u0153uvres de musique \u00e9lectronique. Pionni\u00e8re m\u00e9connue, son approche de l&#8217;art sonore qu&#8217;elle pratique avec obsession est parfois tr\u00e8s loin des sentiers balis\u00e9s par\u00a0<strong>Pierre Henry<\/strong>\u00a0et\u00a0<strong>Pierre Schaeffer<\/strong>. En effet, elle d\u00e9veloppe de longs d\u00e9ploiements de fr\u00e9quences \u00e9lectroniques sculpt\u00e9es depuis plus de 50 ans. Ces \u00abbourdons\u00bb ou \u00abdrones\u00bb compos\u00e9s sur synth\u00e9tiseur (le syst\u00e8me modulaire ARP 2500), elle les superpose et les polit \u00e0 la milliseconde pr\u00e8s, puis les structure \u00e0 l\u2019aide d\u2019un simple chronom\u00e8tre, dans le but avou\u00e9 d\u2019influencer le corps et l\u2019esprit de l\u2019auditeur, de pr\u00e9cipiter un autre temps particulier dans l\u2019espace du temps normal.<\/p>\n<p class=\"p1\">La <strong>Maison de la Culture<\/strong>, d\u2019ann\u00e9e en ann\u00e9e, laisse entrer dans son cin\u00e9ma <strong>Bandits-Mages<\/strong> et l\u2019\u00c9cole nationale sup\u00e9rieure d\u2019art de Bourges. Dans ce lieu unique qu\u2019est une salle obscure, la projection de films rares est aussi l\u2019occasion de rencontres avec des cin\u00e9astes, des artistes, des producteurs et des passionn\u00e9s. Succ\u00e9dant aux cinq ann\u00e9es de programmation compos\u00e9es par \u00c9rik Bullot, les nouveaux instigateurs du programme<em><strong> Days Of Past Future<\/strong><\/em> viennent nous faire part d\u2019influences, de filiations, de rapports vitaux et constants qu\u2019entretiennent les cr\u00e9ateurs avec le cin\u00e9ma, pour d\u00e9river peu \u00e0 peu vers des pratiques sonores et sensuelles.<\/p>\n<p class=\"p1\">Ces passionn\u00e9s sont des membres de <strong>Bandits-Mages<\/strong>, la cin\u00e9aste et programmatrice <strong>Marie Losier<\/strong> et les artistes du post-dipl\u00f4me Arts et Cr\u00e9ations sonores : <strong>Arthesis<\/strong> de l\u2019Ensa de Bourges. Nous accueillerons aussi des cin\u00e9astes venus pr\u00e9senter leurs films. Ce dialogue se poursuivra par un verre offert apr\u00e8s chaque s\u00e9ance.<\/p>\n<hr \/>\n<p class=\"p2\">\u00a0<em>Un partenariat entre Bandits-Mages, le cin\u00e9ma de la Maison de la Culture de Bourges et l\u2019\u00c9cole nationale sup\u00e9rieure d\u2019art de Bourges.<\/em><\/p>\n<div class=\"layoutArea\">\n<p class=\"p1\">L\u2019ensemble de la programmation <span style=\"color: #008080;\"><em>Days Of Past Future<\/em><\/span>\u00a0est disponible <a href=\"http:\/\/bandits-mages.antrepeaux.net\/wp-content\/uploads\/2016\/11\/ToPrint-Prog_MCB_2016-2017.pdf\" target=\"_blank\">ICI<\/a><\/p>\n<p class=\"p1\"><strong>Contacts :\u00a0<\/strong><\/p>\n<ul>\n<li class=\"p1\"><strong>Bandits-Mages<\/strong>\u00a0:\u00a002 48 50 42 47<\/li>\n<li class=\"p1\"><strong>MCB\u00b0<\/strong> : \u00a002 48 21 29 44 <strong>|<\/strong>\u00a0<strong><a href=\"http:\/\/www.mcbourges.com\/\">http:\/\/www.mcbourges.com \u00a0<\/a><\/strong><\/li>\n<\/ul>\n<\/div>","protected":false},"excerpt":{"rendered":"<p>Sorry, this entry is only available in French. For the sake of viewer convenience, the content is shown below in the alternative language. You may click the link to switch the active language. La pr\u00e9sence du pass\u00e9 sera-t-elle perceptible dans l\u2019avenir ? Vasarely, dans\u00a0Le Cellulo\u00efd et le marbre d\u2019\u00c9ric Rohmer. FILMS PR\u00c9SENT\u00c9S Fiorucci made me&hellip;<\/p>\n","protected":false},"author":1,"featured_media":2440,"comment_status":"closed","ping_status":"closed","sticky":false,"template":"","format":"standard","meta":[],"categories":[55,54,38],"tags":[],"_links":{"self":[{"href":"https:\/\/bandits-mages.antrepeaux.net\/en\/wp-json\/wp\/v2\/posts\/2436"}],"collection":[{"href":"https:\/\/bandits-mages.antrepeaux.net\/en\/wp-json\/wp\/v2\/posts"}],"about":[{"href":"https:\/\/bandits-mages.antrepeaux.net\/en\/wp-json\/wp\/v2\/types\/post"}],"author":[{"embeddable":true,"href":"https:\/\/bandits-mages.antrepeaux.net\/en\/wp-json\/wp\/v2\/users\/1"}],"replies":[{"embeddable":true,"href":"https:\/\/bandits-mages.antrepeaux.net\/en\/wp-json\/wp\/v2\/comments?post=2436"}],"version-history":[{"count":8,"href":"https:\/\/bandits-mages.antrepeaux.net\/en\/wp-json\/wp\/v2\/posts\/2436\/revisions"}],"predecessor-version":[{"id":2498,"href":"https:\/\/bandits-mages.antrepeaux.net\/en\/wp-json\/wp\/v2\/posts\/2436\/revisions\/2498"}],"wp:featuredmedia":[{"embeddable":true,"href":"https:\/\/bandits-mages.antrepeaux.net\/en\/wp-json\/wp\/v2\/media\/2440"}],"wp:attachment":[{"href":"https:\/\/bandits-mages.antrepeaux.net\/en\/wp-json\/wp\/v2\/media?parent=2436"}],"wp:term":[{"taxonomy":"category","embeddable":true,"href":"https:\/\/bandits-mages.antrepeaux.net\/en\/wp-json\/wp\/v2\/categories?post=2436"},{"taxonomy":"post_tag","embeddable":true,"href":"https:\/\/bandits-mages.antrepeaux.net\/en\/wp-json\/wp\/v2\/tags?post=2436"}],"curies":[{"name":"wp","href":"https:\/\/api.w.org\/{rel}","templated":true}]}}