{"id":2048,"date":"2016-05-20T17:19:37","date_gmt":"2016-05-20T15:19:37","guid":{"rendered":"http:\/\/bandits-mages.antrepeaux.net\/?p=2048"},"modified":"2018-06-08T11:55:46","modified_gmt":"2018-06-08T09:55:46","slug":"actualites-zaap","status":"publish","type":"post","link":"https:\/\/bandits-mages.antrepeaux.net\/en\/blog\/2016\/05\/20\/actualites-zaap\/","title":{"rendered":"ACTUALIT\u00c9S ZAAP"},"content":{"rendered":"<p class=\"qtranxs-available-languages-message qtranxs-available-languages-message-en\">Sorry, this entry is only available in <a href=\"https:\/\/bandits-mages.antrepeaux.net\/fr\/wp-json\/wp\/v2\/posts\/2048\" class=\"qtranxs-available-language-link qtranxs-available-language-link-fr\" title=\"FR\">French<\/a>. For the sake of viewer convenience, the content is shown below in the alternative language. You may click the link to switch the active language.<\/p>La fin d&#8217;ann\u00e9e scolaire approche \u00e0 grand pas ! La ZAAP vous propose donc de se retrouver pour quelques dates pour d\u00e9couvrir le travail r\u00e9alis\u00e9 au cours de la saison.<\/p>\n<p style=\"text-align: justify;\"><span class=\"Apple-style-span\" style=\"font-size: 12pt;\"><strong>Le 2 juin 18h30 \u00e0 la <a href=\"https:\/\/www.google.fr\/maps\/place\/12+Boulevard+Georges+Clemenceau,+18000+Bourges\/@47.085531,2.4005323,17z\/data=!4m2!3m1!1s0x47fa967114b6a159:0x3af404650f848590\" target=\"_blank\">Maison de la Culture de la ville de Bourges\u00a0<\/a><br \/>\n<\/strong><\/span><span style=\"font-size: 12pt;\">Projection des films r\u00e9alis\u00e9s par les classes d&#8217;option cin\u00e9ma et audiovisuel du lyc\u00e9e Marguerite de Navarre de Bourges.<br \/>\nLes terminales ont travaill\u00e9 sur le th\u00e8me des l\u00e9gendes urbaines, les premi\u00e8res autour du point de vue et les seconde ont \u00e9t\u00e9 initi\u00e9 aux techniques de tournage par le biais d&#8217;une &#8220;repliq\u00fbre&#8221;. Les \u00e9l\u00e8ves de seconde, premi\u00e8re et terminale ont eu l&#8217;occasion de travailler avec Isabelle Carlier (vid\u00e9aste et monteuse), Eric Genillier (directeur photographique) et David Legrand (vid\u00e9aste), encadr\u00e9s par l&#8217;\u00e9quipe p\u00e9dagogique compos\u00e9e de Yannick Bedin, Sylvie Lopez-Jacob et Anne-Marie Tyrek.<br \/>\n<span class=\"Apple-style-span\">Ce projet est r\u00e9alis\u00e9 dans le cadre du dispositif\u00a0<em>Aux arts lyc\u00e9ens et apprentis<\/em>.<\/span><\/span><\/p>\n<p style=\"text-align: justify;\"><span style=\"font-size: medium;\"><strong>Le 4 juin toute la journ\u00e9e \u00e0\u00a0<a href=\"https:\/\/www.google.fr\/maps\/place\/Tivoli+Initiatives+-+Espace+Habitat+Jeunes\/@47.100493,2.3912084,17z\/data=!3m1!4b1!4m5!3m4!1s0x47fa95e278ae219b:0x9aa1cc7a31bd6533!8m2!3d47.100493!4d2.3933971\" target=\"_blank\">l&#8217;espace Tivoli Initiatives \u00e0 Bourges<\/a><\/strong><br \/>\n<span style=\"font-size: 12pt;\">Retrouvez le travail de Bandits-Mages \u00e0 travers une installation vid\u00e9o au coeur du village de la e-cit\u00e9. Au programme d\u00e9couverte de diff\u00e9rentes associations de Bourges, d\u00e9bats et rencontres autour de la culture et du m\u00e9tissage.<\/span><\/span><\/p>\n<p><span style=\"font-size: 10pt;\">Plus d&#8217;informations<a href=\"http:\/\/tivoli-initiatives.fr\/\">\u00a0ici<\/a>.<\/span><\/p>\n<p style=\"text-align: justify;\"><strong><span style=\"font-size: medium;\">Le 7 juin 2016 \u00e0 18h \u00e0 la galerie du Ha\u00efdouc &#8211;\u00a0<a href=\"https:\/\/www.google.fr\/maps\/place\/24+Route+de+la+Chapelle,+18000+Bourges\/@47.0763255,2.3804559,17z\/data=!3m1!4b1!4m5!3m4!1s0x47fa95d2768cdd41:0x67fcd6538332d810!8m2!3d47.0763255!4d2.3826446\" target=\"_blank\">Bandits-Mages<br \/>\n<\/a><\/span><\/strong><span style=\"font-size: medium;\">Projection du film &#8220;<em>Des gestes, un m\u00e9tier<\/em>&#8221; r\u00e9alis\u00e9 par la classe de premi\u00e8re TISEC\u00a0<\/span><span style=\"font-size: medium;\">(Technicien en Installation des Syst\u00e8mes \u00c9nerg\u00e9tiques et Climatiques) de l\u2019\u00e9tablissement Jean de Berry de Bourges. Les \u00e9l\u00e8ves ont appris les techniques de r\u00e9alisation filmique dans le but de mettre en valeur leur quotidien au sein de leur formation professionnelle. Ce film est \u00a0laur\u00e9at du concours &#8220;<em>Je filme le m\u00e9tier qui me plait<\/em>&#8221; dont les r\u00e9sultats d\u00e9finitifs seront annonc\u00e9s le 26 mai 2016 au Grand Rex \u00e0 Paris.<br \/>\nIls ont \u00e9t\u00e9 accompagn\u00e9s par Olivia Earle (vid\u00e9aste) et Simon Gilet (artiste sonore), et encadr\u00e9s par leurs professeurs Sophie Delobelle, Maud Gaulmier et Cyrille Spitz.<br \/>\nCe projet est r\u00e9alis\u00e9 dans le cadre du dispositif\u00a0<em>Aux arts lyc\u00e9ens et apprentis<\/em>.<\/span><\/p>\n<p style=\"text-align: justify;\"><span style=\"font-size: medium;\"><strong>Le 11 juin 2016 \u00e0 17h \u00e0 la\u00a0<\/strong><strong><a href=\"https:\/\/www.google.fr\/maps\/place\/24+Route+de+la+Chapelle,+18000+Bourges\/@47.0763255,2.3826446,17z\/data=!4m2!3m1!1s0x47fa95d2768cdd41:0x67fcd6538332d810\" target=\"_blank\">friche l&#8217;Antre Peaux<br \/>\n<\/a><\/strong><\/span><span style=\"font-size: medium;\"><span class=\"_4n-j fsl\">Dans le cadre du dispositif<em>\u00a0\u00c9<\/em><em>cole et cin\u00e9ma\u00a0<\/em><\/span><\/span><span style=\"font-size: medium;\"><span class=\"_4n-j fsl\"><span class=\"text_exposed_show\">(<\/span><span class=\"text_exposed_show\">projet d\u2019\u00e9ducation au cin\u00e9ma coordonn\u00e9 par la MCB\u00b0et la DSDEN<\/span><span class=\"text_exposed_show\">)<\/span>,\u00a0 les \u00e9quipes d\u2019Emmetrop, de la MCB\u00b0 et de Bandits-Mages vous ont concoct\u00e9 un moment de d\u00e9couverte d\u2019installations multim\u00e9dias et interactives pour petits et grands.<br \/>\nL\u2019\u00e9quipe artistique pluridisciplinaire PEDAGONG investira Le Nadir avec leurs cr\u00e9atures g\u00e9antes alliant mapping vid\u00e9o, musique interactive et installations plastiques&#8230;.<br \/>\n<span class=\"text_exposed_show\"><br \/>\nVous retrouverez \u00e9galement dans la galerie du Ha\u00efdouc une initiation ludique au montage vid\u00e9o \u00e0 travers une initiation VJing par Alison Cherioux ainsi qu&#8217;avec la Table Mash-up et la pr\u00e9sentation des travaux r\u00e9alis\u00e9s par les \u00e9l\u00e8ves ayant particip\u00e9s \u00e0\u00a0<em>\u00c9<\/em><em>cole et Cin\u00e9ma<\/em>\u00a0tout au long l&#8217;ann\u00e9e scolaire.<br \/>\n<\/span><\/span><\/span><\/p>\n<p style=\"text-align: justify;\"><span style=\"font-size: 10pt;\"><span class=\"_4n-j fsl\"><span class=\"text_exposed_show\">Plus d&#8217;informations\u00a0<a href=\"http:\/\/www.emmetrop.fr\/evenements\/creatures-en-chantier\/\" target=\"_blank\">ici<\/a><\/span><\/span><\/span><\/p>\n<p style=\"text-align: justify;\"><strong><span style=\"font-size: medium;\">Le 13 juin \u00e0 18h au\u00a0<a href=\"https:\/\/www.google.fr\/maps\/place\/Coll%C3%A8ge+B%C3%A9thune-Sully\/@47.3064313,2.5199174,17z\/data=!3m1!4b1!4m5!3m4!1s0x47faae4b071c4d25:0x2c3290bcaa3ecb70!8m2!3d47.3064313!4d2.5221061\" target=\"_blank\">coll\u00e8ge B\u00e9thune-Sully d&#8217;Henrichemont<br \/>\n<\/a><\/span><\/strong><span style=\"font-size: medium;\">Pour la troisi\u00e8me ann\u00e9e cons\u00e9cutive, Bandits-Mages s&#8217;est associ\u00e9e au projet justice des enseignants Pavlina Dubl\u00e9 et Nicolas Patriarca du coll\u00e8ge B\u00e9thune-Sully d&#8217;Henrichemont.<\/span><span style=\"font-size: medium;\">\u00a0Les \u00e9l\u00e8ves\u00a0ont d\u00e9couvert le monde de la justice \u00e0 travers la r\u00e9alisation d\u2019un film mettant en jeu toutes ses \u00e9tapes : \u00e9criture, jeu, tournage et r\u00e9alisation. L\u2019enjeu \u00e9tant alors de construire un proc\u00e8s et d\u2019en comprendre toutes les composantes avec le soutien du CDAD et des membres du Palais de justice de la ville de Bourges.\u00a0Pour cette troisi\u00e8me exp\u00e9rience, le soutien du Conseil d\u00e9partemental ont permis l&#8217;intervention de la com\u00e9dienne Aurore Pace et du r\u00e9alisateur Herv\u00e9 Bezet.<br \/>\nCe projet est r\u00e9alis\u00e9 dans le cadre du dispositif\u00a0<em>L\u00e9z&#8217;arts \u00f4 coll\u00e8ge<\/em>.<\/span><\/p>\n<p style=\"text-align: justify;\"><span style=\"font-size: medium;\"><strong>Le 28 juin \u00e0 16h30 <a href=\"https:\/\/www.google.fr\/maps\/place\/Coll%C3%A8ge+Victor+Hugo\/@47.1106112,2.4073203,17z\/data=!3m1!4b1!4m5!3m4!1s0x47fa93bb8b74273b:0x98b8af0d3878f12e!8m2!3d47.1106112!4d2.409509\" target=\"_blank\">au coll\u00e8ge Victor Hugo\u00a0de<\/a><\/strong><a href=\"https:\/\/www.google.fr\/maps\/place\/Coll%C3%A8ge+Victor+Hugo\/@47.1106112,2.4073203,17z\/data=!3m1!4b1!4m5!3m4!1s0x47fa93bb8b74273b:0x98b8af0d3878f12e!8m2!3d47.1106112!4d2.409509\" target=\"_blank\"><strong> Bourges<\/strong><\/a><a href=\"https:\/\/www.google.fr\/maps\/place\/Coll%C3%A8ge+Victor+Hugo\/@47.1106112,2.4073203,17z\/data=!3m1!4b1!4m5!3m4!1s0x47fa93bb8b74273b:0x98b8af0d3878f12e!8m2!3d47.1106112!4d2.409509\"><br \/>\n<\/a>Immersion au sein de la La belle classe du coll\u00e8ge Victor Hugo. D\u00e9couverte de l&#8217;\u00e9tablissement et de cette classe particuli\u00e8re dont les \u00e9l\u00e8ves viennent d&#8217;horizons diff\u00e9rents et dont le point commun est qu&#8217;ils n&#8217;aient jamais \u00e9t\u00e9 scolaris\u00e9 avant leur arriv\u00e9e en France.<br \/>\nToute l&#8217;ann\u00e9e, Philippe Zunino, artiste sonore est intervenu pour leur faire d\u00e9couvrir l&#8217;univers de la radio et de la prise de son. Chanson, interview, extrait de cours, lecture de po\u00e8me etc. la rencontre de ces jeunes \u00e0 travers leurs vies de coll\u00e9giens est \u00e0 d\u00e9couvrir.<\/span><\/p>\n<p><span style=\"font-size: 12pt;\"><strong>Le 6 juillet \u00e0 17h45 au <a href=\"http:\/\/cinelumiere-vierzon.info\/FR\/12\/contacter-cinema-cine-lumiere-vierzon.html\">Cin\u00e9 Lumi\u00e8re de Vierzon<\/a><\/strong><\/span><\/p>\n<p style=\"text-align: justify;\"><span style=\"font-size: medium;\">Projection des films r\u00e9alis\u00e9s par les classes d&#8217;option cin\u00e9ma et audiovisuel du lyc\u00e9e \u00c9douard Vaillant de Vierzon.<br \/>\nLes terminales ont travaill\u00e9 sur le th\u00e8me du m\u00e9lange des genres et les premi\u00e8res autour de la perte d&#8217;identit\u00e9 et du documentaire d\u00e9cal\u00e9. Les \u00e9l\u00e8ves de premi\u00e8re et terminale ont eu l&#8217;occasion de travailler avec Herv\u00e9 Bezet (vid\u00e9aste), Caroline Delaporte (vid\u00e9aste) et David Legrand (vid\u00e9aste), encadr\u00e9s par l&#8217;\u00e9quipe p\u00e9dagogique compos\u00e9e de Fabien Ferrand et Karine Jacquet.<\/span><\/p>\n<p style=\"text-align: justify;\"><span style=\"font-size: medium;\">A suivre en octobre la restitution du projet avec le Centre social de la Chancellerie.<\/span><\/p>\n<p style=\"text-align: justify;\"><span style=\"font-size: medium;\">Des projets soutenus, accompagn\u00e9s et cr\u00e9\u00e9s avec :<\/span><span class=\"Apple-style-span\" style=\"font-size: medium;\"><span class=\"Apple-style-span\"><img loading=\"lazy\" class=\"aligncenter size-full wp-image-2049\" src=\"http:\/\/bandits-mages.antrepeaux.net\/wp-content\/uploads\/2016\/05\/Capture-d\u2019\u00e9cran-2016-05-20-\u00e0-17.12.02.png\" alt=\"Capture d\u2019\u00e9cran 2016-05-20 \u00e0 17.12.02\" width=\"798\" height=\"264\" srcset=\"https:\/\/bandits-mages.antrepeaux.net\/wp-content\/uploads\/2016\/05\/Capture-d\u2019\u00e9cran-2016-05-20-\u00e0-17.12.02.png 798w, https:\/\/bandits-mages.antrepeaux.net\/wp-content\/uploads\/2016\/05\/Capture-d\u2019\u00e9cran-2016-05-20-\u00e0-17.12.02-300x99.png 300w, https:\/\/bandits-mages.antrepeaux.net\/wp-content\/uploads\/2016\/05\/Capture-d\u2019\u00e9cran-2016-05-20-\u00e0-17.12.02-768x254.png 768w, https:\/\/bandits-mages.antrepeaux.net\/wp-content\/uploads\/2016\/05\/Capture-d\u2019\u00e9cran-2016-05-20-\u00e0-17.12.02-150x50.png 150w\" sizes=\"(max-width: 798px) 100vw, 798px\" \/><\/span><\/span><\/p>","protected":false},"excerpt":{"rendered":"<p>Sorry, this entry is only available in French. For the sake of viewer convenience, the content is shown below in the alternative language. You may click the link to switch the active language.La fin d&#8217;ann\u00e9e scolaire approche \u00e0 grand pas ! La ZAAP vous propose donc de se retrouver pour quelques dates pour d\u00e9couvrir le&hellip;<\/p>\n","protected":false},"author":1,"featured_media":2113,"comment_status":"closed","ping_status":"closed","sticky":false,"template":"","format":"standard","meta":[],"categories":[42],"tags":[200,197,182,199,194,191,195,198,201,196,203,158],"_links":{"self":[{"href":"https:\/\/bandits-mages.antrepeaux.net\/en\/wp-json\/wp\/v2\/posts\/2048"}],"collection":[{"href":"https:\/\/bandits-mages.antrepeaux.net\/en\/wp-json\/wp\/v2\/posts"}],"about":[{"href":"https:\/\/bandits-mages.antrepeaux.net\/en\/wp-json\/wp\/v2\/types\/post"}],"author":[{"embeddable":true,"href":"https:\/\/bandits-mages.antrepeaux.net\/en\/wp-json\/wp\/v2\/users\/1"}],"replies":[{"embeddable":true,"href":"https:\/\/bandits-mages.antrepeaux.net\/en\/wp-json\/wp\/v2\/comments?post=2048"}],"version-history":[{"count":14,"href":"https:\/\/bandits-mages.antrepeaux.net\/en\/wp-json\/wp\/v2\/posts\/2048\/revisions"}],"predecessor-version":[{"id":2136,"href":"https:\/\/bandits-mages.antrepeaux.net\/en\/wp-json\/wp\/v2\/posts\/2048\/revisions\/2136"}],"wp:featuredmedia":[{"embeddable":true,"href":"https:\/\/bandits-mages.antrepeaux.net\/en\/wp-json\/wp\/v2\/media\/2113"}],"wp:attachment":[{"href":"https:\/\/bandits-mages.antrepeaux.net\/en\/wp-json\/wp\/v2\/media?parent=2048"}],"wp:term":[{"taxonomy":"category","embeddable":true,"href":"https:\/\/bandits-mages.antrepeaux.net\/en\/wp-json\/wp\/v2\/categories?post=2048"},{"taxonomy":"post_tag","embeddable":true,"href":"https:\/\/bandits-mages.antrepeaux.net\/en\/wp-json\/wp\/v2\/tags?post=2048"}],"curies":[{"name":"wp","href":"https:\/\/api.w.org\/{rel}","templated":true}]}}