{"id":1895,"date":"2016-03-15T17:27:57","date_gmt":"2016-03-15T16:27:57","guid":{"rendered":"http:\/\/bandits-mages.antrepeaux.net\/?p=1895"},"modified":"2016-04-25T10:10:24","modified_gmt":"2016-04-25T08:10:24","slug":"hall-noir-appel-a-stage-experimental","status":"publish","type":"post","link":"https:\/\/bandits-mages.antrepeaux.net\/en\/blog\/2016\/03\/15\/hall-noir-appel-a-stage-experimental\/","title":{"rendered":"APPEL \u00c0 STAGE EXP\u00c9RIMENTAL"},"content":{"rendered":"<p class=\"qtranxs-available-languages-message qtranxs-available-languages-message-en\">Sorry, this entry is only available in <a href=\"https:\/\/bandits-mages.antrepeaux.net\/fr\/wp-json\/wp\/v2\/posts\/1895\" class=\"qtranxs-available-language-link qtranxs-available-language-link-fr\" title=\"FR\">French<\/a>. For the sake of viewer convenience, the content is shown below in the alternative language. You may click the link to switch the active language.<\/p><strong>Hall Noir est le programme d&#8217;\u00e9tudes ind\u00e9pendant de LA HACK SCHOOL de Bandits-Mages\u00a0:\u00a0un bricolage cr\u00e9atif vers une \u00e9cole d&#8217;art D.I.Y.<\/strong><\/p>\n<p><strong>P\u00e9riode :<\/strong> du 2 au 13 mai et du 24 octobre au 16 novembre inclus.<br \/>\n<strong>Date des Rencontres Bandits-Mages :<\/strong> du 1er au 13 novembre 2016.<\/p>\n<p>Un appel est lanc\u00e9 aupr\u00e8s des \u00e9tudiants en art qui cherchent une exp\u00e9rience de cr\u00e9ation collective associ\u00e9 \u00e0 des artistes et des professionnels au sein d&#8217;un programme d&#8217;\u00e9tudes ind\u00e9pendant.\u00a0Un ensemble d&#8217;outils critiques, mat\u00e9riels, logistiques et financiers est offert pour mettre en oeuvre et g\u00e9n\u00e9rer des programmes et des espaces visionnaires, \u00e0 eux.<\/p>\n<h4>Qu&#8217;est-ce que Hall Noir ?<\/h4>\n<p>Hall Noir est un espace \u00ab prototype \u00bb de co-cr\u00e9ation temporaire et de programmation,\u00a0un espace-essai, qui donne le droit fondamental au brouillon et aux tests.\u00a0Territoire d&#8217;aventures entre artistes, \u00e9tudiants, professionnels, habitants et habit\u00e9s d\u00e9di\u00e9s \u00e0 la cr\u00e9ation collective, dans l&#8217;esprit des grands ateliers d&#8217;art vivant autog\u00e9r\u00e9s.\u00a0Il est con\u00e7u comme un laboratoire de r\u00e9flexion et d\u2019ateliers ouverts reprenant dans son fonctionnement les fondements d&#8217;un logiciel libre : le respect des utilisateurs qui ont la libert\u00e9 d&#8217;ex\u00e9cuter, copier, distribuer, \u00e9tudier, modifier et am\u00e9liorer.<\/p>\n<h4><\/h4>\n<div id=\"attachment_1909\" style=\"width: 2490px\" class=\"wp-caption aligncenter\"><img aria-describedby=\"caption-attachment-1909\" loading=\"lazy\" class=\"wp-image-1909 size-full\" src=\"http:\/\/bandits-mages.antrepeaux.net\/wp-content\/uploads\/2016\/03\/especement_mutation_tribale-copie.jpg\" alt=\"especement_mutation_tribale copie\" width=\"2480\" height=\"1748\" srcset=\"https:\/\/bandits-mages.antrepeaux.net\/wp-content\/uploads\/2016\/03\/especement_mutation_tribale-copie.jpg 2480w, https:\/\/bandits-mages.antrepeaux.net\/wp-content\/uploads\/2016\/03\/especement_mutation_tribale-copie-300x211.jpg 300w, https:\/\/bandits-mages.antrepeaux.net\/wp-content\/uploads\/2016\/03\/especement_mutation_tribale-copie-768x541.jpg 768w, https:\/\/bandits-mages.antrepeaux.net\/wp-content\/uploads\/2016\/03\/especement_mutation_tribale-copie-1024x722.jpg 1024w, https:\/\/bandits-mages.antrepeaux.net\/wp-content\/uploads\/2016\/03\/especement_mutation_tribale-copie-150x106.jpg 150w\" sizes=\"(max-width: 2480px) 100vw, 2480px\" \/><p id=\"caption-attachment-1909\" class=\"wp-caption-text\">image Violaine Higelin<\/p><\/div>\n<h4>La proposition<\/h4>\n<p>Hall Noir propose cette ann\u00e9e une exp\u00e9rience multidimensionnelle amen\u00e9e \u00e0 \u00eatre co-pens\u00e9e et r\u00e9alis\u00e9e par des \u00e9tudiants en art, en musique et des jeunes artistes performeurs, joueurs et vid\u00e9astes exp\u00e9rimentateurs, sous la forme d&#8217;<strong>une Com\u00e9die Musicale &#8220;Hors-Format&#8221;,<\/strong> intitul\u00e9e <em><strong>&#8220;L&#8217;Esp\u00e8cement&#8221;<\/strong><\/em>.<br \/>\n<em><strong>L&#8217;Esp\u00e8cement<\/strong><\/em>\u00a0vise \u00e0 exp\u00e9rimenter des nouveaux \u00e9cosyst\u00e8mes hybrides, mutables et durables, engendrant des trans-esp\u00e8ces :<\/p>\n<p style=\"text-align: center;\">Entre les humains et les non humains<br \/>\nEntre les choses et les humains<br \/>\nEntre les plantes et les humains<br \/>\nEntre les animaux et les humains<br \/>\nEt entre une nouvelle classification de leurs mondes :<br \/>\nLes mondes sans nous<br \/>\nLes nous sans monde<br \/>\nLe nous avant le monde<br \/>\nLe monde apr\u00e8s nous<\/p>\n<p>Il se d\u00e9ploiera dans un lieu r\u00e9el le \u00ab Ch\u00e2teau d&#8217;Eau, ch\u00e2teau d&#8217;art \u00bb de la Ville de Bourges, \u00e0\u00a0habiter pendant les 13 jours des Rencontres Bandits-Mages 2016 (du 1er au 13 novembre) sous la forme d&#8217;un vaste plateau de tournage \u00e0 mondes multiples, utopiques, politiques et post-m\u00e9dia (F\u00e9lix Guattari) alliant le bio-art, la performance filmique et multim\u00e9dia, la t\u00e9l\u00e9vision alternative et les musiques exp\u00e9rimentales.<\/p>\n<p>Un th\u00e9\u00e2tre d&#8217;exp\u00e9riences filmantes et film\u00e9es abritant \u00e0 la fois des environnements, une r\u00e9gie, des loges, une station de radio, des d\u00e9ambulations performatives, musicales et des moments de vie, retransmis en streaming, jusqu&#8217;\u00e0 un montage final public le 12 et le 13 novembre 2016.<\/p>\n<p><strong>Coordination :<\/strong> David Legrand et Mathieu Simon (artistes collectifs)<br \/>\n<strong>Suivi de coordination :<\/strong> Marine Armbruster<br \/>\n<strong>Commissaires associ\u00e9s :<\/strong> les <a href=\"http:\/\/www.lora.fr\/lieu\/les-yeux-de-louie-est\" target=\"_blank\">Yeux de l&#8217;Ou\u00efe\u00a0EST<\/a>\u00a0(Violaine Higelin, Hadrien Devaux et Anthony Marquelet).<\/p>\n<h4><strong>La prise en charge et mise \u00e0 disposition :<\/strong><\/h4>\n<p>H\u00e9bergement sur toute la dur\u00e9e du stage et repas du 1er au 13 novembre<br \/>\nBandits-Mages met \u00e0 disposition son mat\u00e9riel, ainsi qu&#8217;un v\u00e9hicule.<\/p>\n<h4><strong>La s\u00e9lection :<\/strong><\/h4>\n<p>Envoyez-nous une r\u00e9ponse vid\u00e9o chant\u00e9e, perform\u00e9e, DIY, &#8220;youtub\u00e9e&#8221; au questionnaire ci-dessous.\u00a0Le lien de visionnage (ou de t\u00e9l\u00e9chargement) est \u00e0 envoyer par mail<strong> \u00e0 l&#8217;attention de Hall Noir<\/strong> \u00e0 <a href=\"mailto:zaap@bandits-mages.com\" target=\"_blank\">zaap@bandits-mages.com<\/a>.<br \/>\n<strong>Deadline :<\/strong> 15 avril 2016<br \/>\n<em>Le groupe Hall Noir se r\u00e9unira et vous communiquera ses choix dans un d\u00e9lai d&#8217;une semaine.<\/em><\/p>\n<h4><\/h4>\n<h4><strong>Questionnaire :<\/strong><\/h4>\n<blockquote class=\"quote-claire\" style=\"font-size: 14px;\"><p><strong>\u201c LE D\u00c9PASSEMENT EST D\u00c9SORMAIS D\u00c9PASS\u00c9 \u201d<\/strong><br \/>\n\u00cates-vous habit\u00e9, poss\u00e9d\u00e9 ? Par quoi ?<br \/>\nEst-ce que l&#8217;identit\u00e9 est politique ?<br \/>\nQu&#8217;est-ce qui est sacr\u00e9 ? Profane ?<br \/>\nQu&#8217;elle est votre plus grande source de plaisir dans la vie ?<br \/>\nPourquoi une image doit-elle \u00eatre humaine ?<br \/>\nQu&#8217;avez-vous envie de faire quand vous voyez &#8220;Fontaine&#8221; de Marcel Duchamp ?<br \/>\nImprovisez une transformation, une transmutation, une transgression ?<br \/>\nAvez-vous une pratique collective ? En art ou autres \u2026 ?<br \/>\nQu&#8217;est ce que pourrait \u00eatre un non-humain ?<br \/>\nQu&#8217;attendez vous d&#8217;une \u00e9cole d&#8217;art D.I.Y. ?<br \/>\nAvons-nous d\u00e9j\u00e0 \u00e9t\u00e9 moderne ?<br \/>\nMontre-nous comment tu bouges ?<\/p><\/blockquote>\n<div id=\"attachment_1925\" style=\"width: 2490px\" class=\"wp-caption aligncenter\"><img aria-describedby=\"caption-attachment-1925\" loading=\"lazy\" class=\"wp-image-1925 size-full\" src=\"http:\/\/bandits-mages.antrepeaux.net\/wp-content\/uploads\/2016\/03\/especement_rose.jpg\" alt=\"especement_rose\" width=\"2480\" height=\"1748\" srcset=\"https:\/\/bandits-mages.antrepeaux.net\/wp-content\/uploads\/2016\/03\/especement_rose.jpg 2480w, https:\/\/bandits-mages.antrepeaux.net\/wp-content\/uploads\/2016\/03\/especement_rose-300x211.jpg 300w, https:\/\/bandits-mages.antrepeaux.net\/wp-content\/uploads\/2016\/03\/especement_rose-768x541.jpg 768w, https:\/\/bandits-mages.antrepeaux.net\/wp-content\/uploads\/2016\/03\/especement_rose-1024x722.jpg 1024w, https:\/\/bandits-mages.antrepeaux.net\/wp-content\/uploads\/2016\/03\/especement_rose-150x106.jpg 150w\" sizes=\"(max-width: 2480px) 100vw, 2480px\" \/><p id=\"caption-attachment-1925\" class=\"wp-caption-text\">image Violaine Higelin<\/p><\/div>\n<hr \/>\n<p>\u00c0\u00a0propos du Chateau d&#8217;Eau \/ Chateau d&#8217;Art de la Ville de Bourges : \u00a0<a href=\"http:\/\/www.ville-bourges.fr\/site\/chateau-eau\" target=\"_blank\">site officiel<\/a><\/p>\n<p><em>L&#8217;association Bandits-Mages b\u00e9n\u00e9ficie du soutien de la DRAC Centre\/Val de Loire, de la R\u00e9gion Centre\/Val de Loire, du D\u00e9partement du Cher et de la Ville de Bourges.<\/em><\/p>\n<p><a href=\"http:\/\/bandits-mages.antrepeaux.net\/contact\/\" target=\"_blank\">Contact<\/a>","protected":false},"excerpt":{"rendered":"<p>Sorry, this entry is only available in French. For the sake of viewer convenience, the content is shown below in the alternative language. You may click the link to switch the active language.Hall Noir est le programme d&#8217;\u00e9tudes ind\u00e9pendant de LA HACK SCHOOL de Bandits-Mages\u00a0:\u00a0un bricolage cr\u00e9atif vers une \u00e9cole d&#8217;art D.I.Y. P\u00e9riode : du&hellip;<\/p>\n","protected":false},"author":1,"featured_media":1936,"comment_status":"closed","ping_status":"closed","sticky":false,"template":"","format":"standard","meta":[],"categories":[59,43],"tags":[],"_links":{"self":[{"href":"https:\/\/bandits-mages.antrepeaux.net\/en\/wp-json\/wp\/v2\/posts\/1895"}],"collection":[{"href":"https:\/\/bandits-mages.antrepeaux.net\/en\/wp-json\/wp\/v2\/posts"}],"about":[{"href":"https:\/\/bandits-mages.antrepeaux.net\/en\/wp-json\/wp\/v2\/types\/post"}],"author":[{"embeddable":true,"href":"https:\/\/bandits-mages.antrepeaux.net\/en\/wp-json\/wp\/v2\/users\/1"}],"replies":[{"embeddable":true,"href":"https:\/\/bandits-mages.antrepeaux.net\/en\/wp-json\/wp\/v2\/comments?post=1895"}],"version-history":[{"count":26,"href":"https:\/\/bandits-mages.antrepeaux.net\/en\/wp-json\/wp\/v2\/posts\/1895\/revisions"}],"predecessor-version":[{"id":1954,"href":"https:\/\/bandits-mages.antrepeaux.net\/en\/wp-json\/wp\/v2\/posts\/1895\/revisions\/1954"}],"wp:featuredmedia":[{"embeddable":true,"href":"https:\/\/bandits-mages.antrepeaux.net\/en\/wp-json\/wp\/v2\/media\/1936"}],"wp:attachment":[{"href":"https:\/\/bandits-mages.antrepeaux.net\/en\/wp-json\/wp\/v2\/media?parent=1895"}],"wp:term":[{"taxonomy":"category","embeddable":true,"href":"https:\/\/bandits-mages.antrepeaux.net\/en\/wp-json\/wp\/v2\/categories?post=1895"},{"taxonomy":"post_tag","embeddable":true,"href":"https:\/\/bandits-mages.antrepeaux.net\/en\/wp-json\/wp\/v2\/tags?post=1895"}],"curies":[{"name":"wp","href":"https:\/\/api.w.org\/{rel}","templated":true}]}}