{"id":1844,"date":"2016-02-22T11:33:57","date_gmt":"2016-02-22T10:33:57","guid":{"rendered":"http:\/\/bandits-mages.antrepeaux.net\/?p=1844"},"modified":"2019-06-21T22:23:37","modified_gmt":"2019-06-21T20:23:37","slug":"pacome-thiellement-cinema-hermetica","status":"publish","type":"post","link":"https:\/\/bandits-mages.antrepeaux.net\/en\/blog\/2016\/02\/22\/pacome-thiellement-cinema-hermetica\/","title":{"rendered":"PAC\u00d4ME THIELLEMENT, CINEMA HERMETICA"},"content":{"rendered":"<p class=\"qtranxs-available-languages-message qtranxs-available-languages-message-en\">Sorry, this entry is only available in <a href=\"https:\/\/bandits-mages.antrepeaux.net\/fr\/wp-json\/wp\/v2\/posts\/1844\" class=\"qtranxs-available-language-link qtranxs-available-language-link-fr\" title=\"FR\">French<\/a>. For the sake of viewer convenience, the content is shown below in the alternative language. You may click the link to switch the active language.<\/p><h3 align=\"JUSTIFY\">Apr\u00e8s le Th\u00e9\u00e2tre de l&#8217;Auto-d\u00e9voration, Pac\u00f4me Thiellement nous revient avec la sortie de Cin\u00e9ma Hermetica, un recueil de textes \u00e0 propos de \u00ab\u00a0vos films cultes comme vous ne les avez jamais lus\u00a0\u00bb.<\/h3>\n<h4 align=\"JUSTIFY\">Le Cin\u00e9ma de la Maison de la Culture de Bourges, Bandits-Mages et la M\u00e9diath\u00e8que de Bourges proposent \u00e0 cette occasion trois rencontres\u00a0:<\/h4>\n<p align=\"JUSTIFY\">Le <strong>12 mars, \u00e0 15h, \u00e0 la M\u00e9diath\u00e8que de Bourges, salle Pr\u00e9vert<\/strong>\u00a0: une rencontre entre Pac\u00f4me Thiellement, auteur de <em>Cin\u00e9ma Hermetica<\/em> et Sarah Hatchuel, auteure de <em>R\u00eaves et s\u00e9ries am\u00e9ricaines : la fabrique d&#8217;autres mondes.<\/em><\/p>\n<p align=\"JUSTIFY\">Le <strong>12 mars, \u00e0 17h45 au cin\u00e9ma de la Maison de la Culture de Bourges<\/strong>\u00a0: ex\u00e9g\u00e8se d\u2019Opening Night (John Cassavetes, 1977)<br \/>\n<em>La c\u00e9l\u00e8bre com\u00e9dienne de th\u00e9\u00e2tre Myrte Gordon est la vedette d\u2019une pi\u00e8ce de Sarah Goode : &#8220;The Second Woman&#8221;. Apr\u00e8s une repr\u00e9sentation \u00e0 New Haven, Myrte assiste \u00e0 la mort d\u2019une jeune admiratrice passionn\u00e9e&#8230;<\/em><\/p>\n<p align=\"JUSTIFY\">Le <strong>22 mai, \u00e0 19h au cin\u00e9ma de la Maison de la Culture de Bourges<\/strong> : ex\u00e9g\u00e8se de Shining (Stanley K\u00fcbrick, 1980)<br \/>\n<em>Jack Torrance, gardien d&#8217;un h\u00f4tel ferm\u00e9 l&#8217;hiver, sa femme et son fils Danny s&#8217;appr\u00eatent \u00e0 vivre de longs mois de solitude. Danny, qui poss\u00e8de un don de m\u00e9dium, le &#8220;Shining&#8221;, est effray\u00e9 \u00e0 l&#8217;id\u00e9e d&#8217;habiter ce lieu, th\u00e9\u00e2tre marqu\u00e9 par de terribles \u00e9v\u00e8nements pass\u00e9s&#8230;<\/em><\/p>\n<p align=\"JUSTIFY\"><span style=\"text-decoration: underline;\"><strong>Plus d&#8217;information \u00e0 propos de <em><a href=\"http:\/\/www.super8-editions.fr\/livre-cinema-hermetica.asp\" target=\"_blank\" rel=\"noopener noreferrer\">Cin\u00e9ma Hermetica<\/a><\/em>\u00a0:<\/strong><\/span><br \/>\n<em>En mars 2014, un photographe estonien publie les ahurissants clich\u00e9s d\u2019un cin\u00e9ma \u00e9gyptien abandonn\u00e9 au milieu du d\u00e9sert du Sina\u00ef. Si la construction de l\u2019\u00e9difice est attribu\u00e9e \u00e0 un excentrique homme d\u2019affaires fran\u00e7ais du d\u00e9but du XXe si\u00e8cle, aucun film n\u2019y a jamais \u00e9t\u00e9 diffus\u00e9 et il a \u00e9t\u00e9 depuis d\u00e9truit.<\/em><br \/>\n<em>Il n\u2019en fallait pas plus \u00e0 Pac\u00f4me Thiellement pour plonger dans les arcanes du cin\u00e9ma et proposer des analyses d\u00e9jant\u00e9es de Nosferatu, Nosferatu fant\u00f4me de la nuit, Freaks, Le Locataire, Possession, Suspiria, C\u00e9line et Julie vont en bateau, M.\u00a0Arkadin, Chinatown, Opening Night, Nymphomaniac et Shining. <\/em><br \/>\n<em>Autant de films \u00e9trangement cultes, autant de chefs-d\u2019\u0153uvre \u00e0 voir ou \u00e0 revoir autrement, gr\u00e2ce aux lumi\u00e8res d\u2019un \u00e9rudit pop quelque peu magicien pour qui le cin\u00e9ma est devenu, le temps d\u2019une parenth\u00e8se enchant\u00e9e, la fa\u00e7on la plus s\u00fbre de discerner l\u2019invisible.<\/em><br \/>\n<em>Pus d&#8217;information \u00e0 propos de R\u00eaves et s\u00e9ries am\u00e9ricaines\u00a0:<\/em><\/p>\n<p align=\"JUSTIFY\"><span style=\"text-decoration: underline;\"><strong>Biographie de Pac\u00f4me Thiellement\u00a0:<\/strong><\/span><br \/>\nPac\u00f4me Thiellement, auteur r\u00e9alisateur, \u00e9crivain et essayiste, adapte son \u00e9criture \u00e0 diff\u00e9rentes formes de m\u00e9dia. Apr\u00e8s s&#8217;\u00eatre illustr\u00e9, \u00e0 l&#8217;adolescence, dans le milieu de la bande dessin\u00e9e (directeur du fanzine R\u00e9ciproquement), il cr\u00e9e avec d&#8217;autres auteurs, la revue Spectre. Celle-ci s&#8217;arr\u00eate lors de la publication de son premier livre Poppermost. En charge de la coordination d\u2019un recueil de travaux \u00e9crits et dessin\u00e9s (Schreber Pr\u00e9sident, publi\u00e9 par les \u00e9ditions Fage en 2006), il \u00e9crit par la suite huit essais d\u2019inspiration ex\u00e9g\u00e9tique et burlesque dont <a href=\"http:\/\/www.pacomethiellement.com\/corpus.php?id=1\" target=\"_blank\" rel=\"noopener noreferrer\">Pop Yoga<\/a>\u00a0(Sonatine, 2013). Il est \u00e9galement le co-auteur avec Thomas Bertay de la collection de films exp\u00e9rimentaux regroup\u00e9s sous le nom de Le Dispositif : 52 vid\u00e9os ayant fait l\u2019objet de nombreuses projections et de trois r\u00e9trospectives. Il est \u00e9galement l\u2019auteur du livret d\u2019un spectacle consacr\u00e9 \u00e0 la musique de Frank Zappa, The Big Note, cr\u00e9\u00e9 par l\u2019Ensemble de Basse-Normandie. En 2013, la Galerie Anne Barrault lui confie le commissariat d\u2019une exposition, Citadelles en Suspens, o\u00f9 il pr\u00e9sente des \u0153uvres de certains de ses artistes pr\u00e9f\u00e9r\u00e9s morts et vivants. Il encha\u00eene avec une r\u00e9sidence, Satan Trism\u00e9giste, \u00e0 la librairie Le Monte-en-l\u2019air, puis une r\u00e9sidence \u00e0 Bourges avec Bandits-Mages, Th\u00e9\u00e2tre de l\u2019auto-d\u00e9voration, centr\u00e9e sur la po\u00e9sie et le cin\u00e9ma fantastique.<\/p>\n<p align=\"JUSTIFY\"><span style=\"text-decoration: underline;\"><strong>Plus d&#8217;information \u00e0 propos de <em><a href=\"http:\/\/www.rougeprofond.com\/LIVRES\/RACCORDS\/series\/index.html\" target=\"_blank\" rel=\"noopener noreferrer\">R\u00eaves et s\u00e9ries am\u00e9ricaines : la fabrique d&#8217;autres mondes<\/a><\/em> :<\/strong><\/span><br \/>\n<em>Les s\u00e9ries ont-elles remplac\u00e9 le cin\u00e9ma comme usine \u00e0 r\u00eaves\u00a0? Des Soprano \u00e0 Battlestar Galactica, de Buffy contre les vampires \u00e0 Twin Peaks, Awake et Hannibal, sans oublier LOST et Six Feet Under, cet ouvrage, abondamment illustr\u00e9, se propose d\u2019explorer le r\u00eave comme ressort narratif par lequel la fiction se d\u00e9ploie, se ressource et se remet en question. Film dans le film, au carrefour du r\u00e9el et de l\u2019irr\u00e9el, de l\u2019objectivit\u00e9 et de la subjectivit\u00e9, du monde de veille et du monde imaginaire, le r\u00eave met en tension notre croyance en la fiction que nous regardons, tout en ouvrant une fen\u00eatre vers d&#8217;autres possibles et en m\u00e9nageant du \u00ab\u00a0jeu\u00a0\u00bb dans la repr\u00e9sentation. Sarah Hatchuel nous rappelle que les s\u00e9ries oniriques ne nous invitent pas \u00e0 devenir des spectateurs sceptiques qui regarderaient les s\u00e9quences de mani\u00e8re d\u00e9tach\u00e9e voire cynique parce que celles-ci pourraient ne pas \u00eatre vraies. Elles nous exhortent, au contraire, \u00e0 devenir des amoureux de la fiction, \u00e0 ch\u00e9rir les histoires m\u00eame lorsque celles-ci s\u2019av\u00e8rent appartenir \u00e0 une dimension virtuelle ou mentale. Au fond, la r\u00e9alit\u00e9 des \u00e9v\u00e9nements importe peu. Buffy pourrait \u00e9voluer dans une dimension qu\u2019elle s\u2019est elle-m\u00eame invent\u00e9e\u00a0; les rescap\u00e9s du vol 815 se retrouver dans un r\u00eave qu\u2019ils ont fabriqu\u00e9\u00a0; Laura Palmer raconter son histoire depuis une Chambre rouge \u00e0 cheval sur deux mondes. Loin de penser le r\u00eave comme r\u00e9cit subalterne, ces s\u00e9ries le posent comme exp\u00e9rience de vie, nous faisant r\u00e9fl\u00e9chir \u00e0 la port\u00e9e de nos actes et aux cons\u00e9quences de chacune de nos d\u00e9cisions.<\/em><\/p>\n<p align=\"JUSTIFY\"><strong>Biographie de Sarah Hatchuel\u00a0:<\/strong><br \/>\nSarah Hatchuel, Pr\u00e9sidente de la Soci\u00e9t\u00e9 Fran\u00e7aise Shakespeare, est Professeure en litt\u00e9rature et cin\u00e9ma anglophones \u00e0 l\u2019Universit\u00e9 du Havre. <span lang=\"en-US\">Elle est l\u2019auteure de livres sur Shakespeare au cin\u00e9ma\u00a0(<\/span><span lang=\"en-US\">Shakespeare and the Cleopatra\/Caesar Intertext\u00a0: Sequel, Conflation, Remake<\/span><span lang=\"en-US\">, Fairleigh Dickinson University Press, 2011; <\/span><span lang=\"en-US\">Shakespeare, from Stage to Screen<\/span><span lang=\"en-US\">, Cambridge University Press, 2004; <\/span><span lang=\"en-US\">A Companion to the Shakespearean Films of Kenneth Branagh<\/span><span lang=\"en-US\">, Blizzard Publishing, 2000) et sur les s\u00e9ries t\u00e9l\u00e9vis\u00e9es am\u00e9ricaines (<\/span><span lang=\"en-US\">R\u00eaves et series am\u00e9ricaines\u00a0: La fabrique d\u2019autres mondes<\/span><span lang=\"en-US\">, Rouge Profond, 2015; <\/span><span lang=\"en-US\">Lost\u00a0: Fiction Vitale<\/span><span lang=\"en-US\">, PUF, 2013). <\/span>Elle codirige (avec Nathalie Vienne-Guerrin) la collection Shakespeare on Screen (PURH\/CUP) et codirige (avec Ariane Hudelet) la revue \u00e9lectronique TV\/Series (<a href=\"http:\/\/tvseries.revues.org\/\" target=\"_blank\" rel=\"noopener noreferrer\">http:\/\/tvseries.revues.org<\/a>).<\/p>\n<p><span style=\"text-decoration: underline;\"><strong>Contacts, Informations et tarifs<\/strong><\/span><\/p>\n<p><span style=\"text-decoration: underline;\">Bandits-Mages<\/span> :\u00a002 48 50 42 47 (<a href=\"mailto:direction@bandits-mages.fr\" target=\"_blank\" rel=\"noopener noreferrer\">direction@bandits-mages.fr<\/a>)<br \/>\n<span style=\"text-decoration: underline;\">La M\u00e9diath\u00e8que<\/span>\u00a0: 02 48 23 22 50 (<a href=\"mailto:helene.petitjean@ville-bourges.fr\" target=\"_blank\" rel=\"noopener noreferrer\">helene.petitjean@ville-bourges.fr<\/a>)<br \/>\n<span style=\"text-decoration: underline;\">MCB\u00b0<\/span> :\u00a002 48 21 29 44 (<a href=\"mailto:b.piederriere@mcbourges.com\">b.piederriere@mcbourges.com<\/a>)<\/p>\n<p><a href=\"https:\/\/www.google.fr\/maps\/place\/M%C3%A9diath%C3%A8que\/@47.0784821,2.3981964,12z\/data=!4m5!1m2!2m1!1zbcOpZGlhdGjDqHF1ZQ!3m1!1s0x47fa96691c235747:0xe7af612aca04bab6\" target=\"_blank\" rel=\"noopener noreferrer\">M\u00e9diath\u00e8que de Bourges<\/a><br \/>\nLes Rives d&#8217;Auron<br \/>\nBoulevard Lamarck &#8211; BP 18<br \/>\n18001 BOURGES cedex<\/p>\n<p align=\"JUSTIFY\"><a href=\"https:\/\/www.google.fr\/maps\/place\/12+Boulevard+Georges+Clemenceau,+18000+Bourges\/@47.0823528,2.3913556,15z\/data=!4m2!3m1!1s0x47fa967114b6a159:0x3af404650f848590\" target=\"_blank\" rel=\"noopener noreferrer\">Cin\u00e9ma de la MCB\u00b0<\/a><br \/>\n12 Boulevard Cl\u00e9menceau<br \/>\n18000 Bourges<\/p>\n<p align=\"JUSTIFY\">Tarifs des s\u00e9ances cin\u00e9ma\u00a0:<br \/>\nTarif plein adulte : 7,60\u20ac<br \/>\nTarif moins de 18 ans, \u00e9tudiants, adh\u00e9rents MCB\u00b0, adh\u00e9rents Bandits-Mages : 5\u20ac<br \/>\nTarif sp\u00e9cial programmation \u00e9tudiants de l\u2019ENSA Bourges : 4\u20ac<\/p>\n<h3 align=\"JUSTIFY\"><img loading=\"lazy\" class=\"alignnone wp-image-1853\" src=\"http:\/\/bandits-mages.antrepeaux.net\/wp-content\/uploads\/2016\/02\/logo.png\" alt=\"logo\" width=\"71\" height=\"93\" srcset=\"https:\/\/bandits-mages.antrepeaux.net\/wp-content\/uploads\/2016\/02\/logo.png 120w, https:\/\/bandits-mages.antrepeaux.net\/wp-content\/uploads\/2016\/02\/logo-115x150.png 115w\" sizes=\"(max-width: 71px) 100vw, 71px\" \/>\u00a0 <img loading=\"lazy\" class=\"alignnone wp-image-1856\" src=\"http:\/\/bandits-mages.antrepeaux.net\/wp-content\/uploads\/2016\/02\/mcb.png\" alt=\"mcb\" width=\"112\" height=\"51\" srcset=\"https:\/\/bandits-mages.antrepeaux.net\/wp-content\/uploads\/2016\/02\/mcb.png 215w, https:\/\/bandits-mages.antrepeaux.net\/wp-content\/uploads\/2016\/02\/mcb-150x68.png 150w\" sizes=\"(max-width: 112px) 100vw, 112px\" \/>\u00a0 <img loading=\"lazy\" class=\"alignnone wp-image-1854\" src=\"http:\/\/bandits-mages.antrepeaux.net\/wp-content\/uploads\/2016\/02\/Logo-Ville-HD.png\" alt=\"Logo Ville HD\" width=\"98\" height=\"88\" srcset=\"https:\/\/bandits-mages.antrepeaux.net\/wp-content\/uploads\/2016\/02\/Logo-Ville-HD.png 2459w, https:\/\/bandits-mages.antrepeaux.net\/wp-content\/uploads\/2016\/02\/Logo-Ville-HD-300x270.png 300w, https:\/\/bandits-mages.antrepeaux.net\/wp-content\/uploads\/2016\/02\/Logo-Ville-HD-768x691.png 768w, https:\/\/bandits-mages.antrepeaux.net\/wp-content\/uploads\/2016\/02\/Logo-Ville-HD-1024x921.png 1024w, https:\/\/bandits-mages.antrepeaux.net\/wp-content\/uploads\/2016\/02\/Logo-Ville-HD-150x135.png 150w\" sizes=\"(max-width: 98px) 100vw, 98px\" \/> <img loading=\"lazy\" class=\"alignnone wp-image-1855\" src=\"http:\/\/bandits-mages.antrepeaux.net\/wp-content\/uploads\/2016\/02\/logo-bib-de-bourges-2016.jpg\" alt=\"logo bib de bourges 2016\" width=\"79\" height=\"92\" srcset=\"https:\/\/bandits-mages.antrepeaux.net\/wp-content\/uploads\/2016\/02\/logo-bib-de-bourges-2016.jpg 1450w, https:\/\/bandits-mages.antrepeaux.net\/wp-content\/uploads\/2016\/02\/logo-bib-de-bourges-2016-258x300.jpg 258w, https:\/\/bandits-mages.antrepeaux.net\/wp-content\/uploads\/2016\/02\/logo-bib-de-bourges-2016-768x894.jpg 768w, https:\/\/bandits-mages.antrepeaux.net\/wp-content\/uploads\/2016\/02\/logo-bib-de-bourges-2016-880x1024.jpg 880w, https:\/\/bandits-mages.antrepeaux.net\/wp-content\/uploads\/2016\/02\/logo-bib-de-bourges-2016-129x150.jpg 129w\" sizes=\"(max-width: 79px) 100vw, 79px\" \/><\/h3>\n<p align=\"JUSTIFY\"><strong><em>Un \u00e9v\u00e8nement en partenariat avec la librairie <a href=\"https:\/\/www.google.fr\/maps\/place\/Librairie+La+Poterne\/@47.0823528,2.3913556,15z\/data=!4m2!3m1!1s0x47fa9679f03fb195:0x2603e52bd009f19e\" target=\"_blank\" rel=\"noopener noreferrer\">La Poterne<\/a><\/em><\/strong><\/p>","protected":false},"excerpt":{"rendered":"<p>Sorry, this entry is only available in French. For the sake of viewer convenience, the content is shown below in the alternative language. You may click the link to switch the active language.Apr\u00e8s le Th\u00e9\u00e2tre de l&#8217;Auto-d\u00e9voration, Pac\u00f4me Thiellement nous revient avec la sortie de Cin\u00e9ma Hermetica, un recueil de textes \u00e0 propos de \u00ab\u00a0vos&hellip;<\/p>\n","protected":false},"author":1,"featured_media":1867,"comment_status":"closed","ping_status":"closed","sticky":false,"template":"","format":"standard","meta":[],"categories":[55,38],"tags":[],"_links":{"self":[{"href":"https:\/\/bandits-mages.antrepeaux.net\/en\/wp-json\/wp\/v2\/posts\/1844"}],"collection":[{"href":"https:\/\/bandits-mages.antrepeaux.net\/en\/wp-json\/wp\/v2\/posts"}],"about":[{"href":"https:\/\/bandits-mages.antrepeaux.net\/en\/wp-json\/wp\/v2\/types\/post"}],"author":[{"embeddable":true,"href":"https:\/\/bandits-mages.antrepeaux.net\/en\/wp-json\/wp\/v2\/users\/1"}],"replies":[{"embeddable":true,"href":"https:\/\/bandits-mages.antrepeaux.net\/en\/wp-json\/wp\/v2\/comments?post=1844"}],"version-history":[{"count":11,"href":"https:\/\/bandits-mages.antrepeaux.net\/en\/wp-json\/wp\/v2\/posts\/1844\/revisions"}],"predecessor-version":[{"id":13038,"href":"https:\/\/bandits-mages.antrepeaux.net\/en\/wp-json\/wp\/v2\/posts\/1844\/revisions\/13038"}],"wp:featuredmedia":[{"embeddable":true,"href":"https:\/\/bandits-mages.antrepeaux.net\/en\/wp-json\/wp\/v2\/media\/1867"}],"wp:attachment":[{"href":"https:\/\/bandits-mages.antrepeaux.net\/en\/wp-json\/wp\/v2\/media?parent=1844"}],"wp:term":[{"taxonomy":"category","embeddable":true,"href":"https:\/\/bandits-mages.antrepeaux.net\/en\/wp-json\/wp\/v2\/categories?post=1844"},{"taxonomy":"post_tag","embeddable":true,"href":"https:\/\/bandits-mages.antrepeaux.net\/en\/wp-json\/wp\/v2\/tags?post=1844"}],"curies":[{"name":"wp","href":"https:\/\/api.w.org\/{rel}","templated":true}]}}