{"id":13261,"date":"2019-09-23T18:35:32","date_gmt":"2019-09-23T16:35:32","guid":{"rendered":"http:\/\/bandits-mages.antrepeaux.net\/?p=13261"},"modified":"2019-10-29T17:09:45","modified_gmt":"2019-10-29T16:09:45","slug":"projection-du-film-felix-in-wonderland-de-marie-losier-a-bourges-le-6-novembre-a-21h00","status":"publish","type":"post","link":"https:\/\/bandits-mages.antrepeaux.net\/en\/blog\/2019\/09\/23\/projection-du-film-felix-in-wonderland-de-marie-losier-a-bourges-le-6-novembre-a-21h00\/","title":{"rendered":"Projection du film FELIX IN WONDERLAND de\u00a0Marie Losier \u00e0 Bourges le 6 novembre \u00e0 21h00"},"content":{"rendered":"<p class=\"qtranxs-available-languages-message qtranxs-available-languages-message-en\">Sorry, this entry is only available in <a href=\"https:\/\/bandits-mages.antrepeaux.net\/fr\/wp-json\/wp\/v2\/posts\/13261\" class=\"qtranxs-available-language-link qtranxs-available-language-link-fr\" title=\"FR\">French<\/a>. For the sake of viewer convenience, the content is shown below in the alternative language. You may click the link to switch the active language.<\/p>[vc_row][vc_column width=&#8221;2\/3&#8243;][vc_column_text]\n<p style=\"text-align: justify;\"><strong><span style=\"font-size: 12pt;\"><span style=\"color: #666666;\">FELIX IN WONDERLAND\u00a0<\/span><span style=\"color: #666666;\">un film de\u00a0<\/span><a href=\"https:\/\/www.facebook.com\/marielosier?__tn__=KH-R&amp;eid=ARDemi1gNRHJnsWHJZfF3kOHY00epe8OsHQbRjJx0u7M9qxJdqyXkCGvJdT2BihJNq0Uc8gmnvSCWnZU&amp;fref=mentions&amp;__xts__%5B0%5D=68.ARD58nfUctFnia7Bmnq2hETM9cDbRqP1XS6o6uwOA6mRNeAiK_-d6sg8yu2puCWGY2IuhZfrBirKzYmmk68t5WxO_2p8A2C0WVyuaFuw4e8xzoXgvtUZPVkbvqMjLOkK2Z-twrTiJ6yTRykRoLN4Mn4mNoTy2PTzH02Xe_fo6RaYaQqzGwOsEbWN_QU0FlmiycYrV3ODS1lD6plaAQ\"><span style=\"color: #385898;\">Marie Losier<\/span><\/a>\u00a0<\/span><\/strong><\/p>\n<p><strong><span style=\"color: #222222; font-size: 12pt;\">06 novembre \u00e0 21h00 au Nadir<\/span><\/strong><\/p>\n<p><span style=\"color: #666666;\">avec l&#8217;incroyable\u00a0<\/span><a href=\"https:\/\/www.facebook.com\/FELIX-KUBIN-50517912752\/?__tn__=KH-R&amp;eid=ARB_rs2SvEfLVkmtXL6U74mactdHj5liaK8VELFOGro5aeMysAK9Fo1QF3hly8zoRGj2xIsmHCRpKq7I&amp;fref=mentions&amp;__xts__%5B0%5D=68.ARD58nfUctFnia7Bmnq2hETM9cDbRqP1XS6o6uwOA6mRNeAiK_-d6sg8yu2puCWGY2IuhZfrBirKzYmmk68t5WxO_2p8A2C0WVyuaFuw4e8xzoXgvtUZPVkbvqMjLOkK2Z-twrTiJ6yTRykRoLN4Mn4mNoTy2PTzH02Xe_fo6RaYaQqzGwOsEbWN_QU0FlmiycYrV3ODS1lD6plaAQ\"><span style=\"color: #385898;\">FELIX KUBIN<\/span><\/a><span style=\"color: #666666;\">\u00a0dans le r\u00f4le principal.<\/span><\/p>\n<p><span class=\"text_exposed_show\">France, Germany &#8211; 2019 \u00b7 DCP \u00b7 Color \u00b7 50\u2032 &#8211; o.v. English\/German<\/span><\/p>\n<p><span style=\"color: #666666;\">Production <\/span><a href=\"https:\/\/www.facebook.com\/EcceFilmsPage\/?__tn__=KH-R&amp;eid=ARDKGXkStoVU0Xzpm-YV5oCYKqCuuz9529zfjBcSmeaWt-ML7Y75nx-IrswmQYdzyGKB0WV4eB1CwiC6&amp;fref=mentions&amp;__xts__%5B0%5D=68.ARD58nfUctFnia7Bmnq2hETM9cDbRqP1XS6o6uwOA6mRNeAiK_-d6sg8yu2puCWGY2IuhZfrBirKzYmmk68t5WxO_2p8A2C0WVyuaFuw4e8xzoXgvtUZPVkbvqMjLOkK2Z-twrTiJ6yTRykRoLN4Mn4mNoTy2PTzH02Xe_fo6RaYaQqzGwOsEbWN_QU0FlmiycYrV3ODS1lD6plaAQ\"><span style=\"color: #385898;\">Ecce Films<\/span><\/a><span style=\"color: #666666;\">.(<a id=\"js_3j9\" class=\"profileLink\" title=\"Mathilde Delaunay\" href=\"https:\/\/www.facebook.com\/mathilde.delaunay.10?__tn__=K-R&amp;eid=ARCl62_T1nOnWvUd-xvocSuAnH4LIy-X_2N52SPm5d_XLpBfly9ZONDF9Ikh0Dy4cCmx8UdeNtpE6VMg&amp;fref=mentions&amp;__xts__%5B0%5D=68.ARCCkTHsvmi61My7h4PRepG1LjT_Hh017lRWmVxd6WuKN_18L4S9RLMQuB23ym6JCmBpvodFmCMxLTkPv9lLy2wCLrIvdpaYzQCArUi5Z69PriEQxAa51WQyUPyVNElOz_67q_OPnAKPNpj77WXbg_Mf7CYdBXB6fSkEdZyc5R9m_AvKBzH05m9WfiHItbylbBxVx2IJBrXVsSUiycf8M4rzc_pWcV8G6dfYpTWnVLh_fyDO5eiHN1eH_JqAiovqzv_MEwf6A3MN_ZSbkPDIXz7e6I3uF-6l2HjdWVLRwjSGb9mor3FGWkLyjUpuUpMLh6_v5roLM7ULVI8OunneDFK_Lw\" data-hovercard=\"\/ajax\/hovercard\/user.php?id=1070988882&amp;extragetparams=%7B%22__tn__%22%3A%22%2CdK-R-R%22%2C%22eid%22%3A%22ARCl62_T1nOnWvUd-xvocSuAnH4LIy-X_2N52SPm5d_XLpBfly9ZONDF9Ikh0Dy4cCmx8UdeNtpE6VMg%22%2C%22fref%22%3A%22mentions%22%7D\" data-hovercard-prefer-more-content-show=\"1\" aria-describedby=\"u_55_1\" aria-owns=\"\">Mathilde Delaunay<\/a>).<\/span><\/p>\n<div class=\"text_exposed_show\">\n<p><strong><i style=\"caret-color: #333333; color: #333333; text-align: justify;\">A\u00a0<\/i><span style=\"caret-color: #333333; color: #333333; text-align: justify;\">Propos du Film :<\/span><\/strong><\/p>\n<\/div>\n<p style=\"text-align: justify;\">Un voyage dans le monde de Felix Kubin et de ses exp\u00e9riences musicales et sonores gr\u00e2ce \u00e0\u00a0son instrument de pr\u00e9dilection, le KORG MS20. Le portrait d\u2019un artiste g\u00e9nial dans la t\u00eate de\u00a0qui la musique ne s\u2019arr\u00eate jamais\u2026 O\u00f9 l\u2019on donne \u00e0 manger des micros \u00e0 des chiens en\u00a0Slovaquie, o\u00f9 l\u2019on on enregistre les sons d\u2019une bouche d\u2019a\u00e9ration ou des chants sous-marins\u2026Et o\u00f9 l\u2019on accepte joyeusement de plonger dans la fiction des r\u00eaves et cauchemars qui hantent\u00a0les chansons et cr\u00e9ations sonores de cet artiste sans fronti\u00e8re, prince allemand de la musique\u00a0\u00e9lectronique contemporaine.<\/p>\n[\/vc_column_text][\/vc_column][vc_column width=&#8221;1\/3&#8243;][vc_single_image image=&#8221;13075&#8243; img_size=&#8221;full&#8221;][\/vc_column][\/vc_row][vc_row][vc_column][vc_column_text]\n<p style=\"text-align: justify;\"><strong>A propos de la r\u00e9alisatrice<\/strong><\/p>\n<p style=\"text-align: justify;\"><strong>Marie Losier<\/strong> (n\u00e9e en France, 1976) est une r\u00e9alisatrice et curatrice qui a travaill\u00e9 \u00e0 New York pendant\u00a020 ans et dont les films et vid\u00e9os sont projet\u00e9s r\u00e9guli\u00e8rement dans des mus\u00e9es, galeries, biennales et\u00a0festivals.<\/p>\n<p style=\"text-align: justify;\">Apr\u00e8s des \u00e9tudes de litt\u00e9rature \u00e0 l\u2019Universit\u00e9 de Nanterre (DEA, Dipl\u00f4me d\u2019\u00c9tudes Approfondies en \u00a0litt\u00e9rature et po\u00e9sie am\u00e9ricaine) et les Beaux Arts \u00e0 New York (MFA\/Hunter College), elle r\u00e9alise de\u00a0nombreux portraits avant-gardistes, intimes, po\u00e9tiques et ludiques de cin\u00e9astes, de musiciens et de\u00a0compositeurs tels que Alan Vega, les fr\u00e8res Kuchar, Guy Maddin, Richard Foreman, Tony Conrad et\u00a0Jackie Raynal. Ses films sont souvent pr\u00e9sent\u00e9s dans de prestigieux festivals (Cannes, Berlin,\u00a0Rotterdam, IDFA, Tribeca \/ New York, CPH:DOX, Bafici \/ Argentine, Cin\u00e9ma du R\u00e9el, Torino, etc.) mais\u00a0aussi dans des mus\u00e9es tels que la Tate Modern (Londres), le MoMA (NYC), le Centre Pompidou, ou\u00a0encore la Cin\u00e9math\u00e8que Fran\u00e7aise (Paris) et le Whitney Museum (NYC).<\/p>\n<p style=\"text-align: justify;\">Son premier long-m\u00e9trage The Ballad of Genesis and Lady Jaye dresse avec d\u00e9licatesse le portrait de\u00a0Genesis Breyer P-Orridge (des groupes Throbbing Gristle and Psychic TV) et de sa compagne Lady Jaye.\u00a0La premi\u00e8re du film a eu lieu au Festival du film de Berlin en f\u00e9vrier 2011, remportant le Teddy award\u00a0et le prix Caligari. Elle a \u00e9galement remport\u00e9 le Grand prix \u00e0 Indielisboa, le prix Louis Marcorelles et le\u00a0prix des biblioth\u00e8ques (Cin\u00e9ma du R\u00e9el); le film est sorti en France, au Canada, au Mexique, aux \u00c9tats\u00a0Unis et en Allemagne. En 2013\/14, Marie a obtenu les prestigieux DAAD Residency Award \u00e0 Berlin et\u00a0Guggenheim Award pour travailler sur son nouveau long m\u00e9trage Cassandro the Exotico!, un portrait\u00a0du c\u00e9l\u00e8bre catcheur mexicain, Saul Almendariz. Le film a \u00e9t\u00e9 projet\u00e9 en premi\u00e8re mondiale lors du\u00a0festival de Cannes (ACID) en mai 2018, il est sorti en salle en France en d\u00e9cembre 2018 et une sortie\u00a0am\u00e9ricaine est pr\u00e9vue pour juillet 2019 (avec une premi\u00e8re au Metrograph NYC). Derni\u00e8rement, le\u00a0MoMA a pr\u00e9sent\u00e9 l\u2019ensemble de son travail filmique lors d\u2019une r\u00e9trospective en novembre 2018 et a\u00a0fait l\u2019acquisition de ses films dans sa collection permanente. Marie Losier a \u00e9galement eu une\u00a0exposition personnelle \u00e0 la galerie d\u2019art contemporain du BBB \u00e0 Toulouse lors du festival du printemps\u00a0de septembre 2018. Elle travaille actuellement sur un moyen m\u00e9trage multiformes entre film,\u00a0installation et performance sur le compositeur et musicien allemand Felix Kubin.<\/p>\n<p style=\"text-align: justify;\">En parall\u00e8le, elle pr\u00e9pare deux r\u00e9trospectives pour 2019, la premi\u00e8re pour le Festival d\u2019Automne au\u00a0Jeu de Paume (www.jeudepaume.org) et la seconde pour la Cin\u00e9math\u00e8que d\u2019Ath\u00e8nes; ainsi que deux\u00a0expositions, une \u00e0 la Fondation Ricard (www.fondation-entreprisericard.com) et l\u2019autre \u00e0 la galerie\u00a0Anne Barrault (www.galerieannebarrault.com) \u00e0 Paris. Depuis deux ans, elle est \u00e9galement\u00a0coordinatrice et professeur de l\u2019atelier 16mm\/ Bolex pour les \u00e9l\u00e8ves de premi\u00e8re ann\u00e9e Cin\u00e9ma \u00e0 la\u00a0HEAD (Haute \u00c9cole d\u2019Art et de Design de Gen\u00e8ve, Suisse <a href=\"http:\/\/www.hesge.ch\/head\/en\/school\/about).\" target=\"_blank\" rel=\"noopener noreferrer\">www.hesge.ch\/head\/en\/school\/about<\/a>.<\/p>\n[\/vc_column_text][\/vc_column][\/vc_row][vc_row][vc_column][vc_column_text]\n<p style=\"text-align: justify;\"><strong><span style=\"color: #666666; font-size: 12pt;\">PERFORMANCE DE FELIX KUBIN<\/span><\/strong><\/p>\n<p style=\"text-align: justify;\"><strong><span style=\"color: #666666; font-size: 12pt;\">\u00e0 l&#8217;issu du film\u00a0<\/span><\/strong><span style=\"font-size: 12pt;\"><span style=\"color: #666666;\">de\u00a0<\/span><a href=\"https:\/\/www.facebook.com\/marielosier?__tn__=KH-R&amp;eid=ARDemi1gNRHJnsWHJZfF3kOHY00epe8OsHQbRjJx0u7M9qxJdqyXkCGvJdT2BihJNq0Uc8gmnvSCWnZU&amp;fref=mentions&amp;__xts__%5B0%5D=68.ARD58nfUctFnia7Bmnq2hETM9cDbRqP1XS6o6uwOA6mRNeAiK_-d6sg8yu2puCWGY2IuhZfrBirKzYmmk68t5WxO_2p8A2C0WVyuaFuw4e8xzoXgvtUZPVkbvqMjLOkK2Z-twrTiJ6yTRykRoLN4Mn4mNoTy2PTzH02Xe_fo6RaYaQqzGwOsEbWN_QU0FlmiycYrV3ODS1lD6plaAQ\"><span style=\"color: #385898;\">Marie Losier<\/span><\/a>\u00a0<\/span><\/p>\n<p>&nbsp;<\/p>\n<p><span style=\"color: #333333;\"><b>Felix Kubin<\/b> est l\u2018un des musiciens \u00e9lectroniques contemporains les plus dynamiques et polyvalents. Apr\u00e8s une enfance \u00e0 l\u2019\u00e8re du <i>Home recording<\/i>, ses principales activit\u00e9s aujourd\u2019hui incluent une pop futuriste, des passages par la radio et des concerts, de la musique \u00e9lectroacoustique, des compositions pour orchestre de chambre et un travail de commissaire d\u2019exposition.<\/span><\/p>\n<p>\u00c0 12 ans, Felix Kubin a commenc\u00e9 \u00e0 composer de la musique \u00e9lectronique \u00e0 4 pistes avec un synth\u00e9tiseur, un orgue, un clavier casio bon march\u00e9 et un ordinateur de batterie. Il \u00e9crivait d\u00e9j\u00e0 ses propres paroles et a commenc\u00e9 \u00e0 se produire en direct dans des festivals Punk et New Wave d\u00e8s ses 14 ans. L\u2019impresario hambourgeois Alfred Hilsberg (fondateur du label Zickzack) a plusieurs fois invit\u00e9 son groupe d\u2019adolescence &#8220;Die Egozentrischen 2\u201c pour jouer dans ses c\u00e9l\u00e8bres festivals.<\/p>\n<p>La musique de Kubin est satur\u00e9e d\u2019enthousiasme pour la pop dissonante, le bruit industriel et la musique d\u2019avant-garde du XXe si\u00e8cle. Au cours des 20 derni\u00e8res ann\u00e9es, il a sorti une large vari\u00e9t\u00e9 d\u2019albums avec diff\u00e9rentes approches conceptuelles et a jou\u00e9 dans plus d\u2019une centaine de festivals de musique \u00e9lectronique tels que Sonar, Transmediale, Mutek, Performa, Wien Modern, Pr\u00e9sences Electroniques et Ars Electronica. En 2010, il fait la couverture du magazine de musique britannique WIRE.<\/p>\n<p>Il a r\u00e9alis\u00e9 sur commande des compositions pour a.o. NDR das neue werk, Maerzmusik, Presences \u00c9lectroniques, l\u2018Internationales Musikfest Hamburg et l\u2018Institut f\u00fcr Medienarch\u00e4ologie. Il a aussi cr\u00e9\u00e9 et anim\u00e9 des \u00e9missions de radio exp\u00e9rimentales comme &#8220;Demo Dandies&#8221; (avec Felix Raeithel), &#8220;Toxic Tunes&#8221; (avec Richard Armbruster \/ NDR) et \u201eMe &amp; My Rhythm Box\u201c, un programme en direct produit pour Savvy Funk \/ dOCUMENTA 14 en 2017.<\/p>\n<p>Mego, Dekorder, Minimal Wave ainsi que son propre label Gagarin Records ont sorti la musique de Felix Kubin.<\/p>\n[\/vc_column_text][\/vc_column][\/vc_row]","protected":false},"excerpt":{"rendered":"<p class=\"qtranxs-available-languages-message qtranxs-available-languages-message-en\">Sorry, this entry is only available in <a href=\"https:\/\/bandits-mages.antrepeaux.net\/fr\/wp-json\/wp\/v2\/posts\/13261\" class=\"qtranxs-available-language-link qtranxs-available-language-link-fr\" title=\"FR\">French<\/a>. For the sake of viewer convenience, the content is shown below in the alternative language. You may click the link to switch the active language.<\/p>\n<p>Projection du film FELIX IN WONDERLAND de\u00a0Marie Losier \u00e0 Bourges le 6 novembre \u00e0 21h00 au Haidouc<\/p>\n","protected":false},"author":1,"featured_media":13076,"comment_status":"closed","ping_status":"closed","sticky":false,"template":"","format":"standard","meta":[],"categories":[55,38],"tags":[],"_links":{"self":[{"href":"https:\/\/bandits-mages.antrepeaux.net\/en\/wp-json\/wp\/v2\/posts\/13261"}],"collection":[{"href":"https:\/\/bandits-mages.antrepeaux.net\/en\/wp-json\/wp\/v2\/posts"}],"about":[{"href":"https:\/\/bandits-mages.antrepeaux.net\/en\/wp-json\/wp\/v2\/types\/post"}],"author":[{"embeddable":true,"href":"https:\/\/bandits-mages.antrepeaux.net\/en\/wp-json\/wp\/v2\/users\/1"}],"replies":[{"embeddable":true,"href":"https:\/\/bandits-mages.antrepeaux.net\/en\/wp-json\/wp\/v2\/comments?post=13261"}],"version-history":[{"count":6,"href":"https:\/\/bandits-mages.antrepeaux.net\/en\/wp-json\/wp\/v2\/posts\/13261\/revisions"}],"predecessor-version":[{"id":13441,"href":"https:\/\/bandits-mages.antrepeaux.net\/en\/wp-json\/wp\/v2\/posts\/13261\/revisions\/13441"}],"wp:featuredmedia":[{"embeddable":true,"href":"https:\/\/bandits-mages.antrepeaux.net\/en\/wp-json\/wp\/v2\/media\/13076"}],"wp:attachment":[{"href":"https:\/\/bandits-mages.antrepeaux.net\/en\/wp-json\/wp\/v2\/media?parent=13261"}],"wp:term":[{"taxonomy":"category","embeddable":true,"href":"https:\/\/bandits-mages.antrepeaux.net\/en\/wp-json\/wp\/v2\/categories?post=13261"},{"taxonomy":"post_tag","embeddable":true,"href":"https:\/\/bandits-mages.antrepeaux.net\/en\/wp-json\/wp\/v2\/tags?post=13261"}],"curies":[{"name":"wp","href":"https:\/\/api.w.org\/{rel}","templated":true}]}}