{"id":13230,"date":"2019-09-18T15:18:43","date_gmt":"2019-09-18T13:18:43","guid":{"rendered":"http:\/\/bandits-mages.antrepeaux.net\/?p=13230"},"modified":"2020-01-07T17:14:01","modified_gmt":"2020-01-07T16:14:01","slug":"perspectivact-rencontres-bandits-mages-2019-programme-pollinactions","status":"publish","type":"post","link":"https:\/\/bandits-mages.antrepeaux.net\/en\/blog\/2019\/09\/18\/perspectivact-rencontres-bandits-mages-2019-programme-pollinactions\/","title":{"rendered":"Rencontres Bandits-Mages 2019 &#8211;  programme pollinACTIONS"},"content":{"rendered":"<p class=\"qtranxs-available-languages-message qtranxs-available-languages-message-en\">Sorry, this entry is only available in <a href=\"https:\/\/bandits-mages.antrepeaux.net\/fr\/wp-json\/wp\/v2\/posts\/13230\" class=\"qtranxs-available-language-link qtranxs-available-language-link-fr\" title=\"FR\">French<\/a>. For the sake of viewer convenience, the content is shown below in the alternative language. You may click the link to switch the active language.<\/p>[vc_row][vc_column][vc_column_text]\n<p style=\"text-align: justify;\">[\/vc_column_text][\/vc_column][\/vc_row][vc_row][vc_column][vc_column_text]\n<p style=\"text-align: justify;\"><span style=\"font-weight: 400; font-size: 12pt;\">Dans le cadre de\u00a0<strong>Perspectiv\u2019Act<\/strong>, \u00e9v\u00e8nement labellis\u00e9\u00a0<strong>500 ans de Renaissance(s) en R\u00e9gion Centre-Val de Loire.<\/strong><\/span><\/p>\n<p style=\"text-align: justify;\"><strong><span style=\"font-size: 12pt;\">du 12 novembre au 8 d\u00e9cembre 2019 retrouvez le programme <b>pollinACTIONS<\/b><\/span><\/strong><\/p>\n<p style=\"text-align: justify;\">\u00a0<\/p>\n<p><span style=\"font-weight: 400;\"><a href=\"https:\/\/perspectivact.org\" target=\"_blank\" rel=\"noopener noreferrer\">perspectivact.org\u00a0<\/a><\/span><\/p>\n<p>&nbsp;<\/p>\n<h3>EXPOSITION pollinACTIONS Du 21 novembre au 8 d\u00e9cembre<\/h3>\n<p><strong>\u2014 Ch\u00e2teau d\u2019eau &#8211; Ch\u00e2teau d\u2019Art<\/strong><\/p>\n<p><strong>pollinACTIONS &#8211; Vernissage<\/strong> le jeudi 21 novembre \u00e0 12h, heure d\u2019activit\u00e9\u00a0des abeilles la plus importante de la journ\u00e9e.<\/p>\n<p><span style=\"color: #1c1e21;\">\u0152uvre collective sous le pilotage-tissage de <strong>Pierre Grang\u00e9-Praderas, Constanza Pi\u00f1a<\/strong> (Chili) et <strong>Caro Novella<\/strong> (Espagne-USA).<\/span><span style=\"color: #333333;\"><br \/>\n<\/span><span style=\"color: #1c1e21;\">Sc\u00e9nographie con\u00e7ue par <strong>Delphine Charnac\u00e9, Tifenn Taillandier<\/strong> et <strong>Gabriel Violleau<\/strong>, tous trois architectes et <strong>Laura M\u00e9vel<\/strong>, sc\u00e9nographe<\/span><\/p>\n<p><strong>Ouvert du mardi au dimanche de 15h \u00e0 19h.<\/strong><\/p>\n<p>-&gt; Visites accompagn\u00e9es sur inscriptions : <a href=\"mailto:mediation@bandits-mages.com\">mediation@bandits-mages.com<\/a><\/p>\n<h4><span style=\"font-size: 12pt;\">HALL NOIR &#8211; ATELIERS &amp; WORKSHOPS<br \/>\n<\/span><strong>Du 12 au 20 novembre \u2014 Ch\u00e2teau d\u2019eau &#8211; Ch\u00e2teau d\u2019Art<\/strong><\/h4>\n<p>\u203a <strong>OpenBeeLab<\/strong>, atelier d\u2019exp\u00e9rimentation entre les abeilles partenaires,\u00a0l\u2019\u00e9lectronique et les r\u00e9seaux num\u00e9riques, avec <strong>Pierre Grang\u00e9-Praderas<\/strong>. \u00a0En partenariat avec l\u2019I.U.T de Bourges.<br \/>\n<strong>Du 12 au 20 novembre \u2014 Ch\u00e2teau d\u2019eau &#8211; Ch\u00e2teau d\u2019Art<\/strong><\/p>\n<p>\u203a <strong>Cosense<\/strong>, un laboratoire de tissage multi-esp\u00e8ces poly-intimes, \u00a0avec <strong>Constanza Pi\u00f1a<\/strong> et <strong>Carolina Novella<\/strong>.<\/p>\n<p><strong>Du 18 au 22 novembre \u2014 Ha\u00efdouc | Antre Peaux<\/strong><\/p>\n<p>\u203a <strong>Terrain pratique de la carte des Anthropo-c\u00e8nes.<\/strong>\u00a0S\u2019emparer de la cartographie pour la traduire dans son propre imaginaire\u00a0esth\u00e9tique : les exercices d\u2019imaginations, avec <strong>Cl\u00e9mence Hall\u00e9<\/strong>, <strong>Anne-Sophie\u00a0Millon<\/strong> et <strong>Ewen Chardronnet<\/strong>.<\/p>\n<p><strong>Du 23 au 24 novembre \u2014 Houloc\u00e8ne | Antre Peaux<\/strong><\/p>\n<p>\u203a <strong>Laboratoire de performances environnementales<\/strong>, avec<strong> Aurore Morillon<\/strong>\u00a0et <strong>R\u00e9mi Voche<\/strong>.<\/p>\n<h3>\u00a0<\/h3>\n<h3>RENCONTRES ET PROJECTIONS<\/h3>\n<p><strong>Du 19 au 21 novembre chaque jour \u00e0 19h11 \u2014 Ha\u00efdouc | Antre Peaux<\/strong><\/p>\n<p>\u203a <strong>Le\u00e7ons publiques<\/strong>, film\u00e9es et retransmises en direct, donn\u00e9es par <strong>Ewen\u00a0Chardronnet<\/strong> et <strong>Cl\u00e9mence Hall\u00e9<\/strong> autour de l\u2019\u00e9mergence de l\u2019hypoth\u00e8se\u00a0d\u2019Anthropoc\u00e8ne et tous les noms de -c\u00e8nes qui lui sont associ\u00e9es.<\/p>\n<p><strong>Vendredi 22 novembre <br \/>\n20h33 \u2014 Nadir I Antre Peaux<\/strong><\/p>\n<p>\u203a <strong>Soir\u00e9e \u00ab D\u00e9sid\u00e9ration \u00bb<\/strong> &#8211; par <strong>SMITH<\/strong> et la <strong>Cellule COSMIEL<\/strong>,\u00a0avec l\u2019astrophysicien <strong>Jean-Philippe Uzan<\/strong>, l\u2019\u00e9crivain Lucien Raphmaj et\u00a0leurs invit\u00e9.e.s.<\/p>\n<p><strong>Samedi 23 novembre<br \/>\n<\/strong><strong>18h \u2014 Nadir I Antre Peaux<\/strong><\/p>\n<p>\u203a <strong>Rencontre<\/strong> avec <strong>Luce Moreau<\/strong> \u00e0 propos de <em>Les Palais<\/em>, un projet de longue\u00a0dur\u00e9e sur l\u2019apiculture.<\/p>\n<p><strong>19h30 \u2014 Nadir I Antre Peaux<\/strong><\/p>\n<p><strong>\u203a S\u00e9ances cin\u00e9ma :<\/strong><\/p>\n<p>&#8211; <strong>La Pieuvre<\/strong> (1927) de <strong>Jean Panlev\u00e9<\/strong>, 12 min<\/p>\n<p>&#8211; <strong>Yantra<\/strong> (1950-1957) de <strong>James Withney<\/strong>, 8 min<\/p>\n<p>&#8211; <strong>Origin Of Species<\/strong> (2008) de <strong>Ben Rivers<\/strong>, 16 min<\/p>\n<p>&#8211; <strong>Aus dem Algen<\/strong> (1986) de <strong>Schlelzdahin<\/strong>, 10 min<\/p>\n<p>&#8211; <strong>Untitled<\/strong> (Human Mask) (2014) de <strong>Pierre Huyghe<\/strong>, 19 min ( Sous r\u00e9serve)<\/p>\n<p><strong>21h30 \u2014 Nadir I Antre Peaux<\/strong><\/p>\n<p><strong>\u203a S\u00e9ance cin\u00e9ma :<\/strong><\/p>\n<p>&#8211; <strong>The End Of Time<\/strong> (2012) de <strong>Peter Mettler<\/strong>, 1 h 49 min<\/p>\n<p style=\"text-align: justify;\"><strong>Radio<\/strong> \u00e0 \u00e9couter sur <a href=\"http:\/\/www.raadiocaargo.com\" target=\"_blank\" rel=\"noopener noreferrer\">www.raadiocaargo.com<\/a> du 18.11 au 21.11 en \u00e9coute,\u00a0<strong>STORYC\u0394RING<\/strong>, une proposition artistique de jeu d\u2019improvisation narrative et\u00a0sonore imagin\u00e9e par <strong>Crys Aslanian, Diane Grenier, Aur\u00e9lia Nardini<\/strong> et <strong>Marie\u00a0Thiberge<\/strong> lors d\u2019une r\u00e9sidence \u00e0 DUUU Radio &#8211; La Villette, Paris &#8211; en ao\u00fbt 2019.<\/p>\n<p style=\"text-align: justify;\">Le Ha\u00efdouc sera habit\u00e9 de robots v\u00e9hicules vid\u00e9os explorateurs r\u00e9alis\u00e9 par\u00a0les \u00e9tudiant.e.s du m\u00e9dialab de l\u2019\u00c9cole Sup\u00e9rieure Europ\u00e9enne de l\u2019Image\u00a0d\u2019Angoul\u00eame au cours de l\u2019ann\u00e9e 2019 en collaboration avec le FABLAB\u00a0CO@bBIT de l\u2019I.U.T de l\u2019universit\u00e9 de BORDEAUX, Fabrice Cotinat (artiste\u00a0vid\u00e9aste) et C\u00e9dric Massart (d\u00e9veloppeur multim\u00e9dia).<\/p>\n<p style=\"text-align: justify;\">\u00a0<\/p>\n[\/vc_column_text][\/vc_column][\/vc_row]","protected":false},"excerpt":{"rendered":"<p class=\"qtranxs-available-languages-message qtranxs-available-languages-message-en\">Sorry, this entry is only available in <a href=\"https:\/\/bandits-mages.antrepeaux.net\/fr\/wp-json\/wp\/v2\/posts\/13230\" class=\"qtranxs-available-language-link qtranxs-available-language-link-fr\" title=\"FR\">French<\/a>. For the sake of viewer convenience, the content is shown below in the alternative language. You may click the link to switch the active language.<\/p>\n<p>Rencontres Bandits-Mages 2019, dans le cadre de\u00a0Perspectiv\u2019Act, \u00e9v\u00e8nement labellis\u00e9\u00a0500 ans de Renaissance(s) en R\u00e9gion Centre-Val de Loire, du 12 novembre au 8 d\u00e9cembre 2019 pollinACTIONS \/ pollinisation des savoirs et techniques. D\u00e9couvrez le programme<\/p>\n","protected":false},"author":1,"featured_media":13246,"comment_status":"closed","ping_status":"closed","sticky":false,"template":"","format":"standard","meta":[],"categories":[40,59,43],"tags":[],"_links":{"self":[{"href":"https:\/\/bandits-mages.antrepeaux.net\/en\/wp-json\/wp\/v2\/posts\/13230"}],"collection":[{"href":"https:\/\/bandits-mages.antrepeaux.net\/en\/wp-json\/wp\/v2\/posts"}],"about":[{"href":"https:\/\/bandits-mages.antrepeaux.net\/en\/wp-json\/wp\/v2\/types\/post"}],"author":[{"embeddable":true,"href":"https:\/\/bandits-mages.antrepeaux.net\/en\/wp-json\/wp\/v2\/users\/1"}],"replies":[{"embeddable":true,"href":"https:\/\/bandits-mages.antrepeaux.net\/en\/wp-json\/wp\/v2\/comments?post=13230"}],"version-history":[{"count":19,"href":"https:\/\/bandits-mages.antrepeaux.net\/en\/wp-json\/wp\/v2\/posts\/13230\/revisions"}],"predecessor-version":[{"id":13493,"href":"https:\/\/bandits-mages.antrepeaux.net\/en\/wp-json\/wp\/v2\/posts\/13230\/revisions\/13493"}],"wp:featuredmedia":[{"embeddable":true,"href":"https:\/\/bandits-mages.antrepeaux.net\/en\/wp-json\/wp\/v2\/media\/13246"}],"wp:attachment":[{"href":"https:\/\/bandits-mages.antrepeaux.net\/en\/wp-json\/wp\/v2\/media?parent=13230"}],"wp:term":[{"taxonomy":"category","embeddable":true,"href":"https:\/\/bandits-mages.antrepeaux.net\/en\/wp-json\/wp\/v2\/categories?post=13230"},{"taxonomy":"post_tag","embeddable":true,"href":"https:\/\/bandits-mages.antrepeaux.net\/en\/wp-json\/wp\/v2\/tags?post=13230"}],"curies":[{"name":"wp","href":"https:\/\/api.w.org\/{rel}","templated":true}]}}