{"id":13004,"date":"2019-06-11T11:35:37","date_gmt":"2019-06-11T09:35:37","guid":{"rendered":"http:\/\/bandits-mages.antrepeaux.net\/?p=13004"},"modified":"2019-06-14T11:09:28","modified_gmt":"2019-06-14T09:09:28","slug":"images-voix-du-sud-souffles-tropicaux","status":"publish","type":"post","link":"https:\/\/bandits-mages.antrepeaux.net\/en\/blog\/2019\/06\/11\/images-voix-du-sud-souffles-tropicaux\/","title":{"rendered":"IMAGES &#038; VOIX DU SUD : SOUFFLES TROPICAUX"},"content":{"rendered":"<p class=\"qtranxs-available-languages-message qtranxs-available-languages-message-en\">Sorry, this entry is only available in <a href=\"https:\/\/bandits-mages.antrepeaux.net\/fr\/wp-json\/wp\/v2\/posts\/13004\" class=\"qtranxs-available-language-link qtranxs-available-language-link-fr\" title=\"FR\">French<\/a>. For the sake of viewer convenience, the content is shown below in the alternative language. You may click the link to switch the active language.<\/p>[vc_row][vc_column][vc_column_text]\n<p style=\"text-align: justify;\"><span style=\"font-size: 12pt;\"><strong>Bandits-Mages <\/strong>vous invite \u00e0 une performance et deux documentaires, du cycle de cin\u00e9ma <strong>IMAGES &amp; VOIX DU SUD,<\/strong>\u00a0programm\u00e9es, compos\u00e9es et pr\u00e9sent\u00e9es par <strong>Olivier Hadouchi<\/strong>, chercheur &amp; programmateur\u00a0ind\u00e9pendant, docteur en \u00e9tudes cin\u00e9matographiques.<\/span><\/p>\n<p style=\"text-align: justify;\"><span style=\"font-size: 12pt;\"><em>&#8220;Pour mieux chanter et documenter le monde avec de l&#8217;audace, de l&#8217;expressivit\u00e9 et de l&#8217;inventivit\u00e9.&#8221;<\/em><\/span><\/p>\n<p style=\"text-align: justify;\"><strong><span style=\"font-size: 12pt;\">Jeudi 20 juin \u00e0 partir de 20h30<\/span><\/strong><\/p>\n<p style=\"text-align: justify;\"><b>Ha\u00efdouc &#8211; Bandits-Mages\u00a0<\/b><b><\/b>Antre Peaux \/ \u00a024-26 route de la chapelle\u00a018000 Bourges<\/p>\n<p style=\"text-align: justify;\"><strong>Tarif<\/strong>\u00a0: Libre participation<\/p>\n<h4 style=\"text-align: justify;\">Au programme\u00a0<\/h4>\n<p style=\"text-align: justify;\"><strong><i>PERFORMANCE DE PICT-DUB-POETRY \u00ab SOLITUDES MARTINIQUE \u00bb\u00a0<\/i>V\u00e9ronique Kanor<\/strong><\/p>\n<div class=\"page\" style=\"text-align: justify;\" title=\"Page 2\">\n<div class=\"section\">\n<div class=\"layoutArea\">\n<div class=\"column\">\n<p><i>\u00abSolitudes Martinique est une performance de pict-dub-poetry, une exp\u00e9rience martiniquaise de po\u00e9sie sociale et visuelle. Sur sc\u00e8ne, une femme au c\u0153ur en vrac fait son retour au pays pr\u00e9natal pour gu\u00e9rir d\u2019un limb\u00e9. Face \u00e0 elle, 2 \u00e9crans sur lesquels se jettent une \u00eele aux humeurs mouvantes, une terre empoisonn\u00e9e sur laquelle poussent des ali\u00e9nations en pagaille. Chagrin d\u2019amour et chagrin d\u2019\u00eele s\u2019enroulent en une longue balade. A force de marcher, arrive-t-on \u00e0 \u00e9garer la tristesse ? A force de crever le ciel, peut-on faire pleuvoir un r\u00eave, un sourire d\u2019homme, un Nouveau Monde ? A force de se frotter les uns aux autres, finit-on par ne faire qu\u2019un ? Et \u00e0 force de r\u00e9sister, par exister ?\u00bb\u00a0<\/i>(V\u00e9ronique Kanor)<\/p>\n<\/div>\n<\/div>\n<\/div>\n<\/div>\n<div class=\"page\" style=\"text-align: justify;\" title=\"Page 2\">\n<div class=\"section\">\n<div class=\"layoutArea\">\n<div class=\"column\"><span style=\"color: #333333;\">En pr\u00e9sence <\/span><strong>V\u00e9ronique Kanor<\/p>\n<p><\/strong><\/div>\n<\/div>\n<\/div>\n<\/div>\n<div class=\"page\" style=\"text-align: justify;\" title=\"Page 2\">\n<div class=\"section\">\n<div class=\"layoutArea\">\n<div class=\"column\">\n<p><strong><i>L\u00c9ON-GONTRAN DAMAS <\/i>Sarah Maldoror \u00a0France, 1995, 26\u2019<\/strong><\/p>\n<p>L\u00e9on G. Damas, po\u00e8te de la Guyane, ambassadeur de la culture noire aux Etats-Unis, ne figure pas dans le Petit Larousse. C\u2019est pourquoi la r\u00e9alisatrice de la Guadeloupe, Sarah Maldoror, lui consacre un documentaire.<\/p>\n<p><strong><i>AIM\u00c9 C\u00c9SAIRE, UN HOMME \u00a0ET UNE TERRE \u00a0<\/i>Sarah Maldoror \u00a0France, 1976, 55\u2019<\/strong><\/p>\n<p>La cin\u00e9aste Sarah Maldoror a toujours accord\u00e9 une grande importance \u00e0 la po\u00e9sie et aux autres arts (peinture, th\u00e9\u00e2tre) dans ses films car pour elle, la culture permet de r\u00e9sister, de lutter contre les diverses formes d\u2019oppression. \u00c0 travers ces deux films, elle rend hommage au po\u00e8te guyanais L\u00e9on-Gontran Damas (auteur notamment des recueils Pigments et Black-Label) et \u00e0 Aim\u00e9 C\u00e9saire, qui fut po\u00e8te et maire de Fort-de-France (Martinique) durant de nombreuses ann\u00e9es. La po\u00e9sie de ces deux auteurs, engag\u00e9s dans divers combats de leur temps, \u00e9tait sensible aux soubresauts de l\u2019Histoire et du monde contemporain.<\/p>\n<\/div>\n<\/div>\n<\/div>\n<\/div>\n<p>&nbsp;<\/p>\n<div class=\"page\" style=\"text-align: justify;\" title=\"Page 2\">\n<div class=\"layoutArea\">\n<div class=\"column\"><strong>Besoin d&#8217;information Contacts\u00a0<\/strong>\u00a002 48 50 42 47<\/div>\n<div>\u00a0<\/div>\n<\/div>\n<\/div>\n<p style=\"text-align: justify;\">L\u2019ensemble du programme est consultable <a href=\"http:\/\/bandits-mages.antrepeaux.net\/wp-content\/uploads\/2019\/01\/programme-voixdusud-final-recto-Web.pdf\">ici<\/a><\/p>\n<p>&nbsp;<\/p>\n[\/vc_column_text][\/vc_column][\/vc_row]","protected":false},"excerpt":{"rendered":"<p class=\"qtranxs-available-languages-message qtranxs-available-languages-message-en\">Sorry, this entry is only available in <a href=\"https:\/\/bandits-mages.antrepeaux.net\/fr\/wp-json\/wp\/v2\/posts\/13004\" class=\"qtranxs-available-language-link qtranxs-available-language-link-fr\" title=\"FR\">French<\/a>. For the sake of viewer convenience, the content is shown below in the alternative language. You may click the link to switch the active language.<\/p>\n<p>Bandits-Mages vous invite \u00e0\u00a0sept s\u00e9ances de cin\u00e9ma IMAGES &#038; VOIX DU SUD,\u00a0programm\u00e9es, compos\u00e9es et pr\u00e9sent\u00e9es par Olivier Hadouchi, chercheur &#038; programmateur\u00a0ind\u00e9pendant, docteur en \u00e9tudes cin\u00e9matographiques.&#8221;Pour mieux chanter et documenter le monde avec de l&#8217;audace, de l&#8217;expressivit\u00e9 et de l&#8217;inventivit\u00e9.&#8221;<\/p>\n","protected":false},"author":1,"featured_media":13005,"comment_status":"closed","ping_status":"closed","sticky":false,"template":"","format":"standard","meta":[],"categories":[37,55,40],"tags":[],"_links":{"self":[{"href":"https:\/\/bandits-mages.antrepeaux.net\/en\/wp-json\/wp\/v2\/posts\/13004"}],"collection":[{"href":"https:\/\/bandits-mages.antrepeaux.net\/en\/wp-json\/wp\/v2\/posts"}],"about":[{"href":"https:\/\/bandits-mages.antrepeaux.net\/en\/wp-json\/wp\/v2\/types\/post"}],"author":[{"embeddable":true,"href":"https:\/\/bandits-mages.antrepeaux.net\/en\/wp-json\/wp\/v2\/users\/1"}],"replies":[{"embeddable":true,"href":"https:\/\/bandits-mages.antrepeaux.net\/en\/wp-json\/wp\/v2\/comments?post=13004"}],"version-history":[{"count":4,"href":"https:\/\/bandits-mages.antrepeaux.net\/en\/wp-json\/wp\/v2\/posts\/13004\/revisions"}],"predecessor-version":[{"id":13010,"href":"https:\/\/bandits-mages.antrepeaux.net\/en\/wp-json\/wp\/v2\/posts\/13004\/revisions\/13010"}],"wp:featuredmedia":[{"embeddable":true,"href":"https:\/\/bandits-mages.antrepeaux.net\/en\/wp-json\/wp\/v2\/media\/13005"}],"wp:attachment":[{"href":"https:\/\/bandits-mages.antrepeaux.net\/en\/wp-json\/wp\/v2\/media?parent=13004"}],"wp:term":[{"taxonomy":"category","embeddable":true,"href":"https:\/\/bandits-mages.antrepeaux.net\/en\/wp-json\/wp\/v2\/categories?post=13004"},{"taxonomy":"post_tag","embeddable":true,"href":"https:\/\/bandits-mages.antrepeaux.net\/en\/wp-json\/wp\/v2\/tags?post=13004"}],"curies":[{"name":"wp","href":"https:\/\/api.w.org\/{rel}","templated":true}]}}