{"id":12964,"date":"2019-05-21T16:44:17","date_gmt":"2019-05-21T14:44:17","guid":{"rendered":"http:\/\/bandits-mages.antrepeaux.net\/?p=12964"},"modified":"2019-06-05T14:58:14","modified_gmt":"2019-06-05T12:58:14","slug":"documents-visuels-narration-sonore-augmentee-le-8-et-9-juin-et-projection-live-du-cine-concert-le-20-juin","status":"publish","type":"post","link":"https:\/\/bandits-mages.antrepeaux.net\/en\/blog\/2019\/05\/21\/documents-visuels-narration-sonore-augmentee-le-8-et-9-juin-et-projection-live-du-cine-concert-le-20-juin\/","title":{"rendered":"Documents visuels \u2013 Narration sonore augment\u00e9e le 8 et 9 juin et Projection live du cin\u00e9-concert le 20 juin"},"content":{"rendered":"<p class=\"qtranxs-available-languages-message qtranxs-available-languages-message-en\">Sorry, this entry is only available in <a href=\"https:\/\/bandits-mages.antrepeaux.net\/fr\/wp-json\/wp\/v2\/posts\/12964\" class=\"qtranxs-available-language-link qtranxs-available-language-link-fr\" title=\"FR\">French<\/a>. For the sake of viewer convenience, the content is shown below in the alternative language. You may click the link to switch the active language.<\/p>[vc_row][vc_column][vc_column_text]\n<p style=\"text-align: justify;\"><span style=\"font-size: 12pt;\">Deux projets se rencontrent, l&#8217;un sonore, l&#8217;autre visuel, pour cr\u00e9er un cin\u00e9-concert exp\u00e9rimental, produit du d\u00e9but \u00e0 la fin par les 5e du coll\u00e8ge du Grand Meaulnes et la classe pr\u00e9paratoire artistique du Lyc\u00e9e Alain-Fournier.<\/span><\/p>\n<p style=\"text-align: justify;\"><span style=\"font-size: 12pt;\">Deux artistes intervenants, <a href=\"https:\/\/quentinaurat.com\/\" target=\"_blank\" rel=\"noopener noreferrer\"><strong>Quentin Aurat<\/strong><\/a> (artiste sonore) et <a href=\"http:\/\/doriandegoutte.fr\/\" target=\"_blank\" rel=\"noopener noreferrer\"><strong>Dorian Degoutte<\/strong><\/a> (artiste cin\u00e9aste), ont guid\u00e9 les \u00e9l\u00e8ves dans ce projet hybride, soutenu par les deux structures culturelles de l&#8217;Antre-Peaux, <strong>Bandits-Mages et Emmetrop<\/strong>.<\/span><\/p>\n<p style=\"text-align: justify;\"><span style=\"font-size: 12pt;\">Un projet \u00ab L\u00e9z&#8217;arts \u00f4 coll\u00e8ge \u00bb, dispositif initi\u00e9 par le Conseil d\u00e9partemental du Cher. <\/span><br \/>\n<span style=\"font-size: 12pt;\">Chantier artistique r\u00e9alis\u00e9 dans le cadre des Futurs de l\u2019Ecrit 2018\/2019, un projet initi\u00e9 par l\u2019Abbaye de Noirlac \u2013 Centre culturel de rencontre.<\/span><\/p>\n[\/vc_column_text][\/vc_column][\/vc_row][vc_row][vc_column width=&#8221;2\/3&#8243;][vc_column_text]\n<p>En avant-premi\u00e8re lors des <strong>Futurs de l\u2019\u00e9crit<\/strong> \u00e0 <strong>l\u2019Abbaye de Noirlac (18200 Bru\u00e8re-Allichamps) :<\/strong><\/p>\n<p><strong>Samedi 8 juin<\/strong><\/p>\n<p><strong>15h00\u00a0<\/strong>au Dortoir des convers &#8211;\u00a0<em>Documents visuels \u2013 Narration sonore\u00a0augment\u00e9e<\/em><\/p>\n<p><strong>20h00\u00a0<\/strong>\u00e0 la Sacristie \u2013 film de <strong>Dorian Degoutte<\/strong><\/p>\n<p>&nbsp;<\/p>\n<p><strong>Dimanche 9 juin\u00a0: <\/strong><\/p>\n<p><strong>15h30\u00a0<\/strong>\u00e0 la Sacristie \u2013 film de <strong>Dorian Degoutte<\/strong><\/p>\n<p><strong>16h30\u00a0<\/strong>au Dortoir des convers \u2013 <em>Documents visuels \u2013 Narration sonore augment\u00e9e<\/em><\/p>\n<p><strong>17h30\u00a0<\/strong>au Dortoir des convers \u2013 performance de <strong>Quentin Aurat<\/strong><\/p>\n<p>&nbsp;<\/p>\n<p><span style=\"color: #333333;\">Prix d&#8217;entr\u00e9e est de 5\u20ac (billet valable tout le week-end ) et gratuit pour les moins de 12 ans.<\/span><\/p>\n<p>&nbsp;<\/p>\n<p><strong>Les Futurs de l\u2019\u00e9crit\u00a0: <\/strong><\/p>\n<p>Manifestation pluridisciplinaire et insolite dans le paysage culturel, Les Futurs de l\u2019Ecrit tissent du lien entre bocage, vignes, villes et villages, au plus pr\u00e8s des habitants, contribuant ainsi \u00e0 la vitalit\u00e9 du territoire, \u00e0 sa mise en \u00e9bullition le temps d\u2019une saison. Programmation samedi et dimanche entre 14h et 23h<\/p>\n<p>Renseignements :\u00a0<a href=\"https:\/\/www.abbayedenoirlac.fr\/lagenda\/futurs-de-lecrit\/\" target=\"_blank\" rel=\"noopener noreferrer\" data-saferedirecturl=\"https:\/\/www.google.com\/url?q=https:\/\/www.abbayedenoirlac.fr\/lagenda\/futurs-de-lecrit\/&amp;source=gmail&amp;ust=1557837235444000&amp;usg=AFQjCNG7KiM6Q3OZid7PZ77z_oYmJhmZWA\">https:\/\/www.abbayedenoirlac.<wbr \/>fr\/lagenda\/futurs-de-lecrit\/<\/a><\/p>\n<p>&nbsp;<\/p>\n[\/vc_column_text][\/vc_column][vc_column width=&#8221;1\/3&#8243;][vc_single_image image=&#8221;12968&#8243; img_size=&#8221;full&#8221;][\/vc_column][\/vc_row][vc_row][vc_column width=&#8221;1\/2&#8243;][vc_column_text]\n<p><strong>Projection live du cin\u00e9-concert le jeudi 20 juin \u00e0 18h \u00e0 la salle des f\u00eates Chancellerie, rue Louise-Michel \u00e0 Bourges<\/strong><br \/>\n<strong>Accompagn\u00e9e d\u2019une exposition des carnets, notes, travaux des \u00e9l\u00e8ves.<\/strong><\/p>\n<p>En partenariat avec Emmetrop, l&#8217;Abbaye de Noirlac, le Coll\u00e8ge du Grand Meaulnes, la CPES-CAAP du Lyc\u00e9e Alain-Fournier, le Conseil D\u00e9partemental du Cher, la DSDEN.<\/p>\n<p>&nbsp;<\/p>\n<div class=\"page\" style=\"text-align: justify;\" title=\"Page 2\">\n<div class=\"layoutArea\">\n<div><strong style=\"text-align: justify;\">Besoin d&#8217;information Contacts\u00a0<\/strong><span style=\"text-align: justify;\">\u00a002 48 50 42 47<\/span><\/div>\n<\/div>\n<\/div>\n[\/vc_column_text][\/vc_column][vc_column width=&#8221;1\/2&#8243;][vc_column_text]<iframe src=\"https:\/\/www.youtube.com\/embed\/iV74vd1M8oI\" width=\"560\" height=\"315\" frameborder=\"0\" allowfullscreen=\"allowfullscreen\"><\/iframe>[\/vc_column_text][\/vc_column][\/vc_row][vc_row][vc_column][\/vc_column][\/vc_row]","protected":false},"excerpt":{"rendered":"<p class=\"qtranxs-available-languages-message qtranxs-available-languages-message-en\">Sorry, this entry is only available in <a href=\"https:\/\/bandits-mages.antrepeaux.net\/fr\/wp-json\/wp\/v2\/posts\/12964\" class=\"qtranxs-available-language-link qtranxs-available-language-link-fr\" title=\"FR\">French<\/a>. For the sake of viewer convenience, the content is shown below in the alternative language. You may click the link to switch the active language.<\/p>\n<p>Documents visuels \u2013 Narration sonore augment\u00e9e. Deux projets se rencontrent, l&#8217;un sonore, l&#8217;autre visuel, pour cr\u00e9er un cin\u00e9-concert exp\u00e9rimental, produit du d\u00e9but \u00e0 la fin par les 5e du coll\u00e8ge du Grand Meaulnes et la classe pr\u00e9paratoire artistique du Lyc\u00e9e Alain-Fournier.<\/p>\n","protected":false},"author":1,"featured_media":12969,"comment_status":"closed","ping_status":"closed","sticky":false,"template":"","format":"standard","meta":[],"categories":[38,42],"tags":[],"_links":{"self":[{"href":"https:\/\/bandits-mages.antrepeaux.net\/en\/wp-json\/wp\/v2\/posts\/12964"}],"collection":[{"href":"https:\/\/bandits-mages.antrepeaux.net\/en\/wp-json\/wp\/v2\/posts"}],"about":[{"href":"https:\/\/bandits-mages.antrepeaux.net\/en\/wp-json\/wp\/v2\/types\/post"}],"author":[{"embeddable":true,"href":"https:\/\/bandits-mages.antrepeaux.net\/en\/wp-json\/wp\/v2\/users\/1"}],"replies":[{"embeddable":true,"href":"https:\/\/bandits-mages.antrepeaux.net\/en\/wp-json\/wp\/v2\/comments?post=12964"}],"version-history":[{"count":7,"href":"https:\/\/bandits-mages.antrepeaux.net\/en\/wp-json\/wp\/v2\/posts\/12964\/revisions"}],"predecessor-version":[{"id":12991,"href":"https:\/\/bandits-mages.antrepeaux.net\/en\/wp-json\/wp\/v2\/posts\/12964\/revisions\/12991"}],"wp:featuredmedia":[{"embeddable":true,"href":"https:\/\/bandits-mages.antrepeaux.net\/en\/wp-json\/wp\/v2\/media\/12969"}],"wp:attachment":[{"href":"https:\/\/bandits-mages.antrepeaux.net\/en\/wp-json\/wp\/v2\/media?parent=12964"}],"wp:term":[{"taxonomy":"category","embeddable":true,"href":"https:\/\/bandits-mages.antrepeaux.net\/en\/wp-json\/wp\/v2\/categories?post=12964"},{"taxonomy":"post_tag","embeddable":true,"href":"https:\/\/bandits-mages.antrepeaux.net\/en\/wp-json\/wp\/v2\/tags?post=12964"}],"curies":[{"name":"wp","href":"https:\/\/api.w.org\/{rel}","templated":true}]}}