{"id":11735,"date":"2019-01-30T18:06:45","date_gmt":"2019-01-30T17:06:45","guid":{"rendered":"http:\/\/bandits-mages.antrepeaux.net\/?p=11735"},"modified":"2019-02-06T12:58:10","modified_gmt":"2019-02-06T11:58:10","slug":"images-voix-du-sud-kateb-yacine-jean-genet-resistances-poetiques-politiques","status":"publish","type":"post","link":"https:\/\/bandits-mages.antrepeaux.net\/en\/blog\/2019\/01\/30\/images-voix-du-sud-kateb-yacine-jean-genet-resistances-poetiques-politiques\/","title":{"rendered":"IMAGES &#038; VOIX DU SUD : KATEB YACINE &#038; JEAN GENET : R\u00c9SISTANCES PO\u00c9TIQUES &#038; POLITIQUES"},"content":{"rendered":"<p class=\"qtranxs-available-languages-message qtranxs-available-languages-message-en\">Sorry, this entry is only available in <a href=\"https:\/\/bandits-mages.antrepeaux.net\/fr\/wp-json\/wp\/v2\/posts\/11735\" class=\"qtranxs-available-language-link qtranxs-available-language-link-fr\" title=\"FR\">French<\/a>. For the sake of viewer convenience, the content is shown below in the alternative language. You may click the link to switch the active language.<\/p>[vc_row][vc_column][vc_column_text]\n<p style=\"text-align: justify;\"><span style=\"font-size: 12pt;\"><strong>Bandits-Mages <\/strong>vous invite \u00e0\u00a0sept s\u00e9ances de cin\u00e9ma <strong>IMAGES &amp; VOIX DU SUD,<\/strong>\u00a0programm\u00e9es, compos\u00e9es et pr\u00e9sent\u00e9es par <strong>Olivier Hadouchi<\/strong>, chercheur &amp; programmateur\u00a0ind\u00e9pendant, docteur en \u00e9tudes cin\u00e9matographiques.<\/span><\/p>\n<p style=\"text-align: justify;\"><span style=\"font-size: 12pt;\"><em>&#8220;Pour mieux chanter et documenter le monde avec de l&#8217;audace, de l&#8217;expressivit\u00e9 et de l&#8217;inventivit\u00e9.&#8221;<\/em><\/span><\/p>\n<p style=\"text-align: justify;\"><strong><span style=\"font-size: 12pt;\">jeudi 21 f\u00e9vrier \u00e0 partir de 19h00<\/span><\/strong><\/p>\n<p style=\"text-align: justify;\"><b>Ha\u00efdouc &#8211; Bandits-Mages\u00a0<\/b><b><\/b>Antre Peaux \/ \u00a024-26 route de la chapelle\u00a018000 Bourges<\/p>\n<p style=\"text-align: justify;\"><strong>Tarif<\/strong>\u00a0: Libre participation<\/p>\n<h4 style=\"text-align: justify;\"><b>19H00 <\/b><b>\u00b7 <\/b><b>1\u00c8RE S\u00c9ANCE<span class=\"Apple-converted-space\">\u00a0<\/span><\/b><\/h4>\n<p style=\"text-align: justify;\"><span style=\"font-size: 12pt;\"><strong><em>Kateb Yacine Po\u00e8te en trois langues,\u00a0<\/em>de St\u00e9phane Gatti, France, 2001, 55 mn<\/strong><\/span><br \/>\nEn pr\u00e9sence de St\u00e9phane Gatti (sous r\u00e9serve)<\/p>\n<p style=\"text-align: justify;\"><em>\u00ab Le\u00a0vrai po\u00e8te, m\u00eame dans un courant progressiste, doit manifester ses d\u00e9saccords. S\u2019il ne s\u2019exprime pas pleinement, il \u00e9touffe. Telle est sa fonction. Il fait sa r\u00e9volution \u00e0 l\u2019int\u00e9rieur de la r\u00e9volution politique\u00a0; il est, au sein de la perturbation, l\u2019\u00e9ternel perturbateur. Son drame, c\u2019est d\u2019\u00eatre mis au service d\u2019une lutte r\u00e9volutionnaire, lui qui ne peut ni ne doit composer avec les apparences d\u2019un jour. Le po\u00e8te, c\u2019est la r\u00e9volution \u00e0 l\u2019\u00e9tat nu, le mouvement m\u00eame de la vie dans une incessante explosion<\/em>.\u00a0\u00bb (Kateb Yacine).<\/p>\n<p style=\"text-align: justify;\">Un \u00e9mouvant portrait de Kateb Yacine par St\u00e9phane Gatti, qui prend le temps de donner la parole au grand dramaturge, po\u00e8te et romancier alg\u00e9rien, ayant gard\u00e9 jusqu&#8217;au bout son regard critique.<\/p>\n<h4 style=\"text-align: justify;\"><span class=\"Apple-converted-space\">\u00a0<\/span><b>21H00 <\/b><b>\u00b7 <\/b><b>2\u00c8ME S\u00c9ANCE<span class=\"Apple-converted-space\">\u00a0<\/span><\/b><\/h4>\n<p style=\"text-align: justify;\"><span style=\"font-size: 12pt;\"><strong><em>Jean Genet, un captif amoureux, portrait d&#8217;un po\u00e8te combattan<\/em>t, de Mich\u00e8le Collery, France, 2016, 1h14 mn<br \/>\n<\/strong><span style=\"font-size: 10pt;\">En pr\u00e9sence de Mich\u00e8le Collery, la r\u00e9alisatrice, et de Marguerite Vappereau (ma\u00eetre de conf\u00e9rences, sp\u00e9cialiste des rapports entre Genet et le cin\u00e9ma)<\/span><strong><br \/>\n<\/strong><\/span><\/p>\n<p style=\"text-align: justify;\"><em>\u00ab<\/em><em>\u00a0Septembre 1982, Jean Genet d\u00e9couvre les massacres des camps palestiniens de Sabra et Chatila. Sous le choc, il r\u00e9dige \u00ab Quatre heures \u00e0 Chatila \u00bb qui le ram\u00e8ne \u00e0 l&#8217;\u00e9criture apr\u00e8s 20 ans de silence litt\u00e9raire. Il poursuit avec \u00ab Un captif amoureux \u00bb, recueil de souvenirs o\u00f9 il \u00e9voque ses combats aupr\u00e8s des Black Panthers et des feddayin. Entrelac\u00e9 d\u2019entretiens, d\u2019extraits de film, d\u2019images d\u2019archives, de lectures, le film retrace ce parcours po\u00e9tique et politique de l\u2019\u00e9crivain, depuis les ann\u00e9es 70 jusqu\u2019\u00e0 sa mort en 1986.\u00a0\u00bb (Mich\u00e8le Collery)<\/em><\/p>\n<div class=\"page\" style=\"text-align: justify;\" title=\"Page 2\">\n<div class=\"layoutArea\">\n<div class=\"column\"><strong>Besoin d&#8217;information Contacts\u00a0<\/strong>\u00a002 48 50 42 47<\/div>\n<div>\u00a0<\/div>\n<\/div>\n<\/div>\n<p style=\"text-align: justify;\">L\u2019ensemble du programme est consultable <a href=\"http:\/\/bandits-mages.antrepeaux.net\/wp-content\/uploads\/2019\/01\/programme-voixdusud-final-recto-Web.pdf\">ici<\/a><\/p>\n<p>&nbsp;<\/p>\n[\/vc_column_text][\/vc_column][\/vc_row]","protected":false},"excerpt":{"rendered":"<p class=\"qtranxs-available-languages-message qtranxs-available-languages-message-en\">Sorry, this entry is only available in <a href=\"https:\/\/bandits-mages.antrepeaux.net\/fr\/wp-json\/wp\/v2\/posts\/11735\" class=\"qtranxs-available-language-link qtranxs-available-language-link-fr\" title=\"FR\">French<\/a>. For the sake of viewer convenience, the content is shown below in the alternative language. You may click the link to switch the active language.<\/p>\n<p>Bandits-Mages vous invite \u00e0\u00a0sept s\u00e9ances de cin\u00e9ma IMAGES &#038; VOIX DU SUD,\u00a0programm\u00e9es, compos\u00e9es et pr\u00e9sent\u00e9es par Olivier Hadouchi, chercheur &#038; programmateur\u00a0ind\u00e9pendant, docteur en \u00e9tudes cin\u00e9matographiques.&#8221;Pour mieux chanter et documenter le monde avec de l&#8217;audace, de l&#8217;expressivit\u00e9 et de l&#8217;inventivit\u00e9.&#8221;<\/p>\n","protected":false},"author":1,"featured_media":11870,"comment_status":"closed","ping_status":"closed","sticky":false,"template":"","format":"standard","meta":[],"categories":[55,38],"tags":[],"_links":{"self":[{"href":"https:\/\/bandits-mages.antrepeaux.net\/en\/wp-json\/wp\/v2\/posts\/11735"}],"collection":[{"href":"https:\/\/bandits-mages.antrepeaux.net\/en\/wp-json\/wp\/v2\/posts"}],"about":[{"href":"https:\/\/bandits-mages.antrepeaux.net\/en\/wp-json\/wp\/v2\/types\/post"}],"author":[{"embeddable":true,"href":"https:\/\/bandits-mages.antrepeaux.net\/en\/wp-json\/wp\/v2\/users\/1"}],"replies":[{"embeddable":true,"href":"https:\/\/bandits-mages.antrepeaux.net\/en\/wp-json\/wp\/v2\/comments?post=11735"}],"version-history":[{"count":10,"href":"https:\/\/bandits-mages.antrepeaux.net\/en\/wp-json\/wp\/v2\/posts\/11735\/revisions"}],"predecessor-version":[{"id":12495,"href":"https:\/\/bandits-mages.antrepeaux.net\/en\/wp-json\/wp\/v2\/posts\/11735\/revisions\/12495"}],"wp:featuredmedia":[{"embeddable":true,"href":"https:\/\/bandits-mages.antrepeaux.net\/en\/wp-json\/wp\/v2\/media\/11870"}],"wp:attachment":[{"href":"https:\/\/bandits-mages.antrepeaux.net\/en\/wp-json\/wp\/v2\/media?parent=11735"}],"wp:term":[{"taxonomy":"category","embeddable":true,"href":"https:\/\/bandits-mages.antrepeaux.net\/en\/wp-json\/wp\/v2\/categories?post=11735"},{"taxonomy":"post_tag","embeddable":true,"href":"https:\/\/bandits-mages.antrepeaux.net\/en\/wp-json\/wp\/v2\/tags?post=11735"}],"curies":[{"name":"wp","href":"https:\/\/api.w.org\/{rel}","templated":true}]}}